{"id":275,"date":"2023-06-10T18:40:50","date_gmt":"2023-06-10T16:40:50","guid":{"rendered":"https:\/\/www.tv2000.it\/agrinet4edu\/?p=275"},"modified":"2023-06-12T13:06:52","modified_gmt":"2023-06-12T11:06:52","slug":"la-biodiversita-nel-parco-nazionale-del-cilento-vallo-di-diano-e-alburni-10-6-23","status":"publish","type":"post","link":"https:\/\/www.tv2000.it\/agrinet4edu\/la-biodiversita-nel-parco-nazionale-del-cilento-vallo-di-diano-e-alburni-10-6-23\/","title":{"rendered":"La biodiversit\u00e0 nel Parco nazionale del Cilento, Vallo di Diano e Alburni"},"content":{"rendered":"<p>Alla fine degli anni \u201980 l\u2019entomologo americano Edward Wilson ha definito la ricchezza di vita sulla terra, fatta dai milioni di piante, animali e microrganismi con il termine biodiversit\u00e0. L\u2019attivit\u00e0 agricola ha un forte legame con la biodiversit\u00e0, ne dipende fortemente e al tempo stesso pu\u00f2 svolgere un ruolo importante nella conservazione di habitat e specie che dipendono dai terreni agricoli. Questo \u00e8 anche uno degli obiettivi chiave dell\u2019agricoltura moderna, proteggerla e salvaguardarla.<\/p>\n<div class=\"fluid-embed-container\"><iframe title=\"Agrinet4edu, 10.06.2023 - La biodiversit\u00e0 nel Parco nazionale del Cilento, Vallo di Diano e Alburni\" width=\"640\" height=\"360\" src=\"https:\/\/www.youtube.com\/embed\/NrMh8y-nAGU?feature=oembed\" frameborder=\"0\" allow=\"accelerometer; autoplay; clipboard-write; encrypted-media; gyroscope; picture-in-picture; web-share\" referrerpolicy=\"strict-origin-when-cross-origin\" allowfullscreen><\/iframe><\/div>\n<p>La quarta puntata di Agrinet il futuro in campo \u00e8 ambientata in uno dei luoghi pi\u00f9 ricchi di biodiversit\u00e0 in Italia: il Parco Nazionale del Cilento, Vallo di Diano e Alburni, che al suo interno conserva una variet\u00e0 incredibile di ecosistemi tutti legati l\u2019uno all\u2019altro, tutti indispensabili, grazie alla presenza di un variegato microclima che va dal mare alla montagna in una manciata di chilometri.<br \/>\nPrimo ospite Gregorio Romano \u2013 Direttore del Parco, che illustra come quella del Cilento sia una terra dalle dolci colline ricoperte di ulivi e macchia mediterranea che si rispecchiano nel blu del Tirreno e allo stesso tempo, terra dalle morfologie aspre e incise da torrenti e calanchi, una terra che ha permesso una grande ricchezza di biodiversit\u00e0 e che oggi ospita diversi Presidi Slow Food, grazie alla cura di piccolissimi produttori che hanno saputo salvaguardare nel tempo prodotti della tradizione che in parte rischiavano l\u2019abbandono. Qui la forza di una agricoltura sostenibile, capace di preservare il paesaggio, \u00e8 fatta di colture molto diverse tra loro. Ci sono per esempio il carciofo bianco di Pertosa e la mozzarella nella mortella, entrambi presidi Slow Food.<br \/>\nPoi due agricoltori locali. Mario Di Bartolomeo, allevatore che in 130 ettari incuneati tra il Monte Gelbison e il mare, produce tipicit\u00e0 cilentane: cacioricotta salata di capra, primosale, pecorino, formaggi fatti con fiori ed erbe locali, lavorati con latte crudo e senza utilizzo di fermenti, olio extravergine d\u2019oliva e soprattutto la mozzarella nel mirto, o come si dice qui nella mortella, che oltre a conservare intatta la sua freschezza, d\u00e0 aromi e profumi inconfondibili.<br \/>\nPoi Francesco D\u2019Orilia , promotore dell\u2019ingresso nel presidio Slow Food del Carciofo Bianco di Pertosa la cui coltivazione risale almeno ai primi decenni del \u2018900, ma \u00e8 probabilmente riferibile ad epoche ancora pi\u00f9 antiche. E uno dei piccoli coltivatori locali, Luigi Lupo, spiega perch\u00e9 \u00e8 possibile consumarlo crudo appena colto dalla pianta.<br \/>\nLa puntata termina con Le Avventure di Paco, 3 minuti dedicati ai pi\u00f9 piccoli e ai loro genitori, con Patricio Castillo Varela, educatore sociale e culturale, interprete LIS e responsabile del Progetto inSegni Apprendi , che nei panni di un simpatico contadino racconta ai bambini, in modo divertente e in una ambientazione animata ispirata al mondo della campagna, cosa sia la Politica Agricola Comunitaria e quanto questa influisca sulla vita anche dei pi\u00f9 piccoli e di tutti i giorni.<\/p>\n<div class=\"rgg-container\" data-rgg-id=\"1\">    <div class=\"rgg-imagegrid captions-title captions-effect-none \" data-rgg-id=\"1\">\n                    <a href=\"https:\/\/www.tv2000.it\/agrinet4edu\/wp-content\/uploads\/sites\/74\/2023\/06\/Agrinet-Puntata-4-2-1024x576.jpg\" data-rel=\"rgg\" rel=\"rgg\" title=\"\" class=\"rgg-disabled size-thumbnail rgg-img\" data-src=\"https:\/\/www.tv2000.it\/agrinet4edu\/wp-content\/uploads\/sites\/74\/2023\/06\/Agrinet-Puntata-4-2-150x150.jpg\" data-ratio=\"1\" data-height=\"150\" data-width=\"150\" aria-label=\"\">\n                            <\/a>\n                    <a href=\"https:\/\/www.tv2000.it\/agrinet4edu\/wp-content\/uploads\/sites\/74\/2023\/06\/Agrinet-Puntata-4-3-768x1024.jpg\" data-rel=\"rgg\" rel=\"rgg\" title=\"\" class=\"rgg-disabled size-thumbnail rgg-img\" data-src=\"https:\/\/www.tv2000.it\/agrinet4edu\/wp-content\/uploads\/sites\/74\/2023\/06\/Agrinet-Puntata-4-3-150x150.jpg\" data-ratio=\"1\" data-height=\"150\" data-width=\"150\" aria-label=\"\">\n                            <\/a>\n                    <a href=\"https:\/\/www.tv2000.it\/agrinet4edu\/wp-content\/uploads\/sites\/74\/2023\/06\/Agrinet-Puntata-4-4-768x1024.jpg\" data-rel=\"rgg\" rel=\"rgg\" title=\"\" class=\"rgg-disabled size-thumbnail rgg-img\" data-src=\"https:\/\/www.tv2000.it\/agrinet4edu\/wp-content\/uploads\/sites\/74\/2023\/06\/Agrinet-Puntata-4-4-150x150.jpg\" data-ratio=\"1\" data-height=\"150\" data-width=\"150\" aria-label=\"\">\n                            <\/a>\n                    <a href=\"https:\/\/www.tv2000.it\/agrinet4edu\/wp-content\/uploads\/sites\/74\/2023\/06\/Agrinet-Puntata-4-5-1024x576.jpg\" data-rel=\"rgg\" rel=\"rgg\" title=\"\" class=\"rgg-disabled size-thumbnail rgg-img\" data-src=\"https:\/\/www.tv2000.it\/agrinet4edu\/wp-content\/uploads\/sites\/74\/2023\/06\/Agrinet-Puntata-4-5-150x150.jpg\" data-ratio=\"1\" data-height=\"150\" data-width=\"150\" aria-label=\"\">\n                            <\/a>\n                    <a href=\"https:\/\/www.tv2000.it\/agrinet4edu\/wp-content\/uploads\/sites\/74\/2023\/06\/Agrinet-Puntata-4-6-768x1024.jpg\" data-rel=\"rgg\" rel=\"rgg\" title=\"\" class=\"rgg-disabled size-thumbnail rgg-img\" data-src=\"https:\/\/www.tv2000.it\/agrinet4edu\/wp-content\/uploads\/sites\/74\/2023\/06\/Agrinet-Puntata-4-6-150x150.jpg\" data-ratio=\"1\" data-height=\"150\" data-width=\"150\" aria-label=\"\">\n                            <\/a>\n                    <a href=\"https:\/\/www.tv2000.it\/agrinet4edu\/wp-content\/uploads\/sites\/74\/2023\/06\/Agrinet-Puntata-4-7-768x1024.jpg\" data-rel=\"rgg\" rel=\"rgg\" title=\"\" class=\"rgg-disabled size-thumbnail rgg-img\" data-src=\"https:\/\/www.tv2000.it\/agrinet4edu\/wp-content\/uploads\/sites\/74\/2023\/06\/Agrinet-Puntata-4-7-150x150.jpg\" data-ratio=\"1\" data-height=\"150\" data-width=\"150\" aria-label=\"\">\n                            <\/a>\n                    <a href=\"https:\/\/www.tv2000.it\/agrinet4edu\/wp-content\/uploads\/sites\/74\/2023\/06\/Agrinet-Puntata-4-1-768x1024.jpg\" data-rel=\"rgg\" rel=\"rgg\" title=\"\" class=\"rgg-disabled size-thumbnail rgg-img\" data-src=\"https:\/\/www.tv2000.it\/agrinet4edu\/wp-content\/uploads\/sites\/74\/2023\/06\/Agrinet-Puntata-4-1-150x150.jpg\" data-ratio=\"1\" data-height=\"150\" data-width=\"150\" aria-label=\"\">\n                            <\/a>\n            <\/div>\n<\/div>\n","protected":false},"excerpt":{"rendered":"Alla fine degli anni \u201980 l\u2019entomologo americano Edward Wilson ha definito la ricchezza di vita sulla terra, fatta dai milioni di piante, animali e microrganismi con il termine biodiversit\u00e0. L\u2019attivit\u00e0 agricola ha un forte legame con la biodiversit\u00e0, ne dipende fortemente e al tempo stesso pu\u00f2 svolgere un ruolo importante nella conservazione di habitat e [&hellip;]","protected":false},"author":6,"featured_media":264,"comment_status":"open","ping_status":"open","sticky":false,"template":"","format":"standard","meta":{"_acf_changed":false,"footnotes":""},"categories":[4],"tags":[],"class_list":["post-275","post","type-post","status-publish","format-standard","has-post-thumbnail","hentry","category-puntate"],"acf":[],"aioseo_notices":[],"featured_image_url":"https:\/\/www.tv2000.it\/agrinet4edu\/wp-content\/uploads\/sites\/74\/2023\/06\/Agrinet-puntata-4-1024x575.jpg","_links":{"self":[{"href":"https:\/\/www.tv2000.it\/agrinet4edu\/wp-json\/wp\/v2\/posts\/275","targetHints":{"allow":["GET"]}}],"collection":[{"href":"https:\/\/www.tv2000.it\/agrinet4edu\/wp-json\/wp\/v2\/posts"}],"about":[{"href":"https:\/\/www.tv2000.it\/agrinet4edu\/wp-json\/wp\/v2\/types\/post"}],"author":[{"embeddable":true,"href":"https:\/\/www.tv2000.it\/agrinet4edu\/wp-json\/wp\/v2\/users\/6"}],"replies":[{"embeddable":true,"href":"https:\/\/www.tv2000.it\/agrinet4edu\/wp-json\/wp\/v2\/comments?post=275"}],"version-history":[{"count":2,"href":"https:\/\/www.tv2000.it\/agrinet4edu\/wp-json\/wp\/v2\/posts\/275\/revisions"}],"predecessor-version":[{"id":287,"href":"https:\/\/www.tv2000.it\/agrinet4edu\/wp-json\/wp\/v2\/posts\/275\/revisions\/287"}],"wp:featuredmedia":[{"embeddable":true,"href":"https:\/\/www.tv2000.it\/agrinet4edu\/wp-json\/wp\/v2\/media\/264"}],"wp:attachment":[{"href":"https:\/\/www.tv2000.it\/agrinet4edu\/wp-json\/wp\/v2\/media?parent=275"}],"wp:term":[{"taxonomy":"category","embeddable":true,"href":"https:\/\/www.tv2000.it\/agrinet4edu\/wp-json\/wp\/v2\/categories?post=275"},{"taxonomy":"post_tag","embeddable":true,"href":"https:\/\/www.tv2000.it\/agrinet4edu\/wp-json\/wp\/v2\/tags?post=275"}],"curies":[{"name":"wp","href":"https:\/\/api.w.org\/{rel}","templated":true}]}}