{"id":293,"date":"2023-06-17T19:46:41","date_gmt":"2023-06-17T17:46:41","guid":{"rendered":"https:\/\/www.tv2000.it\/agrinet4edu\/?p=293"},"modified":"2023-06-17T19:47:23","modified_gmt":"2023-06-17T17:47:23","slug":"lagricoltura-conservativa-nelle-terre-del-conegliano-valdobbiadene","status":"publish","type":"post","link":"https:\/\/www.tv2000.it\/agrinet4edu\/lagricoltura-conservativa-nelle-terre-del-conegliano-valdobbiadene\/","title":{"rendered":"L\u2019agricoltura conservativa nelle terre del Conegliano Valdobbiadene"},"content":{"rendered":"<p><strong>Agrinet<\/strong> dedica la quinta puntata all\u2019 attenzione per l\u2019ambiente da parte degli agricoltori declinato in modo sia realistico che economicamente sostenibile. Oggi gli agricoltori creano anche servizi a beneficio dell\u2019intero ecosistema: oggi gli agricoltori si trovano a fare i conti con i cambiamenti climatici che sono anche causati anche dalle attivit\u00e0 umane.<\/p>\n<p>Esempio emblematico del nuovo comportamento degli agricoltori nei confronti della natura e dei cambiamenti climatici \u00e8 quello della <strong>viticoltura<\/strong> nella zona del <strong>Conegliano Valdobbiadene<\/strong>, recentemente diventata anche patrimonio UNESCO per le sue colline. Nel corso della puntata vengono illustrati i metodi di lavoro del terreno e delle piante in modo delicato per preservare la natura e la sua fertilit\u00e0, contrastando e adattandosi agli effetti dei cambiamenti climatici.<\/p>\n<p>Il territorio di Conegliano Valdobbiadene \u00e8 l\u2019area storica di produzione del <strong>Prosecco Superiore<\/strong> e qui alcuni illuminati agricoltori praticano agricoltura conservativa e rigenerativa.<\/p>\n<div class=\"fluid-embed-container\"><iframe title=\"Agrinet4edu, 17.06.2023 - L\u2019agricoltura conservativa nelle terre del Conegliano Valdobbiadene\" width=\"640\" height=\"360\" src=\"https:\/\/www.youtube.com\/embed\/r_4tDf-5I10?feature=oembed\" frameborder=\"0\" allow=\"accelerometer; autoplay; clipboard-write; encrypted-media; gyroscope; picture-in-picture; web-share\" referrerpolicy=\"strict-origin-when-cross-origin\" allowfullscreen><\/iframe><\/div>\n<p>Intervengono:<\/p>\n<p><strong>Martina Dal Grande, Presidente ANGA \u2013 Giovani di Confagricoltura per la provincia di Treviso \u2013 e Delegata Anga, Giovani di Confagricoltura al Ceja, Consiglio Europeo dei Giovani Agricoltori,<\/strong> che racconta che il suo primario obiettivo in campo \u00e8 il benessere del vigneto nella sua complessit\u00e0. La sua attenzione si rivolge all\u2019applicazione di pratiche conformi alla salvaguardia di risorse non rinnovabili e al potenziamento del loro valore ecosistemico.<\/p>\n<p><strong>Diego Tomasi, Direttore del Consorzio Conegliano Valdobbiadene Prosecco Superiore DOCG<\/strong> che illustra come i cambiamenti climatici sia siano fatti pi\u00f9 intensi negli ultimi anni con siccit\u00e0 ed altri eventi estremi (gelate tardive, venti forti e grandinate) che mettono sempre pi\u00f9 a rischio la produzione. Da questo punto di vista un elemento importante \u00e8 quello di ridurre l\u2019utilizzo dei concimi sintetici come di tutti i trattamenti chimici al fine di ridurre la produzione di CO2 al fine di mitigare i cambiamenti climatici.<\/p>\n<p><strong>Anna Trettenero, presidente di Confagricoltura Vicenza,<\/strong> profonda sostenitrice dell\u2019agricoltura conservativa e rigenerativa, spiega che senza la cura dei territori, dei suoli e degli ecosistemi non pu\u00f2 esserci futuro per la produzione, soprattutto in un momento dove le produzioni sono fortemente minacciate dai cambiamenti climatici.<br \/>\nSi parla poi dell\u2019esperienza della cantina sociale di Conegliano-Vittorio Veneto dove Martina Dal Grande conferisce le sue uve Glera per la produzione di Prosecco Superiore: qui il presidente Stefano Zanette racconta quanto sia importante il valore della cooperazione tra soci che unisce diversi viticoltori per un prodotto unico e di grande qualit\u00e0, stabile e garantita nel tempo, mentre il direttore tecnico Luca Dal Bianco ci illustra i delicati passaggi produttivi.<\/p>\n<p>La puntata termina con <strong>Le Avventure di Paco<\/strong>, 3 minuti dedicati ai pi\u00f9 piccoli e ai loro genitori, con Patricio Castillo Varela, educatore sociale e culturale, interprete LIS e responsabile del Progetto inSegni Apprendi, che nei panni di un simpatico contadino racconta ai bambini, in modo divertente e in una ambientazione animata ispirata al mondo della campagna, cosa sia la Politica Agricola Comunitaria e quanto questa influisca sulla vita anche dei pi\u00f9 piccoli e di tutti i giorni.<\/p>\n<p>&nbsp;<\/p>\n<div class=\"rgg-container\" data-rgg-id=\"1\">    <div class=\"rgg-imagegrid captions-title captions-effect-none \" data-rgg-id=\"1\">\n                    <a href=\"https:\/\/www.tv2000.it\/agrinet4edu\/wp-content\/uploads\/sites\/74\/2023\/06\/20230503_193705-1024x576.jpg\" data-rel=\"rgg\" rel=\"rgg\" title=\"\" class=\"rgg-disabled size-thumbnail rgg-img\" data-src=\"https:\/\/www.tv2000.it\/agrinet4edu\/wp-content\/uploads\/sites\/74\/2023\/06\/20230503_193705-150x150.jpg\" data-ratio=\"1\" data-height=\"150\" data-width=\"150\" aria-label=\"\">\n                            <\/a>\n                    <a href=\"https:\/\/www.tv2000.it\/agrinet4edu\/wp-content\/uploads\/sites\/74\/2023\/06\/20230503_184722-1024x576.jpg\" data-rel=\"rgg\" rel=\"rgg\" title=\"\" class=\"rgg-disabled size-thumbnail rgg-img\" data-src=\"https:\/\/www.tv2000.it\/agrinet4edu\/wp-content\/uploads\/sites\/74\/2023\/06\/20230503_184722-150x150.jpg\" data-ratio=\"1\" data-height=\"150\" data-width=\"150\" aria-label=\"\">\n                            <\/a>\n                    <a href=\"https:\/\/www.tv2000.it\/agrinet4edu\/wp-content\/uploads\/sites\/74\/2023\/06\/IMG-20230505-WA0001-1024x768.jpg\" data-rel=\"rgg\" rel=\"rgg\" title=\"\" class=\"rgg-disabled size-thumbnail rgg-img\" data-src=\"https:\/\/www.tv2000.it\/agrinet4edu\/wp-content\/uploads\/sites\/74\/2023\/06\/IMG-20230505-WA0001-150x150.jpg\" data-ratio=\"1\" data-height=\"150\" data-width=\"150\" aria-label=\"\">\n                            <\/a>\n                    <a href=\"https:\/\/www.tv2000.it\/agrinet4edu\/wp-content\/uploads\/sites\/74\/2023\/06\/IMG-20230505-WA0000-768x1024.jpg\" data-rel=\"rgg\" rel=\"rgg\" title=\"\" class=\"rgg-disabled size-thumbnail rgg-img\" data-src=\"https:\/\/www.tv2000.it\/agrinet4edu\/wp-content\/uploads\/sites\/74\/2023\/06\/IMG-20230505-WA0000-150x150.jpg\" data-ratio=\"1\" data-height=\"150\" data-width=\"150\" aria-label=\"\">\n                            <\/a>\n                    <a href=\"https:\/\/www.tv2000.it\/agrinet4edu\/wp-content\/uploads\/sites\/74\/2023\/06\/IMG-20230505-WA0006-768x1024.jpg\" data-rel=\"rgg\" rel=\"rgg\" title=\"\" class=\"rgg-disabled size-thumbnail rgg-img\" data-src=\"https:\/\/www.tv2000.it\/agrinet4edu\/wp-content\/uploads\/sites\/74\/2023\/06\/IMG-20230505-WA0006-150x150.jpg\" data-ratio=\"1\" data-height=\"150\" data-width=\"150\" aria-label=\"\">\n                            <\/a>\n                    <a href=\"https:\/\/www.tv2000.it\/agrinet4edu\/wp-content\/uploads\/sites\/74\/2023\/06\/IMG-20230503-WA0042-768x1024.jpg\" data-rel=\"rgg\" rel=\"rgg\" title=\"\" class=\"rgg-disabled size-thumbnail rgg-img\" data-src=\"https:\/\/www.tv2000.it\/agrinet4edu\/wp-content\/uploads\/sites\/74\/2023\/06\/IMG-20230503-WA0042-150x150.jpg\" data-ratio=\"1\" data-height=\"150\" data-width=\"150\" aria-label=\"\">\n                            <\/a>\n                    <a href=\"https:\/\/www.tv2000.it\/agrinet4edu\/wp-content\/uploads\/sites\/74\/2023\/06\/IMG-20230503-WA0043-1024x768.jpg\" data-rel=\"rgg\" rel=\"rgg\" title=\"\" class=\"rgg-disabled size-thumbnail rgg-img\" data-src=\"https:\/\/www.tv2000.it\/agrinet4edu\/wp-content\/uploads\/sites\/74\/2023\/06\/IMG-20230503-WA0043-150x150.jpg\" data-ratio=\"1\" data-height=\"150\" data-width=\"150\" aria-label=\"\">\n                            <\/a>\n                    <a href=\"https:\/\/www.tv2000.it\/agrinet4edu\/wp-content\/uploads\/sites\/74\/2023\/06\/IMG-20230503-WA0050-768x1024.jpg\" data-rel=\"rgg\" rel=\"rgg\" title=\"\" class=\"rgg-disabled size-thumbnail rgg-img\" data-src=\"https:\/\/www.tv2000.it\/agrinet4edu\/wp-content\/uploads\/sites\/74\/2023\/06\/IMG-20230503-WA0050-150x150.jpg\" data-ratio=\"1\" data-height=\"150\" data-width=\"150\" aria-label=\"\">\n                            <\/a>\n            <\/div>\n<\/div>\n","protected":false},"excerpt":{"rendered":"Agrinet dedica la quinta puntata all\u2019 attenzione per l\u2019ambiente da parte degli agricoltori declinato in modo sia realistico che economicamente sostenibile. Oggi gli agricoltori creano anche servizi a beneficio dell\u2019intero ecosistema: oggi gli agricoltori si trovano a fare i conti con i cambiamenti climatici che sono anche causati anche dalle attivit\u00e0 umane. Esempio emblematico del [&hellip;]","protected":false},"author":6,"featured_media":303,"comment_status":"open","ping_status":"open","sticky":false,"template":"","format":"standard","meta":{"_acf_changed":false,"footnotes":""},"categories":[4],"tags":[],"class_list":["post-293","post","type-post","status-publish","format-standard","has-post-thumbnail","hentry","category-puntate"],"acf":[],"aioseo_notices":[],"featured_image_url":"https:\/\/www.tv2000.it\/agrinet4edu\/wp-content\/uploads\/sites\/74\/2023\/06\/cover-web-1024x576.jpg","_links":{"self":[{"href":"https:\/\/www.tv2000.it\/agrinet4edu\/wp-json\/wp\/v2\/posts\/293","targetHints":{"allow":["GET"]}}],"collection":[{"href":"https:\/\/www.tv2000.it\/agrinet4edu\/wp-json\/wp\/v2\/posts"}],"about":[{"href":"https:\/\/www.tv2000.it\/agrinet4edu\/wp-json\/wp\/v2\/types\/post"}],"author":[{"embeddable":true,"href":"https:\/\/www.tv2000.it\/agrinet4edu\/wp-json\/wp\/v2\/users\/6"}],"replies":[{"embeddable":true,"href":"https:\/\/www.tv2000.it\/agrinet4edu\/wp-json\/wp\/v2\/comments?post=293"}],"version-history":[{"count":2,"href":"https:\/\/www.tv2000.it\/agrinet4edu\/wp-json\/wp\/v2\/posts\/293\/revisions"}],"predecessor-version":[{"id":306,"href":"https:\/\/www.tv2000.it\/agrinet4edu\/wp-json\/wp\/v2\/posts\/293\/revisions\/306"}],"wp:featuredmedia":[{"embeddable":true,"href":"https:\/\/www.tv2000.it\/agrinet4edu\/wp-json\/wp\/v2\/media\/303"}],"wp:attachment":[{"href":"https:\/\/www.tv2000.it\/agrinet4edu\/wp-json\/wp\/v2\/media?parent=293"}],"wp:term":[{"taxonomy":"category","embeddable":true,"href":"https:\/\/www.tv2000.it\/agrinet4edu\/wp-json\/wp\/v2\/categories?post=293"},{"taxonomy":"post_tag","embeddable":true,"href":"https:\/\/www.tv2000.it\/agrinet4edu\/wp-json\/wp\/v2\/tags?post=293"}],"curies":[{"name":"wp","href":"https:\/\/api.w.org\/{rel}","templated":true}]}}