{"id":322,"date":"2023-06-24T18:22:54","date_gmt":"2023-06-24T16:22:54","guid":{"rendered":"https:\/\/www.tv2000.it\/agrinet4edu\/?p=322"},"modified":"2023-06-26T15:59:17","modified_gmt":"2023-06-26T13:59:17","slug":"dal-parco-delle-5-terre-storie-di-agricoltura-eroica","status":"publish","type":"post","link":"https:\/\/www.tv2000.it\/agrinet4edu\/dal-parco-delle-5-terre-storie-di-agricoltura-eroica\/","title":{"rendered":"Dal Parco delle 5 Terre storie di agricoltura eroica"},"content":{"rendered":"<p>Una delle priorit\u00e0 dell\u2019agricoltura moderna \u00e8 quella di garantire e sostenere un reddito agricolo sufficiente ed equo: si parla di resilienza del settore agricolo, ovvero di quella capacit\u00e0 degli agricoltori di garantire una produzione agricola sicura e stabile nel tempo che sia anche in grado di assicurare loro un\u2019adeguata sostenibilit\u00e0 economica, pena il suo venire meno. Questo delicato equilibrio da raggiungere \u00e8 tanto pi\u00f9 complesso quanto pi\u00f9 andiamo in luoghi dove l\u2019agricoltura \u00e8 difficile, come nel caso di quella cosiddetta eroica.<\/p>\n<div class=\"fluid-embed-container\"><iframe title=\"Agrinet4Edu, 24 giugno 2023 - Dal Parco delle 5 Terre storie di agricoltura eroica\" width=\"640\" height=\"360\" src=\"https:\/\/www.youtube.com\/embed\/2Z_L6IvWnTw?feature=oembed\" frameborder=\"0\" allow=\"accelerometer; autoplay; clipboard-write; encrypted-media; gyroscope; picture-in-picture; web-share\" referrerpolicy=\"strict-origin-when-cross-origin\" allowfullscreen><\/iframe><\/div>\n<p>Protagonista di puntata il Parco Nazionale delle Cinque Terre, esempio di sostenibilit\u00e0 sia dal punto di vista produttivo che economico per il mantenimento e lo sviluppo del territorio.<\/p>\n<p>Il Parco Nazionale delle Cinque Terre con i suoi quasi 4.000 ettari \u00e8 il Parco Nazionale tra i pi\u00f9 piccoli d\u2019Italia e allo stesso tempo il pi\u00f9 densamente popolato, con chilometri e chilometri di percorsi pedonali e circa 4.000 abitanti suddivisi in cinque borghi. Qui l\u2019uomo in pi\u00f9 di mille anni ha plasmato l\u2019ambiente naturale sezionando gli scoscesi pendii delle colline per ricavarne strisce di terra coltivabili, sorrette da chilometri di muri a secco. Un paesaggio davvero atipico, coltivato a vigneto, ulivo e agrumi, con una predominanza per la vite, in basse pergole raggiungibili sui declivi solo con delle cremagliere e dove la raccolta delle uve si fa solo a mano.<\/p>\n<p>Primi ospiti Matteo Bonanini, presidente della Cantina Sociale Cinque Terre, che racconta quanto qui non sia facile fare agricoltura, e come Ivano Rollandi, viticoltore per passione e ferroviere come lavoro principale.<\/p>\n<p>Dalle colline affacciate sul mare fino alla spiaggia, in un paesaggio oggi Patrimonio Unesco, Alessandro Rossignoli, imprenditore agri-turistico che si divide tra l\u2019attivit\u00e0 di conduzione di uno stabilimento balneare insieme a quella di agricoltore, racconta a realizzazione di un sogno: un agriturismo tra ulivi ed agrumi, nato recuperando un edificio abbandonato.<\/p>\n<p>Viviana Ferrario, docente di Geografia del paesaggio presso l\u2019Universit\u00e0 Iuav di Venezia e Stefania Spina, referente per il Parco della importante candidatura al Registro dei Paesaggi Rurali Storici, descrivono l\u2019agricoltura eroica e il ruolo dell\u2019agricoltore che ha anche il compito di custode del paesaggio.<\/p>\n<p>Poi, Emanuele Raso, geologo del Parco, racconta come sono nati i muri a secco e quanto sia importante oggi preservarli per la tutela del paesaggio, la difesa contro il dissesto idrogeologico e la difesa contro gli effetti dei cambiamenti climatici.<\/p>\n<p>La puntata termina con Le Avventure di Paco, 3 minuti dedicati ai pi\u00f9 piccoli e ai loro genitori, con Patricio Castillo Varela, educatore sociale e culturale, interprete LIS e responsabile del Progetto inSegni Apprendi, che nei panni di un simpatico contadino racconta ai bambini, in modo divertente e in una ambientazione animata ispirata al mondo della campagna, cosa sia la Politica Agricola Comunitaria e quanto questa influisca sulla vita anche dei pi\u00f9 piccoli e di tutti i giorni.<\/p>\n<div class=\"rgg-container\" data-rgg-id=\"1\">    <div class=\"rgg-imagegrid captions-title captions-effect-none \" data-rgg-id=\"1\">\n                    <a href=\"https:\/\/www.tv2000.it\/agrinet4edu\/wp-content\/uploads\/sites\/74\/2023\/06\/5-terre-1-1024x1024.jpg\" data-rel=\"rgg\" rel=\"rgg\" title=\"\" class=\"rgg-disabled size-thumbnail rgg-img\" data-src=\"https:\/\/www.tv2000.it\/agrinet4edu\/wp-content\/uploads\/sites\/74\/2023\/06\/5-terre-1-150x150.jpg\" data-ratio=\"1\" data-height=\"150\" data-width=\"150\" aria-label=\"\">\n                            <\/a>\n                    <a href=\"https:\/\/www.tv2000.it\/agrinet4edu\/wp-content\/uploads\/sites\/74\/2023\/06\/5-terre-2-1024x1024.jpg\" data-rel=\"rgg\" rel=\"rgg\" title=\"\" class=\"rgg-disabled size-thumbnail rgg-img\" data-src=\"https:\/\/www.tv2000.it\/agrinet4edu\/wp-content\/uploads\/sites\/74\/2023\/06\/5-terre-2-150x150.jpg\" data-ratio=\"1\" data-height=\"150\" data-width=\"150\" aria-label=\"\">\n                            <\/a>\n                    <a href=\"https:\/\/www.tv2000.it\/agrinet4edu\/wp-content\/uploads\/sites\/74\/2023\/06\/5-terre-3-1024x1024.jpg\" data-rel=\"rgg\" rel=\"rgg\" title=\"\" class=\"rgg-disabled size-thumbnail rgg-img\" data-src=\"https:\/\/www.tv2000.it\/agrinet4edu\/wp-content\/uploads\/sites\/74\/2023\/06\/5-terre-3-150x150.jpg\" data-ratio=\"1\" data-height=\"150\" data-width=\"150\" aria-label=\"\">\n                            <\/a>\n            <\/div>\n<\/div>\n","protected":false},"excerpt":{"rendered":"Una delle priorit\u00e0 dell\u2019agricoltura moderna \u00e8 quella di garantire e sostenere un reddito agricolo sufficiente ed equo: si parla di resilienza del settore agricolo, ovvero di quella capacit\u00e0 degli agricoltori di garantire una produzione agricola sicura e stabile nel tempo che sia anche in grado di assicurare loro un\u2019adeguata sostenibilit\u00e0 economica, pena il suo venire [&hellip;]","protected":false},"author":9,"featured_media":323,"comment_status":"open","ping_status":"open","sticky":false,"template":"","format":"standard","meta":{"_acf_changed":false,"footnotes":""},"categories":[4],"tags":[],"class_list":["post-322","post","type-post","status-publish","format-standard","has-post-thumbnail","hentry","category-puntate"],"acf":[],"aioseo_notices":[],"featured_image_url":"https:\/\/www.tv2000.it\/agrinet4edu\/wp-content\/uploads\/sites\/74\/2023\/06\/agrinet6eu-1024x575.jpg","_links":{"self":[{"href":"https:\/\/www.tv2000.it\/agrinet4edu\/wp-json\/wp\/v2\/posts\/322","targetHints":{"allow":["GET"]}}],"collection":[{"href":"https:\/\/www.tv2000.it\/agrinet4edu\/wp-json\/wp\/v2\/posts"}],"about":[{"href":"https:\/\/www.tv2000.it\/agrinet4edu\/wp-json\/wp\/v2\/types\/post"}],"author":[{"embeddable":true,"href":"https:\/\/www.tv2000.it\/agrinet4edu\/wp-json\/wp\/v2\/users\/9"}],"replies":[{"embeddable":true,"href":"https:\/\/www.tv2000.it\/agrinet4edu\/wp-json\/wp\/v2\/comments?post=322"}],"version-history":[{"count":2,"href":"https:\/\/www.tv2000.it\/agrinet4edu\/wp-json\/wp\/v2\/posts\/322\/revisions"}],"predecessor-version":[{"id":331,"href":"https:\/\/www.tv2000.it\/agrinet4edu\/wp-json\/wp\/v2\/posts\/322\/revisions\/331"}],"wp:featuredmedia":[{"embeddable":true,"href":"https:\/\/www.tv2000.it\/agrinet4edu\/wp-json\/wp\/v2\/media\/323"}],"wp:attachment":[{"href":"https:\/\/www.tv2000.it\/agrinet4edu\/wp-json\/wp\/v2\/media?parent=322"}],"wp:term":[{"taxonomy":"category","embeddable":true,"href":"https:\/\/www.tv2000.it\/agrinet4edu\/wp-json\/wp\/v2\/categories?post=322"},{"taxonomy":"post_tag","embeddable":true,"href":"https:\/\/www.tv2000.it\/agrinet4edu\/wp-json\/wp\/v2\/tags?post=322"}],"curies":[{"name":"wp","href":"https:\/\/api.w.org\/{rel}","templated":true}]}}