{"id":429,"date":"2023-07-10T14:54:08","date_gmt":"2023-07-10T12:54:08","guid":{"rendered":"https:\/\/www.tv2000.it\/agrinet4edu\/?p=429"},"modified":"2023-07-10T14:54:08","modified_gmt":"2023-07-10T12:54:08","slug":"dallappennino-emiliano-storie-di-economie-virtuose-per-rivitalizzare-borghi-in-declino","status":"publish","type":"post","link":"https:\/\/www.tv2000.it\/agrinet4edu\/dallappennino-emiliano-storie-di-economie-virtuose-per-rivitalizzare-borghi-in-declino\/","title":{"rendered":"Dall\u2019appennino emiliano storie di economie virtuose per rivitalizzare borghi in declino"},"content":{"rendered":"<p>Uno degli obiettivi chiave dell\u2019agricoltura moderna \u00e8 quello di promuovere l\u2019occupazione, la crescita economica, l\u2019inclusione sociale e lo sviluppo locale nelle zone rurali, soprattutto in quei territori a rischio di abbandono, come le aree montane un tempo coltivate e oggi invece sono incolte.<\/p>\n<p>Recuperare aree non pi\u00f9 coltivate per un\u2019agricoltura di montagna \u00e8 di fondamentale importanza perch\u00e9 oltre a ridare slancio economico e paesaggistico, ha risvolti territoriali di pi\u00f9 ampia portata, grazie alla creazione di diverse attivit\u00e0 tutte collegate.<\/p>\n<p>Al centro della puntata una storia di ritorno alla terra da Rocca Corneta, che pi\u00f9 che un paese \u00e8 un insieme di luoghi, di case disseminate sul territorio poste all\u2019estremo lembo del Comune di Lizzano in Belvedere situato nell\u2019appennino bolognese, al confine con le province di Modena e Pistoia. Qui dei giovani volenterosi stanno contribuendo a riportare economia e vitalit\u00e0 in queste zone, grazie alla passione per la terra e per una vita a contatto con la natura.<\/p>\n<div class=\"fluid-embed-container\"><iframe title=\"Agrinet4Edu, 8\/7\/23 - Dall\u2019appennino emiliano economie virtuose per rivitalizzare borghi in declino\" width=\"640\" height=\"360\" src=\"https:\/\/www.youtube.com\/embed\/Vv0ybLDd33M?feature=oembed\" frameborder=\"0\" allow=\"accelerometer; autoplay; clipboard-write; encrypted-media; gyroscope; picture-in-picture; web-share\" referrerpolicy=\"strict-origin-when-cross-origin\" allowfullscreen><\/iframe><\/div>\n<p>Michele Sandri, arrivato a Rocca Corneta dieci anni fa, da zero ha avviato una azienda agricola biologica su terreni incolti da decenni sulle rive del Dardagna.<\/p>\n<p>A lui si \u00e8 aggiunto Stefano Zanini e insieme hanno creato una piccola realt\u00e0 biologica prima dedita agli ortaggi, poi alle colture da seme e oggi ad un progetto sperimentale sul vino.<\/p>\n<p>Anna Brusarosco, ricercatrice in Geografia all\u2019Universit\u00e0 degli Studi di Udine, racconta un\u2019esperienza di woofing , ovvero la possibilit\u00e0 di sperimentare la vita rurale presso aziende agricole che offrono vitto e alloggio in cambio di aiuto nel loro lavoro.<\/p>\n<p>Come lei anche Alessandro Russo, bracciante agricolo e artigiano, che circa 5 anni fa ha lasciato la citt\u00e0 di Bologna, e Thomas Pellizzola, guida ambientale escursionistica, che ha deciso di lasciare Rimini per ritirarsi ad una vita pi\u00f9 semplice ed autentica in montagna dove sta ristrutturando un casolare, si autoproduce il cibo e per arrotondare fa la guida.<\/p>\n<p>Qui i giovani si aiutano tra loro, si scambiano merci, si prestano macchinari per condividere spese e sostenersi a vicenda. Anche Francesco Penazzi, imprenditore agricolo, laureato in Agraria a Bologna, ha deciso di trasferirsi qui.<\/p>\n<p>La puntata termina con Le Avventure di Paco, 3 minuti dedicati ai pi\u00f9 piccoli e ai loro genitori, con Patricio Castillo Varela, educatore sociale e culturale, interprete LIS e responsabile del Progetto inSegni Apprendi , che nei panni di un simpatico contadino racconta ai bambini, in modo divertente e in una ambientazione animata ispirata al mondo della campagna, cosa sia la Politica Agricola Comunitaria e quanto questa influisca sulla vita anche dei pi\u00f9 piccoli e di tutti i giorni.<\/p>\n<div class=\"rgg-container\" data-rgg-id=\"1\">    <div class=\"rgg-imagegrid captions-title captions-effect-none \" data-rgg-id=\"1\">\n                    <a href=\"https:\/\/www.tv2000.it\/agrinet4edu\/wp-content\/uploads\/sites\/74\/2023\/07\/emilia-7-bis--1024x1024.jpg\" data-rel=\"rgg\" rel=\"rgg\" title=\"\" class=\"rgg-disabled size-thumbnail rgg-img\" data-src=\"https:\/\/www.tv2000.it\/agrinet4edu\/wp-content\/uploads\/sites\/74\/2023\/07\/emilia-7-bis--150x150.jpg\" data-ratio=\"1\" data-height=\"150\" data-width=\"150\" aria-label=\"\">\n                            <\/a>\n                    <a href=\"https:\/\/www.tv2000.it\/agrinet4edu\/wp-content\/uploads\/sites\/74\/2023\/07\/emilia-7-tris-1024x1024.jpg\" data-rel=\"rgg\" rel=\"rgg\" title=\"\" class=\"rgg-disabled size-thumbnail rgg-img\" data-src=\"https:\/\/www.tv2000.it\/agrinet4edu\/wp-content\/uploads\/sites\/74\/2023\/07\/emilia-7-tris-150x150.jpg\" data-ratio=\"1\" data-height=\"150\" data-width=\"150\" aria-label=\"\">\n                            <\/a>\n                    <a href=\"https:\/\/www.tv2000.it\/agrinet4edu\/wp-content\/uploads\/sites\/74\/2023\/07\/emilia-7-1024x1024.jpg\" data-rel=\"rgg\" rel=\"rgg\" title=\"\" class=\"rgg-disabled size-thumbnail rgg-img\" data-src=\"https:\/\/www.tv2000.it\/agrinet4edu\/wp-content\/uploads\/sites\/74\/2023\/07\/emilia-7-150x150.jpg\" data-ratio=\"1\" data-height=\"150\" data-width=\"150\" aria-label=\"\">\n                            <\/a>\n                    <a href=\"https:\/\/www.tv2000.it\/agrinet4edu\/wp-content\/uploads\/sites\/74\/2023\/07\/emilia-7-4-1024x1024.jpg\" data-rel=\"rgg\" rel=\"rgg\" title=\"\" class=\"rgg-disabled size-thumbnail rgg-img\" data-src=\"https:\/\/www.tv2000.it\/agrinet4edu\/wp-content\/uploads\/sites\/74\/2023\/07\/emilia-7-4-150x150.jpg\" data-ratio=\"1\" data-height=\"150\" data-width=\"150\" aria-label=\"\">\n                            <\/a>\n            <\/div>\n<\/div>\n","protected":false},"excerpt":{"rendered":"Uno degli obiettivi chiave dell\u2019agricoltura moderna \u00e8 quello di promuovere l\u2019occupazione, la crescita economica, l\u2019inclusione sociale e lo sviluppo locale nelle zone rurali, soprattutto in quei territori a rischio di abbandono, come le aree montane un tempo coltivate e oggi invece sono incolte. Recuperare aree non pi\u00f9 coltivate per un\u2019agricoltura di montagna \u00e8 di fondamentale [&hellip;]","protected":false},"author":6,"featured_media":434,"comment_status":"open","ping_status":"open","sticky":false,"template":"","format":"standard","meta":{"_acf_changed":false,"footnotes":""},"categories":[4],"tags":[],"class_list":["post-429","post","type-post","status-publish","format-standard","has-post-thumbnail","hentry","category-puntate"],"acf":[],"aioseo_notices":[],"featured_image_url":"https:\/\/www.tv2000.it\/agrinet4edu\/wp-content\/uploads\/sites\/74\/2023\/07\/copertina-agrinet-8-1024x576.jpg","_links":{"self":[{"href":"https:\/\/www.tv2000.it\/agrinet4edu\/wp-json\/wp\/v2\/posts\/429","targetHints":{"allow":["GET"]}}],"collection":[{"href":"https:\/\/www.tv2000.it\/agrinet4edu\/wp-json\/wp\/v2\/posts"}],"about":[{"href":"https:\/\/www.tv2000.it\/agrinet4edu\/wp-json\/wp\/v2\/types\/post"}],"author":[{"embeddable":true,"href":"https:\/\/www.tv2000.it\/agrinet4edu\/wp-json\/wp\/v2\/users\/6"}],"replies":[{"embeddable":true,"href":"https:\/\/www.tv2000.it\/agrinet4edu\/wp-json\/wp\/v2\/comments?post=429"}],"version-history":[{"count":1,"href":"https:\/\/www.tv2000.it\/agrinet4edu\/wp-json\/wp\/v2\/posts\/429\/revisions"}],"predecessor-version":[{"id":435,"href":"https:\/\/www.tv2000.it\/agrinet4edu\/wp-json\/wp\/v2\/posts\/429\/revisions\/435"}],"wp:featuredmedia":[{"embeddable":true,"href":"https:\/\/www.tv2000.it\/agrinet4edu\/wp-json\/wp\/v2\/media\/434"}],"wp:attachment":[{"href":"https:\/\/www.tv2000.it\/agrinet4edu\/wp-json\/wp\/v2\/media?parent=429"}],"wp:term":[{"taxonomy":"category","embeddable":true,"href":"https:\/\/www.tv2000.it\/agrinet4edu\/wp-json\/wp\/v2\/categories?post=429"},{"taxonomy":"post_tag","embeddable":true,"href":"https:\/\/www.tv2000.it\/agrinet4edu\/wp-json\/wp\/v2\/tags?post=429"}],"curies":[{"name":"wp","href":"https:\/\/api.w.org\/{rel}","templated":true}]}}