{"id":264,"date":"2015-05-20T19:46:25","date_gmt":"2015-05-20T17:46:25","guid":{"rendered":"http:\/\/www.tv2000.it\/beativoi\/?p=264"},"modified":"2015-05-20T19:50:05","modified_gmt":"2015-05-20T17:50:05","slug":"alberto-maggi-non-ancora-madonna","status":"publish","type":"post","link":"https:\/\/www.tv2000.it\/beativoi\/2015\/05\/20\/alberto-maggi-non-ancora-madonna\/","title":{"rendered":"Alberto Maggi &#8211; &#8220;Non ancora Madonna&#8221;"},"content":{"rendered":"<p>Maria non \u00e8 la chioccia sotto le cui ali cercare la protezione, ma la donna con la quale camminare insieme affinch\u00e9 siano &#8220;rovesciati i potenti dai troni, innalzati gli umili, ricolmati di beni gli affamati e rimandati a mani vuote i ricchi&#8221; (Lc 1,52-53). \u00c8 questa la Maria che emerge dalla riflessione sui vangeli. Una donna che \u00e8 grande non solo perch\u00e9 \u00e8 la madre di Ges\u00f9, ma perch\u00e9 ne diventa la fedele discepola e si pone a fianco del giustiziato contro chi lo ha crocifisso, schierandosi cos\u00ec per sempre a favore degli oppressi, dei poveri, dei disprezzati.<\/p>\n<p style=\"text-align: justify;\"><a href=\"http:\/\/www.tv2000.it\/beativoi\/wp-content\/uploads\/sites\/25\/2015\/05\/Alberto-Maggi-Non-ancora-madonna.jpg\"><img decoding=\"async\" class=\" size-medium wp-image-232 aligncenter\" src=\"http:\/\/www.tv2000.it\/beativoi\/wp-content\/uploads\/sites\/25\/2015\/05\/Alberto-Maggi-Non-ancora-madonna-184x300.jpg\" alt=\"Alberto-Maggi--Non-ancora-madonna\" width=\"184\" height=\"300\" srcset=\"https:\/\/www.tv2000.it\/beativoi\/wp-content\/uploads\/sites\/25\/2015\/05\/Alberto-Maggi-Non-ancora-madonna-184x300.jpg 184w, https:\/\/www.tv2000.it\/beativoi\/wp-content\/uploads\/sites\/25\/2015\/05\/Alberto-Maggi-Non-ancora-madonna-17x27.jpg 17w, https:\/\/www.tv2000.it\/beativoi\/wp-content\/uploads\/sites\/25\/2015\/05\/Alberto-Maggi-Non-ancora-madonna-280x457.jpg 280w, https:\/\/www.tv2000.it\/beativoi\/wp-content\/uploads\/sites\/25\/2015\/05\/Alberto-Maggi-Non-ancora-madonna.jpg 368w\" sizes=\"(max-width: 184px) 100vw, 184px\" \/><\/a><\/p>\n","protected":false},"excerpt":{"rendered":"Maria non \u00e8 la chioccia sotto le cui ali cercare la protezione, ma la donna con la quale camminare insieme affinch\u00e9 siano &#8220;rovesciati i potenti dai troni, innalzati gli umili, ricolmati di beni gli affamati e rimandati a mani vuote i ricchi&#8221; (Lc 1,52-53). \u00c8 questa la Maria che emerge dalla riflessione sui vangeli. Una [&hellip;]","protected":false},"author":20,"featured_media":232,"comment_status":"open","ping_status":"open","sticky":false,"template":"","format":"standard","meta":{"_acf_changed":false,"footnotes":""},"categories":[11],"tags":[],"class_list":["post-264","post","type-post","status-publish","format-standard","has-post-thumbnail","hentry","category-libri"],"acf":[],"aioseo_notices":[],"featured_image_url":"https:\/\/www.tv2000.it\/beativoi\/wp-content\/uploads\/sites\/25\/2015\/05\/Alberto-Maggi-Non-ancora-madonna.jpg","_links":{"self":[{"href":"https:\/\/www.tv2000.it\/beativoi\/wp-json\/wp\/v2\/posts\/264","targetHints":{"allow":["GET"]}}],"collection":[{"href":"https:\/\/www.tv2000.it\/beativoi\/wp-json\/wp\/v2\/posts"}],"about":[{"href":"https:\/\/www.tv2000.it\/beativoi\/wp-json\/wp\/v2\/types\/post"}],"author":[{"embeddable":true,"href":"https:\/\/www.tv2000.it\/beativoi\/wp-json\/wp\/v2\/users\/20"}],"replies":[{"embeddable":true,"href":"https:\/\/www.tv2000.it\/beativoi\/wp-json\/wp\/v2\/comments?post=264"}],"version-history":[{"count":3,"href":"https:\/\/www.tv2000.it\/beativoi\/wp-json\/wp\/v2\/posts\/264\/revisions"}],"predecessor-version":[{"id":267,"href":"https:\/\/www.tv2000.it\/beativoi\/wp-json\/wp\/v2\/posts\/264\/revisions\/267"}],"wp:featuredmedia":[{"embeddable":true,"href":"https:\/\/www.tv2000.it\/beativoi\/wp-json\/wp\/v2\/media\/232"}],"wp:attachment":[{"href":"https:\/\/www.tv2000.it\/beativoi\/wp-json\/wp\/v2\/media?parent=264"}],"wp:term":[{"taxonomy":"category","embeddable":true,"href":"https:\/\/www.tv2000.it\/beativoi\/wp-json\/wp\/v2\/categories?post=264"},{"taxonomy":"post_tag","embeddable":true,"href":"https:\/\/www.tv2000.it\/beativoi\/wp-json\/wp\/v2\/tags?post=264"}],"curies":[{"name":"wp","href":"https:\/\/api.w.org\/{rel}","templated":true}]}}