{"id":2750,"date":"2015-12-13T19:28:44","date_gmt":"2015-12-13T18:28:44","guid":{"rendered":"http:\/\/www.tv2000.it\/beativoi\/?p=2750"},"modified":"2015-12-13T19:28:44","modified_gmt":"2015-12-13T18:28:44","slug":"alessandro-sortino-intervista-toto-cuffaro-che-parla-di-perdono","status":"publish","type":"post","link":"https:\/\/www.tv2000.it\/beativoi\/2015\/12\/13\/alessandro-sortino-intervista-toto-cuffaro-che-parla-di-perdono\/","title":{"rendered":"Alessandro Sortino intervista Tot\u00f2 Cuffaro che parla di perdono"},"content":{"rendered":"<p><img decoding=\"async\" class=\"alignleft size-medium wp-image-2749\" src=\"http:\/\/www.tv2000.it\/beativoi\/wp-content\/uploads\/sites\/25\/2015\/12\/slide-cuffaro-300x123.jpg\" alt=\"slide-cuffaro\" width=\"300\" height=\"123\" srcset=\"https:\/\/www.tv2000.it\/beativoi\/wp-content\/uploads\/sites\/25\/2015\/12\/slide-cuffaro-300x123.jpg 300w, https:\/\/www.tv2000.it\/beativoi\/wp-content\/uploads\/sites\/25\/2015\/12\/slide-cuffaro-768x314.jpg 768w, https:\/\/www.tv2000.it\/beativoi\/wp-content\/uploads\/sites\/25\/2015\/12\/slide-cuffaro-66x27.jpg 66w, https:\/\/www.tv2000.it\/beativoi\/wp-content\/uploads\/sites\/25\/2015\/12\/slide-cuffaro-280x114.jpg 280w, https:\/\/www.tv2000.it\/beativoi\/wp-content\/uploads\/sites\/25\/2015\/12\/slide-cuffaro-650x266.jpg 650w, https:\/\/www.tv2000.it\/beativoi\/wp-content\/uploads\/sites\/25\/2015\/12\/slide-cuffaro.jpg 984w\" sizes=\"(max-width: 300px) 100vw, 300px\" \/>Roma, 13 dicembre 2015 \u2013 \u201cHo chiuso con la politica. Ho chiuso definitivamente perch\u00e9 ho pagato il mio prezzo. Voglio stare con mia moglie, con i miei figli, con mia madre, che non mi hanno fatto vedere. Ma se tornassi indietro, io non abiuro a quello che ho fatto. <em>\u00a0<\/em>Perch\u00e9 la parte pi\u00f9 bella della mia politica \u00e8 stata tutto il tempo che ho dedicato alla gente che ha parlato con me\u201d.<\/p>\n<p>Lo ha detto <strong>Tot\u00f2 Cuffaro<\/strong> nell\u2019ultima intervista in carcere rilasciata alla fine di novembre ad Alessandro Sortino, conduttore del programma \u2018Beati Voi\u2019 su Tv2000. Un lungo e serrato faccia a faccia, che l\u2019emittente della Cei trasmetter\u00e0 marted\u00ec 15 dicembre (ore 21) nella prima puntata del ciclo \u201970 volte 7\u2032, sui temi del perdono tema cardine del Giubileo della Misericordia. Tra gli ospiti della puntata anche <strong>Luciano Violante<\/strong>, ex presidente della Camera ed ex presidente della Commissione Antimafia.<\/p>\n<div class=\"fluid-embed-container\"><iframe title=\"Alessandro Sortino intervista Tot\u00f2 Cuffaro che parla di perdono\" width=\"640\" height=\"360\" src=\"https:\/\/www.youtube.com\/embed\/jTY1tNXia_4?feature=oembed\" frameborder=\"0\" allow=\"accelerometer; autoplay; clipboard-write; encrypted-media; gyroscope; picture-in-picture; web-share\" referrerpolicy=\"strict-origin-when-cross-origin\" allowfullscreen><\/iframe><\/div>\n<p>&#8211; La trasmissione per cui la sto intervistando parla di perdono, perch\u00e9 c&#8217;\u00e8 il Giubileo. C&#8217;\u00e8 qualcosa che Lei deve farsi perdonare per il periodo di governo che Lei ha fatto? Ci sono delle cose..<\/p>\n<p><em>Certo.<\/em><\/p>\n<p>&#8211; Cosa?<\/p>\n<p><em>Io credo, e qui dico \u201cio\u201d chiedo di essere perdonato, perch\u00e9 avrei potuto fare molto di pi\u00f9. Io mi prendo per intero tutte le mie responsabilit\u00e0. E ti ho detto che ne ho fatti tanti di errori, non \u00e8 vero che non me li prendo, me li prendo. E per questo, ad alcuni chiedo perdono perch\u00e9 ho sbagliato. Io non far\u00f2 pi\u00f9 politica, diciamolo cos\u00ec chi ci sente lo sa.<\/em><\/p>\n<p>&nbsp;<\/p>\n","protected":false},"excerpt":{"rendered":"La trasmissione per cui la sto intervistando parla di perdono, perch\u00e9 c&#8217;\u00e8 il Giubileo. C&#8217;\u00e8 qualcosa che Lei deve farsi perdonare per il periodo di governo che Lei ha fatto? Ci sono delle cose..","protected":false},"author":26,"featured_media":2749,"comment_status":"closed","ping_status":"closed","sticky":false,"template":"","format":"standard","meta":{"_acf_changed":false,"footnotes":""},"categories":[73],"tags":[],"class_list":["post-2750","post","type-post","status-publish","format-standard","has-post-thumbnail","hentry","category-comunicati"],"acf":[],"aioseo_notices":[],"featured_image_url":"https:\/\/www.tv2000.it\/beativoi\/wp-content\/uploads\/sites\/25\/2015\/12\/slide-cuffaro.jpg","_links":{"self":[{"href":"https:\/\/www.tv2000.it\/beativoi\/wp-json\/wp\/v2\/posts\/2750","targetHints":{"allow":["GET"]}}],"collection":[{"href":"https:\/\/www.tv2000.it\/beativoi\/wp-json\/wp\/v2\/posts"}],"about":[{"href":"https:\/\/www.tv2000.it\/beativoi\/wp-json\/wp\/v2\/types\/post"}],"author":[{"embeddable":true,"href":"https:\/\/www.tv2000.it\/beativoi\/wp-json\/wp\/v2\/users\/26"}],"replies":[{"embeddable":true,"href":"https:\/\/www.tv2000.it\/beativoi\/wp-json\/wp\/v2\/comments?post=2750"}],"version-history":[{"count":1,"href":"https:\/\/www.tv2000.it\/beativoi\/wp-json\/wp\/v2\/posts\/2750\/revisions"}],"predecessor-version":[{"id":2751,"href":"https:\/\/www.tv2000.it\/beativoi\/wp-json\/wp\/v2\/posts\/2750\/revisions\/2751"}],"wp:featuredmedia":[{"embeddable":true,"href":"https:\/\/www.tv2000.it\/beativoi\/wp-json\/wp\/v2\/media\/2749"}],"wp:attachment":[{"href":"https:\/\/www.tv2000.it\/beativoi\/wp-json\/wp\/v2\/media?parent=2750"}],"wp:term":[{"taxonomy":"category","embeddable":true,"href":"https:\/\/www.tv2000.it\/beativoi\/wp-json\/wp\/v2\/categories?post=2750"},{"taxonomy":"post_tag","embeddable":true,"href":"https:\/\/www.tv2000.it\/beativoi\/wp-json\/wp\/v2\/tags?post=2750"}],"curies":[{"name":"wp","href":"https:\/\/api.w.org\/{rel}","templated":true}]}}