{"id":2915,"date":"2016-01-03T12:15:23","date_gmt":"2016-01-03T11:15:23","guid":{"rendered":"http:\/\/www.tv2000.it\/beativoi\/?p=2915"},"modified":"2016-01-04T13:09:46","modified_gmt":"2016-01-04T12:09:46","slug":"beati-voi-presenta-verso-casa-di-claudia-tosi","status":"publish","type":"post","link":"https:\/\/www.tv2000.it\/beativoi\/2016\/01\/03\/beati-voi-presenta-verso-casa-di-claudia-tosi\/","title":{"rendered":"&#8220;Beati Voi&#8221; presenta &#8220;Verso casa&#8221; di Claudia Tosi"},"content":{"rendered":"<p><img decoding=\"async\" class=\"aligncenter  wp-image-2916\" src=\"http:\/\/www.tv2000.it\/beativoi\/wp-content\/uploads\/sites\/25\/2016\/01\/slide-incontro.jpg\" alt=\"slide-incontro\" width=\"700\" height=\"286\" srcset=\"https:\/\/www.tv2000.it\/beativoi\/wp-content\/uploads\/sites\/25\/2016\/01\/slide-incontro.jpg 984w, https:\/\/www.tv2000.it\/beativoi\/wp-content\/uploads\/sites\/25\/2016\/01\/slide-incontro-300x123.jpg 300w, https:\/\/www.tv2000.it\/beativoi\/wp-content\/uploads\/sites\/25\/2016\/01\/slide-incontro-768x314.jpg 768w, https:\/\/www.tv2000.it\/beativoi\/wp-content\/uploads\/sites\/25\/2016\/01\/slide-incontro-66x27.jpg 66w, https:\/\/www.tv2000.it\/beativoi\/wp-content\/uploads\/sites\/25\/2016\/01\/slide-incontro-280x114.jpg 280w, https:\/\/www.tv2000.it\/beativoi\/wp-content\/uploads\/sites\/25\/2016\/01\/slide-incontro-650x266.jpg 650w\" sizes=\"(max-width: 700px) 100vw, 700px\" \/><\/p>\n<p>Marted\u00ec 5 gennaio, alle 21.00, va in onda la terza puntata di <strong>\u201cBeati voi &#8211; 70 volte 7\u201d<\/strong>, il ciclo sul perdono condotto da Alessandro Sortino su Tv2000. Al centro della serata il docufilm <strong>\u201cVerso casa\u201d<\/strong> della regista modenese Claudia Tosi.<\/p>\n<p>\u00c8 il racconto del ritorno di Svjetlana a Mostar, la citt\u00e0 della Bosnia Ergegovina dove \u00e8 nata e da cui, pi\u00f9 di vent\u2019anni fa, \u00e8 stata costretta a scappare a causa della guerra. Viaggio attraverso luoghi e ricordi per riabbracciare suo padre e suo fratello, per fare i conti con un passato che non c\u2019\u00e8 pi\u00f9, per conoscere il nuovo volto della citt\u00e0. E per riconciliarsi con la madre morta.<\/p>\n<p>Al termine, le interviste in studio di\u00a0 Alessandro Sortino, autore e conduttore, per riflettere sul perdono in tempo di guerra. Ospiti della serata: Ismaeel Dawood, rappresentante dell\u2019associazione \u201cUn ponte per\u201d, la religiosa albanese Suor Elena Lulashi, il fotografo Danilo Balducci, e Padre Alfredo Feretti, direttore del centro \u201cLa famiglia\u201d.<\/p>\n","protected":false},"excerpt":{"rendered":"Marted\u00ec 5 gennaio, alle 21.00, va in onda la terza puntata di \u201cBeati voi &#8211; 70 volte 7\u201d, il ciclo sul perdono condotto da Alessandro Sortino su Tv2000. Al centro della serata il docufilm \u201cVerso casa\u201d della regista modenese Claudia Tosi. \u00c8 il racconto del ritorno di Svjetlana a Mostar, la citt\u00e0 della Bosnia Ergegovina [&hellip;]","protected":false},"author":26,"featured_media":0,"comment_status":"closed","ping_status":"closed","sticky":false,"template":"","format":"standard","meta":{"_acf_changed":false,"footnotes":""},"categories":[73],"tags":[],"class_list":["post-2915","post","type-post","status-publish","format-standard","hentry","category-comunicati"],"acf":[],"aioseo_notices":[],"_links":{"self":[{"href":"https:\/\/www.tv2000.it\/beativoi\/wp-json\/wp\/v2\/posts\/2915","targetHints":{"allow":["GET"]}}],"collection":[{"href":"https:\/\/www.tv2000.it\/beativoi\/wp-json\/wp\/v2\/posts"}],"about":[{"href":"https:\/\/www.tv2000.it\/beativoi\/wp-json\/wp\/v2\/types\/post"}],"author":[{"embeddable":true,"href":"https:\/\/www.tv2000.it\/beativoi\/wp-json\/wp\/v2\/users\/26"}],"replies":[{"embeddable":true,"href":"https:\/\/www.tv2000.it\/beativoi\/wp-json\/wp\/v2\/comments?post=2915"}],"version-history":[{"count":3,"href":"https:\/\/www.tv2000.it\/beativoi\/wp-json\/wp\/v2\/posts\/2915\/revisions"}],"predecessor-version":[{"id":2920,"href":"https:\/\/www.tv2000.it\/beativoi\/wp-json\/wp\/v2\/posts\/2915\/revisions\/2920"}],"wp:attachment":[{"href":"https:\/\/www.tv2000.it\/beativoi\/wp-json\/wp\/v2\/media?parent=2915"}],"wp:term":[{"taxonomy":"category","embeddable":true,"href":"https:\/\/www.tv2000.it\/beativoi\/wp-json\/wp\/v2\/categories?post=2915"},{"taxonomy":"post_tag","embeddable":true,"href":"https:\/\/www.tv2000.it\/beativoi\/wp-json\/wp\/v2\/tags?post=2915"}],"curies":[{"name":"wp","href":"https:\/\/api.w.org\/{rel}","templated":true}]}}