{"id":498,"date":"2015-06-01T17:03:28","date_gmt":"2015-06-01T15:03:28","guid":{"rendered":"http:\/\/www.tv2000.it\/beativoi\/?p=498"},"modified":"2015-06-02T10:54:51","modified_gmt":"2015-06-02T08:54:51","slug":"susanna-bo-la-buona-battaglia-una-storia-vera-da-raccontare","status":"publish","type":"post","link":"https:\/\/www.tv2000.it\/beativoi\/2015\/06\/01\/susanna-bo-la-buona-battaglia-una-storia-vera-da-raccontare\/","title":{"rendered":"Susanna Bo &#8211; &#8220;La buona battaglia. Una storia (vera) da raccontare&#8221;"},"content":{"rendered":"<p><a href=\"http:\/\/www.tv2000.it\/beativoi\/wp-content\/uploads\/sites\/25\/2015\/06\/SUSANNA-NO-cover-libro-978-88-6362-075-7.jpg\"><img decoding=\"async\" class=\" size-full wp-image-492 aligncenter\" src=\"http:\/\/www.tv2000.it\/beativoi\/wp-content\/uploads\/sites\/25\/2015\/06\/SUSANNA-NO-cover-libro-978-88-6362-075-7.jpg\" alt=\"SUSANNA-NO-cover-libro-978-88-6362-075-7\" width=\"514\" height=\"800\" srcset=\"https:\/\/www.tv2000.it\/beativoi\/wp-content\/uploads\/sites\/25\/2015\/06\/SUSANNA-NO-cover-libro-978-88-6362-075-7.jpg 514w, https:\/\/www.tv2000.it\/beativoi\/wp-content\/uploads\/sites\/25\/2015\/06\/SUSANNA-NO-cover-libro-978-88-6362-075-7-193x300.jpg 193w, https:\/\/www.tv2000.it\/beativoi\/wp-content\/uploads\/sites\/25\/2015\/06\/SUSANNA-NO-cover-libro-978-88-6362-075-7-17x27.jpg 17w, https:\/\/www.tv2000.it\/beativoi\/wp-content\/uploads\/sites\/25\/2015\/06\/SUSANNA-NO-cover-libro-978-88-6362-075-7-280x436.jpg 280w\" sizes=\"(max-width: 514px) 100vw, 514px\" \/><\/a><\/p>\n<p><em>La buona battaglia. Una storia (vera) da raccontare<\/em>, Ed Chirico<\/p>\n<p>Susanna Bo non \u00e8 soltanto autrice di una storia autobiografica come tante, ma \u00e8 &#8211; a differenza di molti che raccontano se stessi in versi o in prosa &#8211; una scrittrice con un suo stile e una vocazione narrativa molto forte, grazie a cui sa ben dosare gli elementi del racconto per spingere il lettore alle risa e alle lacrime, a volte nello stesso tempo, e ad alzare lo sguardo. Questa \u00e8 una &#8220;storia vera&#8221; e per\u00f2 \u00e8 allo stesso tempo un &#8220;romanzo&#8221;, con una sua struttura che man mano si \u00e8 imposta alla spontaneit\u00e0 diaristica e ubbidisce allo statuto narrativo proprio del genere letterario, grazie a una scansione degli avvenimenti non solo cronologica. Al suo interno campeggiano i due protagonisti: Susi, &#8220;la brava ragazza&#8221; tutta casa e chiesa ma insofferente degli stereotipi, inguaribilmente ironica e autoironica; Luigi, &#8220;l&#8217;ateo&#8221;, pi\u00f9 esperto di discoteche che di chiese, l&#8217;ingegnere di poche parole che diventer\u00e0 l&#8217;amore della sua vita e la guida, anche per lei, nel condurre la sua e la loro &#8220;buona battaglia&#8221;; intorno si muovono altri personaggi reali, l&#8217;amico di infanzia, le giovani coppie, i genitori: e lo sfondo \u00e8 &#8211; per quanto volutamente sfumato &#8211; una piccola citt\u00e0 di provincia a forte vocazione turistica, inquadrata con la sua riviera da un obiettivo che non \u00e8 quello del turista.<\/p>\n","protected":false},"excerpt":{"rendered":"La buona battaglia. Una storia (vera) da raccontare, Ed Chirico Susanna Bo non \u00e8 soltanto autrice di una storia autobiografica come tante, ma \u00e8 &#8211; a differenza di molti che raccontano se stessi in versi o in prosa &#8211; una scrittrice con un suo stile e una vocazione narrativa molto forte, grazie a cui sa [&hellip;]","protected":false},"author":20,"featured_media":492,"comment_status":"open","ping_status":"open","sticky":false,"template":"","format":"standard","meta":{"_acf_changed":false,"footnotes":""},"categories":[11],"tags":[],"class_list":["post-498","post","type-post","status-publish","format-standard","has-post-thumbnail","hentry","category-libri"],"acf":[],"aioseo_notices":[],"featured_image_url":"https:\/\/www.tv2000.it\/beativoi\/wp-content\/uploads\/sites\/25\/2015\/06\/SUSANNA-NO-cover-libro-978-88-6362-075-7.jpg","_links":{"self":[{"href":"https:\/\/www.tv2000.it\/beativoi\/wp-json\/wp\/v2\/posts\/498","targetHints":{"allow":["GET"]}}],"collection":[{"href":"https:\/\/www.tv2000.it\/beativoi\/wp-json\/wp\/v2\/posts"}],"about":[{"href":"https:\/\/www.tv2000.it\/beativoi\/wp-json\/wp\/v2\/types\/post"}],"author":[{"embeddable":true,"href":"https:\/\/www.tv2000.it\/beativoi\/wp-json\/wp\/v2\/users\/20"}],"replies":[{"embeddable":true,"href":"https:\/\/www.tv2000.it\/beativoi\/wp-json\/wp\/v2\/comments?post=498"}],"version-history":[{"count":2,"href":"https:\/\/www.tv2000.it\/beativoi\/wp-json\/wp\/v2\/posts\/498\/revisions"}],"predecessor-version":[{"id":531,"href":"https:\/\/www.tv2000.it\/beativoi\/wp-json\/wp\/v2\/posts\/498\/revisions\/531"}],"wp:featuredmedia":[{"embeddable":true,"href":"https:\/\/www.tv2000.it\/beativoi\/wp-json\/wp\/v2\/media\/492"}],"wp:attachment":[{"href":"https:\/\/www.tv2000.it\/beativoi\/wp-json\/wp\/v2\/media?parent=498"}],"wp:term":[{"taxonomy":"category","embeddable":true,"href":"https:\/\/www.tv2000.it\/beativoi\/wp-json\/wp\/v2\/categories?post=498"},{"taxonomy":"post_tag","embeddable":true,"href":"https:\/\/www.tv2000.it\/beativoi\/wp-json\/wp\/v2\/tags?post=498"}],"curies":[{"name":"wp","href":"https:\/\/api.w.org\/{rel}","templated":true}]}}