{"id":502,"date":"2015-06-01T17:06:37","date_gmt":"2015-06-01T15:06:37","guid":{"rendered":"http:\/\/www.tv2000.it\/beativoi\/?p=502"},"modified":"2015-06-02T10:54:46","modified_gmt":"2015-06-02T08:54:46","slug":"mario-melazzini-daniele-che-avra-20-anni-nel-2020","status":"publish","type":"post","link":"https:\/\/www.tv2000.it\/beativoi\/2015\/06\/01\/mario-melazzini-daniele-che-avra-20-anni-nel-2020\/","title":{"rendered":"Mario Melazzini &#8211; &#8220;Daniele che avr\u00e0 20 anni nel 2020&#8221;"},"content":{"rendered":"<p><a href=\"http:\/\/www.tv2000.it\/beativoi\/wp-content\/uploads\/sites\/25\/2015\/06\/MARIO-MELAZZINI-Daniele-che-avr\u00e0-20-anni-nel-2020-cover.jpg\"><img decoding=\"async\" class=\"aligncenter size-full wp-image-489\" src=\"http:\/\/www.tv2000.it\/beativoi\/wp-content\/uploads\/sites\/25\/2015\/06\/MARIO-MELAZZINI-Daniele-che-avr\u00e0-20-anni-nel-2020-cover.jpg\" alt=\"MARIO-MELAZZINI--Daniele-che-avr\u00e0-20-anni-nel-2020--cover\" width=\"514\" height=\"800\" srcset=\"https:\/\/www.tv2000.it\/beativoi\/wp-content\/uploads\/sites\/25\/2015\/06\/MARIO-MELAZZINI-Daniele-che-avr\u00e0-20-anni-nel-2020-cover.jpg 514w, https:\/\/www.tv2000.it\/beativoi\/wp-content\/uploads\/sites\/25\/2015\/06\/MARIO-MELAZZINI-Daniele-che-avr\u00e0-20-anni-nel-2020-cover-193x300.jpg 193w, https:\/\/www.tv2000.it\/beativoi\/wp-content\/uploads\/sites\/25\/2015\/06\/MARIO-MELAZZINI-Daniele-che-avr\u00e0-20-anni-nel-2020-cover-17x27.jpg 17w, https:\/\/www.tv2000.it\/beativoi\/wp-content\/uploads\/sites\/25\/2015\/06\/MARIO-MELAZZINI-Daniele-che-avr\u00e0-20-anni-nel-2020-cover-280x436.jpg 280w\" sizes=\"(max-width: 514px) 100vw, 514px\" \/><\/a><\/p>\n<p><em>Daniele che avr\u00e0 20 anni nel 2020. <\/em>San Paolo Edizioni<strong>\u00a0<\/strong><\/p>\n<p>Mario Melazzini, malato di SLA, \u00e8 ormai da anni noto anche al grande pubblico per le sue battaglie per gli ammalati, perch\u00e9 siano messi nelle condizioni migliori possibili. Alla luce di quanto elaborato dall.Onu circa la disabilit\u00e0, che introduce il concetto di &#8220;persona con disabilit\u00e0&#8221; &#8211; disabilit\u00e0 che pu\u00f2 toccare ogni persona &#8211; Melazzini ha portato la Regione Lombardia a elaborare un piano decennale d&#8217;Azione per le disabilit\u00e0 estremamente innovativo, sia per contenuti che per modalit\u00e0. Il volume, scritto da Mario Melazzini e Emma Neri, \u00e8 un mix di racconti, testimonianze e interventi che hanno portato appunto ad elaborare coloro che hanno aiutato Melazzini nel suo compito. &#8220;Nella camera di Daniele, arredata con un amore che i colori, il cestone di pupazzi, gli omini della Playmobil non bastano a descrivere, c&#8217;\u00e8 un grande disegno appeso alla parete. Lo ha fatto Daniele: al centro, c&#8217;\u00e8 lui, con una corona reale sulla testa. Intorno, la mamma e il babbo, le sorelle, la nonna. Perch\u00e9 Daniele \u00e8 un bambino felice: ogni sua mossa comunica una gioia di vivere che incanta e stupisce. Daniele che alla sua famiglia d\u00e0 molto pi\u00f9 di quanto chieda: &#8220;Qualche volta ha un attimo di tristezza, ma il suo bello \u00e8 che \u00e8 sempre allegro&#8221; dice Paola. &#8220;Se \u00e8 contento lui, non posso dire di essere triste io. Se \u00e8 felice lui, possono esserlo tutti: questo \u00e8 il grande insegnamento che ti danno bambini come lui e tanti altri che ho conosciuto&#8221;.<\/p>\n","protected":false},"excerpt":{"rendered":"Daniele che avr\u00e0 20 anni nel 2020. San Paolo Edizioni\u00a0 Mario Melazzini, malato di SLA, \u00e8 ormai da anni noto anche al grande pubblico per le sue battaglie per gli ammalati, perch\u00e9 siano messi nelle condizioni migliori possibili. Alla luce di quanto elaborato dall.Onu circa la disabilit\u00e0, che introduce il concetto di &#8220;persona con disabilit\u00e0&#8221; [&hellip;]","protected":false},"author":20,"featured_media":489,"comment_status":"open","ping_status":"open","sticky":false,"template":"","format":"standard","meta":{"_acf_changed":false,"footnotes":""},"categories":[11],"tags":[],"class_list":["post-502","post","type-post","status-publish","format-standard","has-post-thumbnail","hentry","category-libri"],"acf":[],"aioseo_notices":[],"featured_image_url":"https:\/\/www.tv2000.it\/beativoi\/wp-content\/uploads\/sites\/25\/2015\/06\/MARIO-MELAZZINI-Daniele-che-avr\u00e0-20-anni-nel-2020-cover.jpg","_links":{"self":[{"href":"https:\/\/www.tv2000.it\/beativoi\/wp-json\/wp\/v2\/posts\/502","targetHints":{"allow":["GET"]}}],"collection":[{"href":"https:\/\/www.tv2000.it\/beativoi\/wp-json\/wp\/v2\/posts"}],"about":[{"href":"https:\/\/www.tv2000.it\/beativoi\/wp-json\/wp\/v2\/types\/post"}],"author":[{"embeddable":true,"href":"https:\/\/www.tv2000.it\/beativoi\/wp-json\/wp\/v2\/users\/20"}],"replies":[{"embeddable":true,"href":"https:\/\/www.tv2000.it\/beativoi\/wp-json\/wp\/v2\/comments?post=502"}],"version-history":[{"count":2,"href":"https:\/\/www.tv2000.it\/beativoi\/wp-json\/wp\/v2\/posts\/502\/revisions"}],"predecessor-version":[{"id":529,"href":"https:\/\/www.tv2000.it\/beativoi\/wp-json\/wp\/v2\/posts\/502\/revisions\/529"}],"wp:featuredmedia":[{"embeddable":true,"href":"https:\/\/www.tv2000.it\/beativoi\/wp-json\/wp\/v2\/media\/489"}],"wp:attachment":[{"href":"https:\/\/www.tv2000.it\/beativoi\/wp-json\/wp\/v2\/media?parent=502"}],"wp:term":[{"taxonomy":"category","embeddable":true,"href":"https:\/\/www.tv2000.it\/beativoi\/wp-json\/wp\/v2\/categories?post=502"},{"taxonomy":"post_tag","embeddable":true,"href":"https:\/\/www.tv2000.it\/beativoi\/wp-json\/wp\/v2\/tags?post=502"}],"curies":[{"name":"wp","href":"https:\/\/api.w.org\/{rel}","templated":true}]}}