{"id":506,"date":"2015-06-02T10:54:14","date_gmt":"2015-06-02T08:54:14","guid":{"rendered":"http:\/\/www.tv2000.it\/beativoi\/?p=506"},"modified":"2015-06-02T10:54:42","modified_gmt":"2015-06-02T08:54:42","slug":"mario-melazzini-ma-che-cosa-ho-di-diverso-conversazioni-sul-dolore-la-malattia-e-la-vita","status":"publish","type":"post","link":"https:\/\/www.tv2000.it\/beativoi\/2015\/06\/02\/mario-melazzini-ma-che-cosa-ho-di-diverso-conversazioni-sul-dolore-la-malattia-e-la-vita\/","title":{"rendered":"Mario Melazzini: &#8220;Ma che cosa ho di diverso? Conversazioni sul dolore, la malattia e la vita &#8220;"},"content":{"rendered":"<p><a href=\"http:\/\/www.tv2000.it\/beativoi\/wp-content\/uploads\/sites\/25\/2015\/06\/MARIO-MELAZZINI-Ma-che-cosa-ho-di-diverso-cover.jpg\"><img decoding=\"async\" class=\"aligncenter size-full wp-image-490\" src=\"http:\/\/www.tv2000.it\/beativoi\/wp-content\/uploads\/sites\/25\/2015\/06\/MARIO-MELAZZINI-Ma-che-cosa-ho-di-diverso-cover.jpg\" alt=\"MARIO-MELAZZINI--Ma-che-cosa-ho-di-diverso-cover\" width=\"514\" height=\"800\" srcset=\"https:\/\/www.tv2000.it\/beativoi\/wp-content\/uploads\/sites\/25\/2015\/06\/MARIO-MELAZZINI-Ma-che-cosa-ho-di-diverso-cover.jpg 514w, https:\/\/www.tv2000.it\/beativoi\/wp-content\/uploads\/sites\/25\/2015\/06\/MARIO-MELAZZINI-Ma-che-cosa-ho-di-diverso-cover-193x300.jpg 193w, https:\/\/www.tv2000.it\/beativoi\/wp-content\/uploads\/sites\/25\/2015\/06\/MARIO-MELAZZINI-Ma-che-cosa-ho-di-diverso-cover-17x27.jpg 17w, https:\/\/www.tv2000.it\/beativoi\/wp-content\/uploads\/sites\/25\/2015\/06\/MARIO-MELAZZINI-Ma-che-cosa-ho-di-diverso-cover-280x436.jpg 280w\" sizes=\"(max-width: 514px) 100vw, 514px\" \/><\/a><\/p>\n<p><em>Ma che cosa ho di diverso? Conversazioni sul dolore, la malattia e la vita<\/em> \u2013 San Paolo Edizioni<strong>\u00a0<\/strong><\/p>\n<p>Diritto di morire o libert\u00e0 di vivere? Eutanasia o accanimento terapeutico? Autodeterminazione o alleanza? Il confronto serio e costruttivo con tutti i protagonisti del dibattito in corso passa da una condizione preliminare: intendersi sulle parole. Mario Melazzini, noto al grande pubblico per i suoi interventi su questi temi, contro una certa &#8220;bioetica laicista&#8221;, pi\u00f9 volte intervistato in TV soprattutto in occasione del &#8220;caso Welby&#8221;, \u00e8 malato di SLA ma non vuole morire: &#8220;Io non ho mai sentito dire a dei malati che hanno provato sulla loro pelle determinate situazioni: non voglio che mi sia fatto questo trattamento, voglio morire a tutti i costi&#8221;. Secondo Melazzini, che in questo libro riflette sui pregiudizi del dualismo &#8220;sano\/malato&#8221;, siamo di fronte ad una societ\u00e0 folle, che ha perso di vista la posta in gioco, il senso del vivere e del morire. Al fondo del dibattito sta il vero problema, la disabilit\u00e0 come nuova frontiera della giustizia: &#8220;Perch\u00e9 noi disabili non possiamo essere liberi di vivere? Perch\u00e9 le nostre citt\u00e0 sono disseminate di barriere architettoniche? Questo dimostra che siamo di fatto degli emarginati. La fragilit\u00e0 e la malattia diventano veicoli di isolamento sociale<\/p>\n","protected":false},"excerpt":{"rendered":"Ma che cosa ho di diverso? Conversazioni sul dolore, la malattia e la vita \u2013 San Paolo Edizioni\u00a0 Diritto di morire o libert\u00e0 di vivere? Eutanasia o accanimento terapeutico? Autodeterminazione o alleanza? Il confronto serio e costruttivo con tutti i protagonisti del dibattito in corso passa da una condizione preliminare: intendersi sulle parole. Mario Melazzini, [&hellip;]","protected":false},"author":20,"featured_media":490,"comment_status":"open","ping_status":"open","sticky":false,"template":"","format":"standard","meta":{"_acf_changed":false,"footnotes":""},"categories":[11],"tags":[],"class_list":["post-506","post","type-post","status-publish","format-standard","has-post-thumbnail","hentry","category-libri"],"acf":[],"aioseo_notices":[],"featured_image_url":"https:\/\/www.tv2000.it\/beativoi\/wp-content\/uploads\/sites\/25\/2015\/06\/MARIO-MELAZZINI-Ma-che-cosa-ho-di-diverso-cover.jpg","_links":{"self":[{"href":"https:\/\/www.tv2000.it\/beativoi\/wp-json\/wp\/v2\/posts\/506","targetHints":{"allow":["GET"]}}],"collection":[{"href":"https:\/\/www.tv2000.it\/beativoi\/wp-json\/wp\/v2\/posts"}],"about":[{"href":"https:\/\/www.tv2000.it\/beativoi\/wp-json\/wp\/v2\/types\/post"}],"author":[{"embeddable":true,"href":"https:\/\/www.tv2000.it\/beativoi\/wp-json\/wp\/v2\/users\/20"}],"replies":[{"embeddable":true,"href":"https:\/\/www.tv2000.it\/beativoi\/wp-json\/wp\/v2\/comments?post=506"}],"version-history":[{"count":1,"href":"https:\/\/www.tv2000.it\/beativoi\/wp-json\/wp\/v2\/posts\/506\/revisions"}],"predecessor-version":[{"id":507,"href":"https:\/\/www.tv2000.it\/beativoi\/wp-json\/wp\/v2\/posts\/506\/revisions\/507"}],"wp:featuredmedia":[{"embeddable":true,"href":"https:\/\/www.tv2000.it\/beativoi\/wp-json\/wp\/v2\/media\/490"}],"wp:attachment":[{"href":"https:\/\/www.tv2000.it\/beativoi\/wp-json\/wp\/v2\/media?parent=506"}],"wp:term":[{"taxonomy":"category","embeddable":true,"href":"https:\/\/www.tv2000.it\/beativoi\/wp-json\/wp\/v2\/categories?post=506"},{"taxonomy":"post_tag","embeddable":true,"href":"https:\/\/www.tv2000.it\/beativoi\/wp-json\/wp\/v2\/tags?post=506"}],"curies":[{"name":"wp","href":"https:\/\/api.w.org\/{rel}","templated":true}]}}