{"id":6275,"date":"2020-02-03T14:57:04","date_gmt":"2020-02-03T13:57:04","guid":{"rendered":"http:\/\/www.tv2000.it\/borghiditalia\/?p=6275"},"modified":"2022-06-21T19:56:44","modified_gmt":"2022-06-21T17:56:44","slug":"borgo-virgilio-mantova","status":"publish","type":"post","link":"https:\/\/www.tv2000.it\/borghiditalia\/2020\/02\/03\/borgo-virgilio-mantova\/","title":{"rendered":"Borgo Virgilio (Mantova)"},"content":{"rendered":"<p style=\"text-align: justify;\"><img decoding=\"async\" class=\"wp-image-6276 alignright\" src=\"https:\/\/www.tv2000.it\/borghiditalia\/wp-content\/uploads\/sites\/13\/2020\/02\/Borgo_Virgilio-Stemma.png\" alt=\"\" width=\"263\" height=\"251\" srcset=\"https:\/\/www.tv2000.it\/borghiditalia\/wp-content\/uploads\/sites\/13\/2020\/02\/Borgo_Virgilio-Stemma.png 524w, https:\/\/www.tv2000.it\/borghiditalia\/wp-content\/uploads\/sites\/13\/2020\/02\/Borgo_Virgilio-Stemma-300x286.png 300w, https:\/\/www.tv2000.it\/borghiditalia\/wp-content\/uploads\/sites\/13\/2020\/02\/Borgo_Virgilio-Stemma-28x27.png 28w, https:\/\/www.tv2000.it\/borghiditalia\/wp-content\/uploads\/sites\/13\/2020\/02\/Borgo_Virgilio-Stemma-280x267.png 280w\" sizes=\"(max-width: 263px) 100vw, 263px\" \/>&nbsp;Borghi d&#8217;Italia fa tappa a Borgo Virgilio, luogo natale del sommo poeta Virgilio. Il Comune dalle radici antiche \u00e8 nato nel 2014 dalla fusione dei due centri di Borgoforte e Virgilio. Il programma \u00e8 raccontato dal sindaco, dal moderatore dell&#8217;Unit\u00e0 Pastorale e dagli altri protagonisti del vasto territorio. Visitiamo i borghi, le chiese, il forte di Pietole, il polo museale, il forte di Borgoforte e l&#8217;antica fornace Polirone. Protagonisti anche il Po, il Mincio e il paesaggio bucolico molto caro a Virgilio. Poi presentiamo il Parco Letterario intitolato al poeta e collegato alla rete dei Parchi Letterari della Societ\u00e0 Dante Alighieri. Inoltre non mancano i piatti della tradizione locale.<\/p>\n<div class=\"fluid-embed-container\"><iframe title=\"Borgo Virgilio (Mantova) - Borghi d&#039;Italia (Tv2000)\" width=\"640\" height=\"360\" src=\"https:\/\/www.youtube.com\/embed\/Jm1IMiI_8e8?feature=oembed\" frameborder=\"0\" allow=\"accelerometer; autoplay; clipboard-write; encrypted-media; gyroscope; picture-in-picture; web-share\" referrerpolicy=\"strict-origin-when-cross-origin\" allowfullscreen><\/iframe><\/div>\n<p>&nbsp;<iframe style=\"border: 0;\" src=\"https:\/\/www.google.com\/maps\/embed?pb=!1m18!1m12!1m3!1d180281.23376707963!2d10.634943956762!3d45.087936977270715!2m3!1f0!2f0!3f0!3m2!1i1024!2i768!4f13.1!3m3!1m2!1s0x47802b6f6b55a685%3A0x40678022e672be0!2s46030%20Borgo%20Virgilio%20MN!5e0!3m2!1sit!2sit!4v1580738173202!5m2!1sit!2sit\" width=\"600\" height=\"450\" frameborder=\"0\" allowfullscreen=\"allowfullscreen\"><\/iframe><\/p>\n","protected":false},"excerpt":{"rendered":"&nbsp;Borghi d&#8217;Italia fa tappa a Borgo Virgilio, luogo natale del sommo poeta Virgilio. Il Comune dalle radici antiche \u00e8 nato nel 2014 dalla fusione dei due centri di Borgoforte e Virgilio. Il programma \u00e8 raccontato dal sindaco, dal moderatore dell&#8217;Unit\u00e0 Pastorale e dagli altri protagonisti del vasto territorio. Visitiamo i borghi, le chiese, il forte [&hellip;]","protected":false},"author":6,"featured_media":6266,"comment_status":"open","ping_status":"open","sticky":false,"template":"","format":"standard","meta":{"_acf_changed":false,"footnotes":""},"categories":[13],"tags":[31,22],"class_list":["post-6275","post","type-post","status-publish","format-standard","has-post-thumbnail","hentry","category-puntate","tag-pellegrinaggi","tag-turismo"],"acf":[],"aioseo_notices":[],"featured_image_url":"https:\/\/www.tv2000.it\/borghiditalia\/wp-content\/uploads\/sites\/13\/2020\/02\/Borgo-Virgilio-9-1024x768.jpg","_links":{"self":[{"href":"https:\/\/www.tv2000.it\/borghiditalia\/wp-json\/wp\/v2\/posts\/6275","targetHints":{"allow":["GET"]}}],"collection":[{"href":"https:\/\/www.tv2000.it\/borghiditalia\/wp-json\/wp\/v2\/posts"}],"about":[{"href":"https:\/\/www.tv2000.it\/borghiditalia\/wp-json\/wp\/v2\/types\/post"}],"author":[{"embeddable":true,"href":"https:\/\/www.tv2000.it\/borghiditalia\/wp-json\/wp\/v2\/users\/6"}],"replies":[{"embeddable":true,"href":"https:\/\/www.tv2000.it\/borghiditalia\/wp-json\/wp\/v2\/comments?post=6275"}],"version-history":[{"count":2,"href":"https:\/\/www.tv2000.it\/borghiditalia\/wp-json\/wp\/v2\/posts\/6275\/revisions"}],"predecessor-version":[{"id":8371,"href":"https:\/\/www.tv2000.it\/borghiditalia\/wp-json\/wp\/v2\/posts\/6275\/revisions\/8371"}],"wp:featuredmedia":[{"embeddable":true,"href":"https:\/\/www.tv2000.it\/borghiditalia\/wp-json\/wp\/v2\/media\/6266"}],"wp:attachment":[{"href":"https:\/\/www.tv2000.it\/borghiditalia\/wp-json\/wp\/v2\/media?parent=6275"}],"wp:term":[{"taxonomy":"category","embeddable":true,"href":"https:\/\/www.tv2000.it\/borghiditalia\/wp-json\/wp\/v2\/categories?post=6275"},{"taxonomy":"post_tag","embeddable":true,"href":"https:\/\/www.tv2000.it\/borghiditalia\/wp-json\/wp\/v2\/tags?post=6275"}],"curies":[{"name":"wp","href":"https:\/\/api.w.org\/{rel}","templated":true}]}}