{"id":210,"date":"2016-02-08T20:00:30","date_gmt":"2016-02-08T19:00:30","guid":{"rendered":"http:\/\/www.tv2000.it\/buongiornoprofessore\/?p=210"},"modified":"2016-02-05T13:29:57","modified_gmt":"2016-02-05T12:29:57","slug":"buongiorno-professore-18-puntata","status":"publish","type":"post","link":"https:\/\/www.tv2000.it\/buongiornoprofessore\/2016\/02\/08\/buongiorno-professore-18-puntata\/","title":{"rendered":"Buongiorno professore &#8211; 18^ puntata"},"content":{"rendered":"<p>L\u2019ultima lezione abbiamo lasciato aprirsi un discorso: ma la fede, \u00e8 solo un\u2019illusione o una realt\u00e0 concreta? Il cristianesimo si distingue dalle altre fedi perch\u00e9 \u00e8 basato su una storia vera, l\u2019incontro con Cristo. Per questo il credere \u00e8 ragionevole, ma non razionale. La fede \u00e8 un dono, una grazia, una virt\u00f9 teologale: fede, carit\u00e0, speranza. Che si differenziano da quelle cardinali: fortezza, giustizia, temperanza, prudenza. Ma nella fede vive anche la libera ragione dell\u2019uomo, a cui egli aderisce spontaneamente. D\u2019altronde lo diceva gi\u00e0 Shakespeare: ci sono molte pi\u00f9 cose in terra che nella tua filosofia, Orazio. Ancora pi\u00f9 evocativo \u00e8 un altro detto, ebraico, che recita cos\u00ec: l\u2019uomo pensa, Dio ride.<\/p>\n<p>L\u2019uomo pu\u00f2 infatti credere a questo mistero sconvolgente: la vita \u00e8 grande, e continua. La fede \u00e8 invece un atto libero: siamo nel campo della libert\u00e0, e non della necessit\u00e0. Freud, a Roma, ha passato giornate intere alla Basilica di San Pietro in Vincoli, osservando la scultura del Mos\u00e8 di Michelangelo. In quei momenti Freud si domandava: i popoli sono usi a costruire divinit\u00e0 a seconda delle loro necessit\u00e0. Gli ebrei invece, unici monoteisti, con a capo la figura di Mos\u00e8, sono un popolo sempre sconfitto, che perde. Allora perch\u00e9 non l\u2019hanno mai abbandonato, il loro Dio?<\/p>\n<p>Il Dio della Bibbia non ama tanto i concetti astratti, come la libert\u00e0, ma la concretezza. Perch\u00e9 in principio era il Verbo. Il popolo di Israele ha vissuto l\u2019esperienza di essere liberato. Ma perch\u00e9 in un secondo momento non volevano pi\u00f9 essere liberati, ne avevano timore, paura? Perch\u00e9 nella condizione precedente, nonostante fossero schiavi, avevano di che vivere.<\/p>\n<p>Ecco, noi uomini spesso abbiamo paura di vivere e ci limitiamo a vivacchiare. Assieme alla libert\u00e0 c\u2019\u00e8 perci\u00f2 sempre intimamente connaturata anche la responsabilit\u00e0: nel deserto si \u00e8 obbligati a\u00a0 camminare con le proprie gambe. \u00c8 proprio cos\u00ec, l\u2019uomo si spaventa perch\u00e9 deve camminare con le proprie gambe. Ma c\u2019\u00e8 una forza pi\u00f9 grande che lo guida: \u00e8 quella della fede.<\/p>\n<!-- ERRORE KALTURA: SSL certificate problem: certificate has expired. RC : 0 -->\n","protected":false},"excerpt":{"rendered":"L\u2019ultima lezione abbiamo lasciato aprirsi un discorso: ma la fede, \u00e8 solo un\u2019illusione o una realt\u00e0 concreta? Il cristianesimo si distingue dalle altre fedi perch\u00e9 \u00e8 basato su una storia vera, l\u2019incontro con Cristo. Per questo il credere \u00e8 ragionevole, ma non razionale. La fede \u00e8 un dono, una grazia, una virt\u00f9 teologale: fede, carit\u00e0, [&hellip;]","protected":false},"author":10,"featured_media":211,"comment_status":"open","ping_status":"open","sticky":false,"template":"","format":"standard","meta":{"_acf_changed":false,"footnotes":""},"categories":[4],"tags":[],"class_list":["post-210","post","type-post","status-publish","format-standard","has-post-thumbnail","hentry","category-puntate"],"acf":[],"aioseo_notices":[],"featured_image_url":"https:\/\/www.tv2000.it\/buongiornoprofessore\/wp-content\/uploads\/sites\/27\/2016\/02\/Prof-8-febbraio.png","_links":{"self":[{"href":"https:\/\/www.tv2000.it\/buongiornoprofessore\/wp-json\/wp\/v2\/posts\/210","targetHints":{"allow":["GET"]}}],"collection":[{"href":"https:\/\/www.tv2000.it\/buongiornoprofessore\/wp-json\/wp\/v2\/posts"}],"about":[{"href":"https:\/\/www.tv2000.it\/buongiornoprofessore\/wp-json\/wp\/v2\/types\/post"}],"author":[{"embeddable":true,"href":"https:\/\/www.tv2000.it\/buongiornoprofessore\/wp-json\/wp\/v2\/users\/10"}],"replies":[{"embeddable":true,"href":"https:\/\/www.tv2000.it\/buongiornoprofessore\/wp-json\/wp\/v2\/comments?post=210"}],"version-history":[{"count":2,"href":"https:\/\/www.tv2000.it\/buongiornoprofessore\/wp-json\/wp\/v2\/posts\/210\/revisions"}],"predecessor-version":[{"id":214,"href":"https:\/\/www.tv2000.it\/buongiornoprofessore\/wp-json\/wp\/v2\/posts\/210\/revisions\/214"}],"wp:featuredmedia":[{"embeddable":true,"href":"https:\/\/www.tv2000.it\/buongiornoprofessore\/wp-json\/wp\/v2\/media\/211"}],"wp:attachment":[{"href":"https:\/\/www.tv2000.it\/buongiornoprofessore\/wp-json\/wp\/v2\/media?parent=210"}],"wp:term":[{"taxonomy":"category","embeddable":true,"href":"https:\/\/www.tv2000.it\/buongiornoprofessore\/wp-json\/wp\/v2\/categories?post=210"},{"taxonomy":"post_tag","embeddable":true,"href":"https:\/\/www.tv2000.it\/buongiornoprofessore\/wp-json\/wp\/v2\/tags?post=210"}],"curies":[{"name":"wp","href":"https:\/\/api.w.org\/{rel}","templated":true}]}}