{"id":5136,"date":"2024-06-01T11:56:30","date_gmt":"2024-06-01T09:56:30","guid":{"rendered":"https:\/\/www.tv2000.it\/carogesu\/?p=5136"},"modified":"2024-06-11T18:13:52","modified_gmt":"2024-06-11T16:13:52","slug":"san-pio-da-pietrelcina-il-senso-delle-vacanze-e-giufa","status":"publish","type":"post","link":"https:\/\/www.tv2000.it\/carogesu\/2024\/06\/01\/san-pio-da-pietrelcina-il-senso-delle-vacanze-e-giufa\/","title":{"rendered":"San Pio da Pietrelcina, il senso delle vacanze e Giuf\u00e0"},"content":{"rendered":"<p>Stefano Iovino con i bambini in studio riflette sul senso delle vacanze e sul perch\u00e9 da Ges\u00f9 non ci si allontana neanche nel periodo estivo!<br \/>\nMario Incudine racconta le avventure di un personaggio della tradizione orale siciliana conosciuto come, credulone, per niente furbo e facile preda di malandrini e truffatori di ogni genere, il suo nome \u00e8 Giuf\u00e0. Disegni in studio di Stefania Pedna.<br \/>\nDin don Art e Tommasino realizzano delle eleganti bomboniere per le Prime Comunioni o Cresime. Don Dino Mazzoli nella rubrica 1,2,3 tocca a me diventa un tuttofare .<br \/>\nA Un Santo per Amico la commovente storia di San Pio da Pietrelcina! Disegni e animazione di Ugo d\u2019Orazio.<br \/>\nSuor Emma con i bambini in studio spiega cosa significa stare insieme in Cristo per Sempre.<\/p>\n<div class=\"fluid-embed-container\"><iframe title=\"Caro Ges\u00f9 (TV2000) 1 giugno 2024 - San Pio da Pietrelcina, il senso delle vacanze e Giuf\u00e0\" width=\"640\" height=\"360\" src=\"https:\/\/www.youtube.com\/embed\/Ab08yWDLKxc?feature=oembed\" frameborder=\"0\" allow=\"accelerometer; autoplay; clipboard-write; encrypted-media; gyroscope; picture-in-picture; web-share\" referrerpolicy=\"strict-origin-when-cross-origin\" allowfullscreen><\/iframe><\/div>\n","protected":false},"excerpt":{"rendered":"Stefano Iovino con i bambini in studio riflette sul senso delle vacanze e sul perch\u00e9 da Ges\u00f9 non ci si allontana neanche nel periodo estivo! Mario Incudine racconta le avventure di un personaggio della tradizione orale siciliana conosciuto come, credulone, per niente furbo e facile preda di malandrini e truffatori di ogni genere, il suo [&hellip;]","protected":false},"author":6,"featured_media":5137,"comment_status":"open","ping_status":"open","sticky":false,"template":"","format":"standard","meta":{"_acf_changed":false,"footnotes":""},"categories":[11],"tags":[],"class_list":["post-5136","post","type-post","status-publish","format-standard","has-post-thumbnail","hentry","category-puntata-2023-2024"],"acf":[],"aioseo_notices":[],"featured_image_url":"https:\/\/www.tv2000.it\/carogesu\/wp-content\/uploads\/sites\/68\/2024\/06\/caro-gesu-1-giugno-1024x576.jpg","_links":{"self":[{"href":"https:\/\/www.tv2000.it\/carogesu\/wp-json\/wp\/v2\/posts\/5136","targetHints":{"allow":["GET"]}}],"collection":[{"href":"https:\/\/www.tv2000.it\/carogesu\/wp-json\/wp\/v2\/posts"}],"about":[{"href":"https:\/\/www.tv2000.it\/carogesu\/wp-json\/wp\/v2\/types\/post"}],"author":[{"embeddable":true,"href":"https:\/\/www.tv2000.it\/carogesu\/wp-json\/wp\/v2\/users\/6"}],"replies":[{"embeddable":true,"href":"https:\/\/www.tv2000.it\/carogesu\/wp-json\/wp\/v2\/comments?post=5136"}],"version-history":[{"count":2,"href":"https:\/\/www.tv2000.it\/carogesu\/wp-json\/wp\/v2\/posts\/5136\/revisions"}],"predecessor-version":[{"id":5150,"href":"https:\/\/www.tv2000.it\/carogesu\/wp-json\/wp\/v2\/posts\/5136\/revisions\/5150"}],"wp:featuredmedia":[{"embeddable":true,"href":"https:\/\/www.tv2000.it\/carogesu\/wp-json\/wp\/v2\/media\/5137"}],"wp:attachment":[{"href":"https:\/\/www.tv2000.it\/carogesu\/wp-json\/wp\/v2\/media?parent=5136"}],"wp:term":[{"taxonomy":"category","embeddable":true,"href":"https:\/\/www.tv2000.it\/carogesu\/wp-json\/wp\/v2\/categories?post=5136"},{"taxonomy":"post_tag","embeddable":true,"href":"https:\/\/www.tv2000.it\/carogesu\/wp-json\/wp\/v2\/tags?post=5136"}],"curies":[{"name":"wp","href":"https:\/\/api.w.org\/{rel}","templated":true}]}}