{"id":10349,"date":"2026-03-15T10:00:08","date_gmt":"2026-03-15T09:00:08","guid":{"rendered":"http:\/\/www.tv2000.it\/docfilm\/?p=10349"},"modified":"2026-03-12T15:37:10","modified_gmt":"2026-03-12T14:37:10","slug":"brancaccio-sullassassinio-di-don-pino-puglisi","status":"publish","type":"post","link":"https:\/\/www.tv2000.it\/docfilm\/2026\/03\/15\/brancaccio-sullassassinio-di-don-pino-puglisi\/","title":{"rendered":"Brancaccio (parte 1 e 2)<br> Sabato 21 marzo in prima serata"},"content":{"rendered":"<p>&nbsp;<\/p>\n<p><strong><a href=\"https:\/\/www.tv2000.it\/docfilm\/wp-content\/uploads\/sites\/30\/2020\/08\/bra.jpg\"><img decoding=\"async\" class=\"size-full wp-image-10350 alignleft\" src=\"https:\/\/www.tv2000.it\/docfilm\/wp-content\/uploads\/sites\/30\/2020\/08\/bra.jpg\" alt=\"\" width=\"300\" height=\"400\"><\/a><\/strong><\/p>\n<p><strong>Sabato 21 marzo in prima serata&nbsp;<\/strong><\/p>\n<p><strong>MINISERIE: BRANCACCIO (parte 1 e2)<\/strong><\/p>\n<p><strong>Sinossi<\/strong>: Brancaccio \u00e8 il quartiere di Palermo dove \u00e8 stato nominato parroco Pino Puglisi che, nel 1993, \u00e8 stato assassinato dalla mafia. Una vita passata a combattere la cultura della mafia attraverso le parole del Vangelo, cercando di strappare i giovani dalla strada.<\/p>\n<p><strong>Regia<\/strong>: Gianfranco Albano<\/p>\n<p><strong>Cast<\/strong>: Ugo Dighero, Beppe Fiorello, Tiziana Lodato, Alessandro Agnello, Calogero Buffa<\/p>\n<p><strong>Anno di produzione:<\/strong> 2001<\/p>\n<p>&nbsp;<\/p>\n<p>&nbsp;<\/p>\n","protected":false},"excerpt":{"rendered":"&nbsp; Sabato 21 marzo in prima serata&nbsp; MINISERIE: BRANCACCIO (parte 1 e2) Sinossi: Brancaccio \u00e8 il quartiere di Palermo dove \u00e8 stato nominato parroco Pino Puglisi che, nel 1993, \u00e8 stato assassinato dalla mafia. Una vita passata a combattere la cultura della mafia attraverso le parole del Vangelo, cercando di strappare i giovani dalla strada. [&hellip;]","protected":false},"author":35,"featured_media":10350,"comment_status":"open","ping_status":"open","sticky":false,"template":"","format":"standard","meta":{"_acf_changed":false,"footnotes":""},"categories":[2],"tags":[],"class_list":["post-10349","post","type-post","status-publish","format-standard","has-post-thumbnail","hentry","category-film-in-programmazione"],"acf":[],"aioseo_notices":[],"featured_image_url":"https:\/\/www.tv2000.it\/docfilm\/wp-content\/uploads\/sites\/30\/2020\/08\/bra-e1598363453566.jpg","_links":{"self":[{"href":"https:\/\/www.tv2000.it\/docfilm\/wp-json\/wp\/v2\/posts\/10349","targetHints":{"allow":["GET"]}}],"collection":[{"href":"https:\/\/www.tv2000.it\/docfilm\/wp-json\/wp\/v2\/posts"}],"about":[{"href":"https:\/\/www.tv2000.it\/docfilm\/wp-json\/wp\/v2\/types\/post"}],"author":[{"embeddable":true,"href":"https:\/\/www.tv2000.it\/docfilm\/wp-json\/wp\/v2\/users\/35"}],"replies":[{"embeddable":true,"href":"https:\/\/www.tv2000.it\/docfilm\/wp-json\/wp\/v2\/comments?post=10349"}],"version-history":[{"count":6,"href":"https:\/\/www.tv2000.it\/docfilm\/wp-json\/wp\/v2\/posts\/10349\/revisions"}],"predecessor-version":[{"id":376115,"href":"https:\/\/www.tv2000.it\/docfilm\/wp-json\/wp\/v2\/posts\/10349\/revisions\/376115"}],"wp:featuredmedia":[{"embeddable":true,"href":"https:\/\/www.tv2000.it\/docfilm\/wp-json\/wp\/v2\/media\/10350"}],"wp:attachment":[{"href":"https:\/\/www.tv2000.it\/docfilm\/wp-json\/wp\/v2\/media?parent=10349"}],"wp:term":[{"taxonomy":"category","embeddable":true,"href":"https:\/\/www.tv2000.it\/docfilm\/wp-json\/wp\/v2\/categories?post=10349"},{"taxonomy":"post_tag","embeddable":true,"href":"https:\/\/www.tv2000.it\/docfilm\/wp-json\/wp\/v2\/tags?post=10349"}],"curies":[{"name":"wp","href":"https:\/\/api.w.org\/{rel}","templated":true}]}}