{"id":180706,"date":"2025-12-23T12:40:06","date_gmt":"2025-12-23T11:40:06","guid":{"rendered":"https:\/\/www.tv2000.it\/docfilm\/?p=180706"},"modified":"2025-12-17T13:30:45","modified_gmt":"2025-12-17T12:30:45","slug":"maria-di-nazareth-lunedi-13-e-20-maggio-ore-20-55","status":"publish","type":"post","link":"https:\/\/www.tv2000.it\/docfilm\/2025\/12\/23\/maria-di-nazareth-lunedi-13-e-20-maggio-ore-20-55\/","title":{"rendered":"Maria di Nazareth <br>Gioved\u00ec 1 gennaio in prima serata"},"content":{"rendered":"<p><b><span style=\"font-size: 11.0pt; font-family: 'Calibri',sans-serif; color: black;\"><img decoding=\"async\" class=\"size-large wp-image-180707 alignleft\" src=\"https:\/\/www.tv2000.it\/docfilm\/wp-content\/uploads\/sites\/30\/2024\/05\/MG_7181-1024x683.jpg\" alt=\"\" width=\"640\" height=\"427\" srcset=\"https:\/\/www.tv2000.it\/docfilm\/wp-content\/uploads\/sites\/30\/2024\/05\/MG_7181-1024x683.jpg 1024w, https:\/\/www.tv2000.it\/docfilm\/wp-content\/uploads\/sites\/30\/2024\/05\/MG_7181-300x200.jpg 300w, https:\/\/www.tv2000.it\/docfilm\/wp-content\/uploads\/sites\/30\/2024\/05\/MG_7181-768x512.jpg 768w, https:\/\/www.tv2000.it\/docfilm\/wp-content\/uploads\/sites\/30\/2024\/05\/MG_7181-1536x1024.jpg 1536w, https:\/\/www.tv2000.it\/docfilm\/wp-content\/uploads\/sites\/30\/2024\/05\/MG_7181-2048x1365.jpg 2048w, https:\/\/www.tv2000.it\/docfilm\/wp-content\/uploads\/sites\/30\/2024\/05\/MG_7181-41x27.jpg 41w, https:\/\/www.tv2000.it\/docfilm\/wp-content\/uploads\/sites\/30\/2024\/05\/MG_7181-280x187.jpg 280w, https:\/\/www.tv2000.it\/docfilm\/wp-content\/uploads\/sites\/30\/2024\/05\/MG_7181-650x433.jpg 650w\" sizes=\"(max-width: 640px) 100vw, 640px\" \/> Maria di Nazareth<\/span><\/b><\/p>\n<p><b><span style=\"font-size: 11.0pt; font-family: 'Calibri',sans-serif; color: black;\">Sinossi:<\/span><\/b><span style=\"font-size: 11.0pt; font-family: 'Calibri',sans-serif; color: black;\">&nbsp;Maria di Nazaret e Maria Maddalena sono due donne molto diverse, ma unite dallo stesso nome e dallo stesso uomo: Ges\u00f9. La prima dovr\u00e0 affrontare le responsabilit\u00e0 della maternit\u00e0 e del matrimonio con Giuseppe, mentre l\u2019altra accetter\u00e0 le lusinghe della vita di corte e entrer\u00e0 nel seguito della perfida Erodiade. Le vicende familiari di Maria, le sue ansie di madre e di moglie, si intrecciano quindi con la storia del popolo di Israele, impegnato nel tentativo di emancipazione dal giogo romano. <\/span><\/p>\n<p><b><span style=\"font-size: 11.0pt; font-family: 'Calibri',sans-serif; color: black;\">Regia:<\/span><\/b><span style=\"font-size: 11.0pt; font-family: 'Calibri',sans-serif; color: black;\">&nbsp;Giacomo Campiotti<\/span><\/p>\n<p><b><span style=\"font-size: 11.0pt; font-family: 'Calibri',sans-serif; color: black;\">Cast<\/span><\/b><span style=\"font-size: 11.0pt; font-family: 'Calibri',sans-serif; color: black;\">: Alissa Jung, Paz Vega, Andreas Pietschmann, Antonia Liskova, Thomas Trabacchi, Luca Marinelli, Andrea Giordana, Roberto Citran, Marco Foschi<\/span><\/p>\n<p><b><span style=\"font-size: 11.0pt; font-family: 'Calibri',sans-serif; color: black;\">Anno di produzione:<\/span><\/b><span style=\"font-size: 11.0pt; font-family: 'Calibri',sans-serif; color: black;\">&nbsp;2012<\/span><\/p>\n","protected":false},"excerpt":{"rendered":"Maria di Nazareth Sinossi:&nbsp;Maria di Nazaret e Maria Maddalena sono due donne molto diverse, ma unite dallo stesso nome e dallo stesso uomo: Ges\u00f9. La prima dovr\u00e0 affrontare le responsabilit\u00e0 della maternit\u00e0 e del matrimonio con Giuseppe, mentre l\u2019altra accetter\u00e0 le lusinghe della vita di corte e entrer\u00e0 nel seguito della perfida Erodiade. Le vicende [&hellip;]","protected":false},"author":35,"featured_media":180709,"comment_status":"open","ping_status":"open","sticky":false,"template":"","format":"standard","meta":{"_acf_changed":false,"footnotes":""},"categories":[2],"tags":[],"class_list":["post-180706","post","type-post","status-publish","format-standard","has-post-thumbnail","hentry","category-film-in-programmazione"],"acf":[],"aioseo_notices":[],"featured_image_url":"https:\/\/www.tv2000.it\/docfilm\/wp-content\/uploads\/sites\/30\/2024\/05\/MG_7594-scaled-e1715165178453-1024x1024.jpg","_links":{"self":[{"href":"https:\/\/www.tv2000.it\/docfilm\/wp-json\/wp\/v2\/posts\/180706","targetHints":{"allow":["GET"]}}],"collection":[{"href":"https:\/\/www.tv2000.it\/docfilm\/wp-json\/wp\/v2\/posts"}],"about":[{"href":"https:\/\/www.tv2000.it\/docfilm\/wp-json\/wp\/v2\/types\/post"}],"author":[{"embeddable":true,"href":"https:\/\/www.tv2000.it\/docfilm\/wp-json\/wp\/v2\/users\/35"}],"replies":[{"embeddable":true,"href":"https:\/\/www.tv2000.it\/docfilm\/wp-json\/wp\/v2\/comments?post=180706"}],"version-history":[{"count":3,"href":"https:\/\/www.tv2000.it\/docfilm\/wp-json\/wp\/v2\/posts\/180706\/revisions"}],"predecessor-version":[{"id":375510,"href":"https:\/\/www.tv2000.it\/docfilm\/wp-json\/wp\/v2\/posts\/180706\/revisions\/375510"}],"wp:featuredmedia":[{"embeddable":true,"href":"https:\/\/www.tv2000.it\/docfilm\/wp-json\/wp\/v2\/media\/180709"}],"wp:attachment":[{"href":"https:\/\/www.tv2000.it\/docfilm\/wp-json\/wp\/v2\/media?parent=180706"}],"wp:term":[{"taxonomy":"category","embeddable":true,"href":"https:\/\/www.tv2000.it\/docfilm\/wp-json\/wp\/v2\/categories?post=180706"},{"taxonomy":"post_tag","embeddable":true,"href":"https:\/\/www.tv2000.it\/docfilm\/wp-json\/wp\/v2\/tags?post=180706"}],"curies":[{"name":"wp","href":"https:\/\/api.w.org\/{rel}","templated":true}]}}