{"id":225321,"date":"2025-10-29T10:41:54","date_gmt":"2025-10-29T09:41:54","guid":{"rendered":"https:\/\/www.tv2000.it\/docfilm\/?p=225321"},"modified":"2025-10-28T11:12:10","modified_gmt":"2025-10-28T10:12:10","slug":"amazing-grace-mercoledi-18-settembre-ore-20-55","status":"publish","type":"post","link":"https:\/\/www.tv2000.it\/docfilm\/2025\/10\/29\/amazing-grace-mercoledi-18-settembre-ore-20-55\/","title":{"rendered":"Amazing Grace <br>Gioved\u00ec 6 novembre in prima serata"},"content":{"rendered":"<p><strong><a href=\"https:\/\/www.tv2000.it\/docfilm\/wp-content\/uploads\/sites\/30\/2024\/09\/locandina.jpg\"><img decoding=\"async\" class=\"size-full wp-image-225322 alignleft\" src=\"https:\/\/www.tv2000.it\/docfilm\/wp-content\/uploads\/sites\/30\/2024\/09\/locandina.jpg\" alt=\"\" width=\"420\" height=\"622\"><\/a>Gioved\u00ec 6 novembre in prima serata &#8211; AMAZING GRACE<\/strong><\/p>\n<p><strong>Sinossi<\/strong>: William Wilberforce, eletto come giovane deputato nel parlamento britannico, sta per lasciare il suo ruolo con l\u2019intenzione di dedicarsi interamente a Dio. Capisce, per\u00f2, che pu\u00f2 vivere la sua fede e perseguire i propri ideali anche nell&#8217;arena politica. Diventa cos\u00ec il primo politico a interessarsi dell&#8217;abolizione della schiavit\u00f9 dei neri in una lotta durata pi\u00f9 di trent&#8217;anni.<\/p>\n<p><strong>Regia<\/strong>: Michael Apted<\/p>\n<p><strong>Cast<\/strong>: Ioan Gruffudd, Romola Garai, Benedict Cumberbatch, Albert Finney, Michael Gambon, Rufus Sewell<\/p>\n<p><strong>Anno di produzione:<\/strong>&nbsp;2006<\/p>\n","protected":false},"excerpt":{"rendered":"Gioved\u00ec 6 novembre in prima serata &#8211; AMAZING GRACE Sinossi: William Wilberforce, eletto come giovane deputato nel parlamento britannico, sta per lasciare il suo ruolo con l\u2019intenzione di dedicarsi interamente a Dio. Capisce, per\u00f2, che pu\u00f2 vivere la sua fede e perseguire i propri ideali anche nell&#8217;arena politica. Diventa cos\u00ec il primo politico a interessarsi [&hellip;]","protected":false},"author":35,"featured_media":225322,"comment_status":"open","ping_status":"open","sticky":false,"template":"","format":"standard","meta":{"_acf_changed":false,"footnotes":""},"categories":[2],"tags":[],"class_list":["post-225321","post","type-post","status-publish","format-standard","has-post-thumbnail","hentry","category-film-in-programmazione"],"acf":[],"aioseo_notices":[],"featured_image_url":"https:\/\/www.tv2000.it\/docfilm\/wp-content\/uploads\/sites\/30\/2024\/09\/locandina-e1726580510661.jpg","_links":{"self":[{"href":"https:\/\/www.tv2000.it\/docfilm\/wp-json\/wp\/v2\/posts\/225321","targetHints":{"allow":["GET"]}}],"collection":[{"href":"https:\/\/www.tv2000.it\/docfilm\/wp-json\/wp\/v2\/posts"}],"about":[{"href":"https:\/\/www.tv2000.it\/docfilm\/wp-json\/wp\/v2\/types\/post"}],"author":[{"embeddable":true,"href":"https:\/\/www.tv2000.it\/docfilm\/wp-json\/wp\/v2\/users\/35"}],"replies":[{"embeddable":true,"href":"https:\/\/www.tv2000.it\/docfilm\/wp-json\/wp\/v2\/comments?post=225321"}],"version-history":[{"count":2,"href":"https:\/\/www.tv2000.it\/docfilm\/wp-json\/wp\/v2\/posts\/225321\/revisions"}],"predecessor-version":[{"id":364708,"href":"https:\/\/www.tv2000.it\/docfilm\/wp-json\/wp\/v2\/posts\/225321\/revisions\/364708"}],"wp:featuredmedia":[{"embeddable":true,"href":"https:\/\/www.tv2000.it\/docfilm\/wp-json\/wp\/v2\/media\/225322"}],"wp:attachment":[{"href":"https:\/\/www.tv2000.it\/docfilm\/wp-json\/wp\/v2\/media?parent=225321"}],"wp:term":[{"taxonomy":"category","embeddable":true,"href":"https:\/\/www.tv2000.it\/docfilm\/wp-json\/wp\/v2\/categories?post=225321"},{"taxonomy":"post_tag","embeddable":true,"href":"https:\/\/www.tv2000.it\/docfilm\/wp-json\/wp\/v2\/tags?post=225321"}],"curies":[{"name":"wp","href":"https:\/\/api.w.org\/{rel}","templated":true}]}}