{"id":2505,"date":"2025-11-27T09:30:18","date_gmt":"2025-11-27T08:30:18","guid":{"rendered":"http:\/\/www.tv2000.it\/docfilm\/?p=2505"},"modified":"2025-11-26T12:24:14","modified_gmt":"2025-11-26T11:24:14","slug":"paolo-vi-il-papa-nella-tempestadomenica-26-marzo-alle-21-05","status":"publish","type":"post","link":"https:\/\/www.tv2000.it\/docfilm\/2025\/11\/27\/paolo-vi-il-papa-nella-tempestadomenica-26-marzo-alle-21-05\/","title":{"rendered":"Paolo VI &#8211; Il Papa nella tempesta <br> Sabato 6 e domenica 7 dicembre in prima serata"},"content":{"rendered":"<p><img decoding=\"async\" class=\" size-full wp-image-2507 alignleft\" src=\"http:\/\/www.tv2000.it\/docfilm\/wp-content\/uploads\/sites\/30\/2016\/11\/paolo-vi.jpg\" alt=\"paolo-vi\" width=\"800\" height=\"534\"><strong>Sabato 6 e domenica 7 dicembre in prima serata<\/strong> &#8211; <em>Paolo VI, il Papa nella tempesta<\/em> un film per la Tv del 2008 prodotto da Rai Fiction e Lux Vide e diretto da Fabrizio Costa, con Fabrizio Gifuni nel ruolo di Papa Paolo VI.<\/p>\n<p>La pellicola racconta la storia di Paolo VI: il Pontefice che ha traghettato la Chiesa nella modernit\u00e0. Paolo VI fu il primo Papa a viaggiare in aereo toccando tutti i continenti, il primo Papa a tornare nella terra di Ges\u00f9, il primo a riabbracciare il Patriarca ortodosso e a parlare alle Nazioni Unite. Papa Paolo VI \u00e8 passato alla storia come&nbsp;l&#8217;uomo del dialogo e del confronto, l&#8217;uomo di fede e di libert\u00e0. Egli port\u00f2 a complimento il Concilio voluto dal suo predecessore e offr\u00ec al mondo il messaggio della Populorum Progressio per richiamare gli uomini alla giustizia sociale in un mondo che stava cambiando per sempre. Come espressione di amicizia e di pace, accett\u00f2 il dolore dell&#8217;incomprensione per amore della Verit\u00e0, ma volle anche rivolgersi alle Brigate Rosse, pur di salvare la vita di un uomo&#8230;.<\/p>\n","protected":false},"excerpt":{"rendered":"Sabato 6 e domenica 7 dicembre in prima serata &#8211; Paolo VI, il Papa nella tempesta un film per la Tv del 2008 prodotto da Rai Fiction e Lux Vide e diretto da Fabrizio Costa, con Fabrizio Gifuni nel ruolo di Papa Paolo VI. La pellicola racconta la storia di Paolo VI: il Pontefice che [&hellip;]","protected":false},"author":35,"featured_media":2506,"comment_status":"open","ping_status":"open","sticky":false,"template":"","format":"standard","meta":{"_acf_changed":false,"footnotes":""},"categories":[2],"tags":[],"class_list":["post-2505","post","type-post","status-publish","format-standard","has-post-thumbnail","hentry","category-film-in-programmazione"],"acf":[],"aioseo_notices":[],"featured_image_url":"https:\/\/www.tv2000.it\/docfilm\/wp-content\/uploads\/sites\/30\/2016\/11\/paolo-vii-e1480081842270.jpg","_links":{"self":[{"href":"https:\/\/www.tv2000.it\/docfilm\/wp-json\/wp\/v2\/posts\/2505","targetHints":{"allow":["GET"]}}],"collection":[{"href":"https:\/\/www.tv2000.it\/docfilm\/wp-json\/wp\/v2\/posts"}],"about":[{"href":"https:\/\/www.tv2000.it\/docfilm\/wp-json\/wp\/v2\/types\/post"}],"author":[{"embeddable":true,"href":"https:\/\/www.tv2000.it\/docfilm\/wp-json\/wp\/v2\/users\/35"}],"replies":[{"embeddable":true,"href":"https:\/\/www.tv2000.it\/docfilm\/wp-json\/wp\/v2\/comments?post=2505"}],"version-history":[{"count":9,"href":"https:\/\/www.tv2000.it\/docfilm\/wp-json\/wp\/v2\/posts\/2505\/revisions"}],"predecessor-version":[{"id":370742,"href":"https:\/\/www.tv2000.it\/docfilm\/wp-json\/wp\/v2\/posts\/2505\/revisions\/370742"}],"wp:featuredmedia":[{"embeddable":true,"href":"https:\/\/www.tv2000.it\/docfilm\/wp-json\/wp\/v2\/media\/2506"}],"wp:attachment":[{"href":"https:\/\/www.tv2000.it\/docfilm\/wp-json\/wp\/v2\/media?parent=2505"}],"wp:term":[{"taxonomy":"category","embeddable":true,"href":"https:\/\/www.tv2000.it\/docfilm\/wp-json\/wp\/v2\/categories?post=2505"},{"taxonomy":"post_tag","embeddable":true,"href":"https:\/\/www.tv2000.it\/docfilm\/wp-json\/wp\/v2\/tags?post=2505"}],"curies":[{"name":"wp","href":"https:\/\/api.w.org\/{rel}","templated":true}]}}