{"id":341371,"date":"2026-01-12T15:22:12","date_gmt":"2026-01-12T14:22:12","guid":{"rendered":"https:\/\/www.tv2000.it\/docfilm\/?p=341371"},"modified":"2026-01-08T16:31:04","modified_gmt":"2026-01-08T15:31:04","slug":"italo-sabato-23-agosto-in-prima-serata","status":"publish","type":"post","link":"https:\/\/www.tv2000.it\/docfilm\/2026\/01\/12\/italo-sabato-23-agosto-in-prima-serata\/","title":{"rendered":"Italo <br> Sabato 17 gennaio in prima serata"},"content":{"rendered":"<p><strong><a href=\"https:\/\/www.tv2000.it\/docfilm\/wp-content\/uploads\/sites\/30\/2025\/07\/Italo_back_IMG_2396_web.jpg\"><img decoding=\"async\" class=\"size-large wp-image-341373 alignleft\" src=\"https:\/\/www.tv2000.it\/docfilm\/wp-content\/uploads\/sites\/30\/2025\/07\/Italo_back_IMG_2396_web-1024x682.jpg\" alt=\"\" width=\"640\" height=\"426\"><\/a><\/strong><\/p>\n<p><strong>Sabato 17 gennaio in prima serata<\/strong><\/p>\n<p><strong>FILM: ITALO<\/strong><\/p>\n<p><strong>Sinossi<\/strong>: Scicli, Sicilia, 2009. Un&#8217;ordinanza comunale ha bandito i cani randagi dal paese, ma un golden retriever sfida l&#8217;ordinanza e comincia a frequentare le stradine locali, affezionandosi soprattutto ad un bambino di dieci anni, Meno, figlio del sindaco Antonio Bianco. A poco a poco Italo, come verr\u00e0 soprannominato il cane, entrer\u00e0 a far parte della vita della comunit\u00e0 trasformandola dall\u2019interno.<\/p>\n<p><strong>Regia<\/strong>: Alessia Scarso<\/p>\n<p><strong>Cast<\/strong>:&nbsp;Marco Bocci, Barbara Tabita, Elena Radonicich<\/p>\n<p><strong>Anno di produzione:<\/strong>&nbsp;2014<\/p>\n<p>&nbsp;<\/p>\n","protected":false},"excerpt":{"rendered":"Sabato 17 gennaio in prima serata FILM: ITALO Sinossi: Scicli, Sicilia, 2009. Un&#8217;ordinanza comunale ha bandito i cani randagi dal paese, ma un golden retriever sfida l&#8217;ordinanza e comincia a frequentare le stradine locali, affezionandosi soprattutto ad un bambino di dieci anni, Meno, figlio del sindaco Antonio Bianco. A poco a poco Italo, come verr\u00e0 [&hellip;]","protected":false},"author":35,"featured_media":341373,"comment_status":"open","ping_status":"open","sticky":false,"template":"","format":"standard","meta":{"_acf_changed":false,"footnotes":""},"categories":[2],"tags":[],"class_list":["post-341371","post","type-post","status-publish","format-standard","has-post-thumbnail","hentry","category-film-in-programmazione"],"acf":[],"aioseo_notices":[],"featured_image_url":"https:\/\/www.tv2000.it\/docfilm\/wp-content\/uploads\/sites\/30\/2025\/07\/Italo_back_IMG_2396_web-e1753709180446-1024x1024.jpg","_links":{"self":[{"href":"https:\/\/www.tv2000.it\/docfilm\/wp-json\/wp\/v2\/posts\/341371","targetHints":{"allow":["GET"]}}],"collection":[{"href":"https:\/\/www.tv2000.it\/docfilm\/wp-json\/wp\/v2\/posts"}],"about":[{"href":"https:\/\/www.tv2000.it\/docfilm\/wp-json\/wp\/v2\/types\/post"}],"author":[{"embeddable":true,"href":"https:\/\/www.tv2000.it\/docfilm\/wp-json\/wp\/v2\/users\/35"}],"replies":[{"embeddable":true,"href":"https:\/\/www.tv2000.it\/docfilm\/wp-json\/wp\/v2\/comments?post=341371"}],"version-history":[{"count":3,"href":"https:\/\/www.tv2000.it\/docfilm\/wp-json\/wp\/v2\/posts\/341371\/revisions"}],"predecessor-version":[{"id":375915,"href":"https:\/\/www.tv2000.it\/docfilm\/wp-json\/wp\/v2\/posts\/341371\/revisions\/375915"}],"wp:featuredmedia":[{"embeddable":true,"href":"https:\/\/www.tv2000.it\/docfilm\/wp-json\/wp\/v2\/media\/341373"}],"wp:attachment":[{"href":"https:\/\/www.tv2000.it\/docfilm\/wp-json\/wp\/v2\/media?parent=341371"}],"wp:term":[{"taxonomy":"category","embeddable":true,"href":"https:\/\/www.tv2000.it\/docfilm\/wp-json\/wp\/v2\/categories?post=341371"},{"taxonomy":"post_tag","embeddable":true,"href":"https:\/\/www.tv2000.it\/docfilm\/wp-json\/wp\/v2\/tags?post=341371"}],"curies":[{"name":"wp","href":"https:\/\/api.w.org\/{rel}","templated":true}]}}