{"id":368692,"date":"2025-11-23T15:30:35","date_gmt":"2025-11-23T14:30:35","guid":{"rendered":"https:\/\/www.tv2000.it\/docfilm\/?p=368692"},"modified":"2025-11-17T15:38:43","modified_gmt":"2025-11-17T14:38:43","slug":"the-silent-revolution-giovedi-27-novembre-in-prima-serata","status":"publish","type":"post","link":"https:\/\/www.tv2000.it\/docfilm\/2025\/11\/23\/the-silent-revolution-giovedi-27-novembre-in-prima-serata\/","title":{"rendered":"The silent revolution <br> Gioved\u00ec 27 novembre in prima serata"},"content":{"rendered":"<div class=\"wDYxhc\" role=\"presentation\" data-md=\"50\" data-hveid=\"CB0QAA\" data-ved=\"2ahUKEwjZh6SIs_mQAxW0hP0HHYF1Bl0QkCl6BAgdEAA\">\n<div class=\"PZPZlf hb8SAc IFvyDb\" data-attrid=\"description\" data-hveid=\"CB0QAQ\" data-ved=\"2ahUKEwjZh6SIs_mQAxW0hP0HHYF1Bl0QziAoAHoECB0QAQ\">\n<div>\n<figure id=\"attachment_368696\" aria-describedby=\"caption-attachment-368696\" style=\"width: 640px\" class=\"wp-caption alignleft\"><a href=\"https:\/\/www.tv2000.it\/docfilm\/wp-content\/uploads\/sites\/30\/2025\/11\/016-cStudiocanal-GmbH-Julia-Terjung-scaled.jpg\"><img decoding=\"async\" class=\"size-large wp-image-368696\" src=\"https:\/\/www.tv2000.it\/docfilm\/wp-content\/uploads\/sites\/30\/2025\/11\/016-cStudiocanal-GmbH-Julia-Terjung-1024x683.jpg\" alt=\"\" width=\"640\" height=\"427\"><\/a><figcaption id=\"caption-attachment-368696\" class=\"wp-caption-text\">Kreisschulr\u00e4tin Kessler (J\u00f6rdis Triebel), Rektor Schwarz (Florian Lukas) und FDJ-Sekret\u00e4r Ringel (Daniel Krauss) stellen der Klasse ein Ultimatum<\/figcaption><\/figure>\n<p><strong>The silent revolution &#8211; Gioved\u00ec 27 novembre in prima serata<\/strong><\/div>\n<div>&nbsp;<\/div>\n<div>SINOSSI<\/div>\n<div class=\"kno-rdesc\">Un gruppo di ragazzi di prima media decide di mostrare la propria solidariet\u00e0 verso le vittime della rivolta del 1956 in Ungheria, osservando un minuto di silenzio in classe.<\/div>\n<\/div>\n<\/div>\n<div class=\"kD0Vhf\">\n<div class=\"b3puKe\">\n<div class=\"wDYxhc\" role=\"presentation\" data-attrid=\"kc:\/film\/film:theatrical country of origin release date\" data-md=\"1001\" data-hveid=\"CCUQAA\" data-ved=\"2ahUKEwjZh6SIs_mQAxW0hP0HHYF1Bl0QkCl6BAglEAA\">\n<div class=\"Z1hOCe\">\n<div class=\"zloOqf PZPZlf\">\n<div class=\"rVusze\">Anno: 2018<\/div>\n<\/div>\n<\/div>\n<\/div>\n<\/div>\n<div class=\"b3puKe\">\n<div class=\"wDYxhc\" role=\"presentation\" data-attrid=\"kc:\/film\/film:director\" data-md=\"1001\" data-hveid=\"CCkQAA\" data-ved=\"2ahUKEwjZh6SIs_mQAxW0hP0HHYF1Bl0QkCl6BAgpEAA\">\n<div class=\"Z1hOCe\">\n<div class=\"zloOqf PZPZlf\">\n<div class=\"rVusze\"><span class=\"w8qArf FoJoyf\">Regista:&nbsp;<\/span><span class=\"LrzXr kno-fv wHYlTd z8gr9e\">Lars Kraume<\/span><\/div>\n<\/div>\n<\/div>\n<\/div>\n<\/div>\n<\/div>\n","protected":false},"excerpt":{"rendered":"The silent revolution &#8211; Gioved\u00ec 27 novembre in prima serata &nbsp; SINOSSI Un gruppo di ragazzi di prima media decide di mostrare la propria solidariet\u00e0 verso le vittime della rivolta del 1956 in Ungheria, osservando un minuto di silenzio in classe. Anno: 2018 Regista:&nbsp;Lars Kraume","protected":false},"author":35,"featured_media":368696,"comment_status":"open","ping_status":"open","sticky":false,"template":"","format":"standard","meta":{"_acf_changed":false,"footnotes":""},"categories":[2],"tags":[],"class_list":["post-368692","post","type-post","status-publish","format-standard","has-post-thumbnail","hentry","category-film-in-programmazione"],"acf":[],"aioseo_notices":[],"featured_image_url":"https:\/\/www.tv2000.it\/docfilm\/wp-content\/uploads\/sites\/30\/2025\/11\/016-cStudiocanal-GmbH-Julia-Terjung-scaled-e1763390311850-1024x1024.jpg","_links":{"self":[{"href":"https:\/\/www.tv2000.it\/docfilm\/wp-json\/wp\/v2\/posts\/368692","targetHints":{"allow":["GET"]}}],"collection":[{"href":"https:\/\/www.tv2000.it\/docfilm\/wp-json\/wp\/v2\/posts"}],"about":[{"href":"https:\/\/www.tv2000.it\/docfilm\/wp-json\/wp\/v2\/types\/post"}],"author":[{"embeddable":true,"href":"https:\/\/www.tv2000.it\/docfilm\/wp-json\/wp\/v2\/users\/35"}],"replies":[{"embeddable":true,"href":"https:\/\/www.tv2000.it\/docfilm\/wp-json\/wp\/v2\/comments?post=368692"}],"version-history":[{"count":1,"href":"https:\/\/www.tv2000.it\/docfilm\/wp-json\/wp\/v2\/posts\/368692\/revisions"}],"predecessor-version":[{"id":368697,"href":"https:\/\/www.tv2000.it\/docfilm\/wp-json\/wp\/v2\/posts\/368692\/revisions\/368697"}],"wp:featuredmedia":[{"embeddable":true,"href":"https:\/\/www.tv2000.it\/docfilm\/wp-json\/wp\/v2\/media\/368696"}],"wp:attachment":[{"href":"https:\/\/www.tv2000.it\/docfilm\/wp-json\/wp\/v2\/media?parent=368692"}],"wp:term":[{"taxonomy":"category","embeddable":true,"href":"https:\/\/www.tv2000.it\/docfilm\/wp-json\/wp\/v2\/categories?post=368692"},{"taxonomy":"post_tag","embeddable":true,"href":"https:\/\/www.tv2000.it\/docfilm\/wp-json\/wp\/v2\/tags?post=368692"}],"curies":[{"name":"wp","href":"https:\/\/api.w.org\/{rel}","templated":true}]}}