{"id":375965,"date":"2026-01-31T11:56:55","date_gmt":"2026-01-31T10:56:55","guid":{"rendered":"https:\/\/www.tv2000.it\/docfilm\/?p=375965"},"modified":"2026-01-28T12:01:35","modified_gmt":"2026-01-28T11:01:35","slug":"il-sogno-di-francesco-giovedi-5-febbraio-in-prima-serata","status":"publish","type":"post","link":"https:\/\/www.tv2000.it\/docfilm\/2026\/01\/31\/il-sogno-di-francesco-giovedi-5-febbraio-in-prima-serata\/","title":{"rendered":"Il sogno di Francesco <br> Gioved\u00ec 5 febbraio in prima serata"},"content":{"rendered":"<p style=\"text-align: left;\"><strong><a href=\"https:\/\/www.tv2000.it\/docfilm\/wp-content\/uploads\/sites\/30\/2026\/01\/5E0A7B69-F9AE-4CEB-98EC-4730ED4F1E1A@Cisco.jpeg\"><img decoding=\"async\" class=\"size-large wp-image-375966 alignleft\" src=\"https:\/\/www.tv2000.it\/docfilm\/wp-content\/uploads\/sites\/30\/2026\/01\/5E0A7B69-F9AE-4CEB-98EC-4730ED4F1E1A@Cisco-1024x429.jpeg\" alt=\"\" width=\"640\" height=\"268\"><\/a>Gioved\u00ec 5 febbraio in prima serata<\/strong><\/p>\n<p style=\"text-align: left;\"><strong>FILM:&nbsp;IL SOGNO DI FRANCESCO <\/strong><\/p>\n<p style=\"text-align: left;\"><strong>Sinossi:<\/strong>&nbsp;Assisi, 1209. La storia prende il via quando Papa Innocenzo III non approva la prima versione della Regola. Francesco e l&#8217;amico fraterno Elia da Cortona si confrontano sulla opportunit\u00e0 di cambiare il testo secondo le indicazioni del Pontefice&#8230;<\/p>\n<p style=\"text-align: left;\"><strong>Regia<\/strong>: Renaud Fely, Arnaud Louvet<\/p>\n<p style=\"text-align: left;\"><strong>Cast:&nbsp;<\/strong>Elio Germano, Alba Rohrwacher, J\u00e9r\u00e9mie R\u00e9nier, Yannick Renier, Olivier Gourmet, Eric Caravaca, Thomas Doret,&nbsp; &nbsp; &nbsp; &nbsp; &nbsp; &nbsp; &nbsp; &nbsp; &nbsp; &nbsp; &nbsp; &nbsp; &nbsp; &nbsp; &nbsp; &nbsp; &nbsp; &nbsp; &nbsp; &nbsp; &nbsp; &nbsp; &nbsp; &nbsp; &nbsp; &nbsp; &nbsp; &nbsp; &nbsp; &nbsp; &nbsp; &nbsp; &nbsp; &nbsp; &nbsp; &nbsp; &nbsp; &nbsp; &nbsp; &nbsp; &nbsp; &nbsp; &nbsp; &nbsp; &nbsp; &nbsp; &nbsp; &nbsp; &nbsp; &nbsp; &nbsp; &nbsp; &nbsp; &nbsp; &nbsp; &nbsp; &nbsp; &nbsp; &nbsp; &nbsp; &nbsp; &nbsp; &nbsp; &nbsp; &nbsp; &nbsp; &nbsp; &nbsp; &nbsp; &nbsp; &nbsp; &nbsp; &nbsp; &nbsp; &nbsp; &nbsp; &nbsp; &nbsp; &nbsp; &nbsp; &nbsp; &nbsp; &nbsp; &nbsp; &nbsp; &nbsp; Marcello Mazzarella<\/p>\n<p style=\"text-align: left;\"><strong>&nbsp; &nbsp; &nbsp; &nbsp; &nbsp; &nbsp; &nbsp; &nbsp; &nbsp; &nbsp; &nbsp; &nbsp; &nbsp; &nbsp; &nbsp; &nbsp; &nbsp; &nbsp; &nbsp; &nbsp; &nbsp; &nbsp; &nbsp; &nbsp; &nbsp; &nbsp; &nbsp; &nbsp; &nbsp; &nbsp; &nbsp; &nbsp; &nbsp; &nbsp; &nbsp; &nbsp; &nbsp; &nbsp; &nbsp; &nbsp; &nbsp; &nbsp; &nbsp; &nbsp; &nbsp; &nbsp; &nbsp; &nbsp; &nbsp; &nbsp; &nbsp; &nbsp; &nbsp; &nbsp; &nbsp; &nbsp; &nbsp; &nbsp; &nbsp; &nbsp; &nbsp; &nbsp; &nbsp; &nbsp; &nbsp; &nbsp; &nbsp; &nbsp; &nbsp; &nbsp; &nbsp; &nbsp; &nbsp; &nbsp; &nbsp; &nbsp; &nbsp; &nbsp; &nbsp; &nbsp; &nbsp;Anno di produzione:<\/strong>&nbsp;2016<\/p>\n","protected":false},"excerpt":{"rendered":"Gioved\u00ec 5 febbraio in prima serata FILM:&nbsp;IL SOGNO DI FRANCESCO Sinossi:&nbsp;Assisi, 1209. La storia prende il via quando Papa Innocenzo III non approva la prima versione della Regola. Francesco e l&#8217;amico fraterno Elia da Cortona si confrontano sulla opportunit\u00e0 di cambiare il testo secondo le indicazioni del Pontefice&#8230; Regia: Renaud Fely, Arnaud Louvet Cast:&nbsp;Elio Germano, [&hellip;]","protected":false},"author":35,"featured_media":375966,"comment_status":"open","ping_status":"open","sticky":false,"template":"","format":"standard","meta":{"_acf_changed":false,"footnotes":""},"categories":[2],"tags":[],"class_list":["post-375965","post","type-post","status-publish","format-standard","has-post-thumbnail","hentry","category-film-in-programmazione"],"acf":[],"aioseo_notices":[],"featured_image_url":"https:\/\/www.tv2000.it\/docfilm\/wp-content\/uploads\/sites\/30\/2026\/01\/5E0A7B69-F9AE-4CEB-98EC-4730ED4F1E1A@Cisco-1024x429.jpeg","_links":{"self":[{"href":"https:\/\/www.tv2000.it\/docfilm\/wp-json\/wp\/v2\/posts\/375965","targetHints":{"allow":["GET"]}}],"collection":[{"href":"https:\/\/www.tv2000.it\/docfilm\/wp-json\/wp\/v2\/posts"}],"about":[{"href":"https:\/\/www.tv2000.it\/docfilm\/wp-json\/wp\/v2\/types\/post"}],"author":[{"embeddable":true,"href":"https:\/\/www.tv2000.it\/docfilm\/wp-json\/wp\/v2\/users\/35"}],"replies":[{"embeddable":true,"href":"https:\/\/www.tv2000.it\/docfilm\/wp-json\/wp\/v2\/comments?post=375965"}],"version-history":[{"count":1,"href":"https:\/\/www.tv2000.it\/docfilm\/wp-json\/wp\/v2\/posts\/375965\/revisions"}],"predecessor-version":[{"id":375968,"href":"https:\/\/www.tv2000.it\/docfilm\/wp-json\/wp\/v2\/posts\/375965\/revisions\/375968"}],"wp:featuredmedia":[{"embeddable":true,"href":"https:\/\/www.tv2000.it\/docfilm\/wp-json\/wp\/v2\/media\/375966"}],"wp:attachment":[{"href":"https:\/\/www.tv2000.it\/docfilm\/wp-json\/wp\/v2\/media?parent=375965"}],"wp:term":[{"taxonomy":"category","embeddable":true,"href":"https:\/\/www.tv2000.it\/docfilm\/wp-json\/wp\/v2\/categories?post=375965"},{"taxonomy":"post_tag","embeddable":true,"href":"https:\/\/www.tv2000.it\/docfilm\/wp-json\/wp\/v2\/tags?post=375965"}],"curies":[{"name":"wp","href":"https:\/\/api.w.org\/{rel}","templated":true}]}}