{"id":376091,"date":"2026-03-06T16:11:04","date_gmt":"2026-03-06T15:11:04","guid":{"rendered":"https:\/\/www.tv2000.it\/docfilm\/?p=376091"},"modified":"2026-03-04T16:15:58","modified_gmt":"2026-03-04T15:15:58","slug":"petra-di-s-giuseppegiovedi-12-marzo-in-prima-serata","status":"publish","type":"post","link":"https:\/\/www.tv2000.it\/docfilm\/2026\/03\/06\/petra-di-s-giuseppegiovedi-12-marzo-in-prima-serata\/","title":{"rendered":"Petra di S. Giuseppe<br>Gioved\u00ec 12 marzo in prima serata"},"content":{"rendered":"<p><strong>&nbsp;<a href=\"https:\/\/www.tv2000.it\/docfilm\/wp-content\/uploads\/sites\/30\/2026\/03\/Fotograma-PetraDeSanJose-10-scaled.jpg\"><img decoding=\"async\" class=\"size-large wp-image-376093 alignleft\" src=\"https:\/\/www.tv2000.it\/docfilm\/wp-content\/uploads\/sites\/30\/2026\/03\/Fotograma-PetraDeSanJose-10-1024x429.jpg\" alt=\"\" width=\"640\" height=\"268\" srcset=\"https:\/\/www.tv2000.it\/docfilm\/wp-content\/uploads\/sites\/30\/2026\/03\/Fotograma-PetraDeSanJose-10-1024x429.jpg 1024w, https:\/\/www.tv2000.it\/docfilm\/wp-content\/uploads\/sites\/30\/2026\/03\/Fotograma-PetraDeSanJose-10-300x126.jpg 300w, https:\/\/www.tv2000.it\/docfilm\/wp-content\/uploads\/sites\/30\/2026\/03\/Fotograma-PetraDeSanJose-10-768x322.jpg 768w, https:\/\/www.tv2000.it\/docfilm\/wp-content\/uploads\/sites\/30\/2026\/03\/Fotograma-PetraDeSanJose-10-1536x643.jpg 1536w, https:\/\/www.tv2000.it\/docfilm\/wp-content\/uploads\/sites\/30\/2026\/03\/Fotograma-PetraDeSanJose-10-2048x858.jpg 2048w, https:\/\/www.tv2000.it\/docfilm\/wp-content\/uploads\/sites\/30\/2026\/03\/Fotograma-PetraDeSanJose-10-64x27.jpg 64w, https:\/\/www.tv2000.it\/docfilm\/wp-content\/uploads\/sites\/30\/2026\/03\/Fotograma-PetraDeSanJose-10-280x117.jpg 280w, https:\/\/www.tv2000.it\/docfilm\/wp-content\/uploads\/sites\/30\/2026\/03\/Fotograma-PetraDeSanJose-10-650x272.jpg 650w\" sizes=\"(max-width: 640px) 100vw, 640px\" \/><\/a>Gioved\u00ec 12 marzo in prima serata<\/strong><\/p>\n<p><strong>FILM:&nbsp;PETRA DI SAN GIUSEPPE <u>PRIMA TV<\/u><\/strong><\/p>\n<p><strong>Sinossi<\/strong>:&nbsp;Ana vive la sua giovinezza a Valle de Abdalaj\u00eds, nei pressi di M\u00e1laga. Insieme a un gruppo di donne coraggiose e determinate, avvier\u00e0 un\u2019opera caritativa a favore dei pi\u00f9 bisognosi, in particolare di anziani abbandonati, bambini orfani e persone in situazione di vulnerabilit\u00e0. Col tempo arriver\u00e0 a fondare la Congregazione delle Madri degli Abbandonati e di San Giuseppe della Montagna.<\/p>\n<p><strong>Regia<\/strong>:&nbsp;Pablo Moreno<\/p>\n<p><strong>Cast<\/strong>:&nbsp;Marian Arahuetes, Alejandro Arroyo, Wendy Gara, Rafa Jim\u00e9nez, Carlos Ca\u00f1as, Assumpta Serna<\/p>\n<p><strong>Anno di produzione:<\/strong>&nbsp;2021<\/p>\n","protected":false},"excerpt":{"rendered":"&nbsp;Gioved\u00ec 12 marzo in prima serata FILM:&nbsp;PETRA DI SAN GIUSEPPE PRIMA TV Sinossi:&nbsp;Ana vive la sua giovinezza a Valle de Abdalaj\u00eds, nei pressi di M\u00e1laga. Insieme a un gruppo di donne coraggiose e determinate, avvier\u00e0 un\u2019opera caritativa a favore dei pi\u00f9 bisognosi, in particolare di anziani abbandonati, bambini orfani e persone in situazione di vulnerabilit\u00e0. [&hellip;]","protected":false},"author":35,"featured_media":376092,"comment_status":"open","ping_status":"open","sticky":false,"template":"","format":"standard","meta":{"_acf_changed":false,"footnotes":""},"categories":[2],"tags":[],"class_list":["post-376091","post","type-post","status-publish","format-standard","has-post-thumbnail","hentry","category-film-in-programmazione"],"acf":[],"aioseo_notices":[],"featured_image_url":"https:\/\/www.tv2000.it\/docfilm\/wp-content\/uploads\/sites\/30\/2026\/03\/cartel-PETRA-medium-e1772637344899-1024x1024.jpg","_links":{"self":[{"href":"https:\/\/www.tv2000.it\/docfilm\/wp-json\/wp\/v2\/posts\/376091","targetHints":{"allow":["GET"]}}],"collection":[{"href":"https:\/\/www.tv2000.it\/docfilm\/wp-json\/wp\/v2\/posts"}],"about":[{"href":"https:\/\/www.tv2000.it\/docfilm\/wp-json\/wp\/v2\/types\/post"}],"author":[{"embeddable":true,"href":"https:\/\/www.tv2000.it\/docfilm\/wp-json\/wp\/v2\/users\/35"}],"replies":[{"embeddable":true,"href":"https:\/\/www.tv2000.it\/docfilm\/wp-json\/wp\/v2\/comments?post=376091"}],"version-history":[{"count":1,"href":"https:\/\/www.tv2000.it\/docfilm\/wp-json\/wp\/v2\/posts\/376091\/revisions"}],"predecessor-version":[{"id":376094,"href":"https:\/\/www.tv2000.it\/docfilm\/wp-json\/wp\/v2\/posts\/376091\/revisions\/376094"}],"wp:featuredmedia":[{"embeddable":true,"href":"https:\/\/www.tv2000.it\/docfilm\/wp-json\/wp\/v2\/media\/376092"}],"wp:attachment":[{"href":"https:\/\/www.tv2000.it\/docfilm\/wp-json\/wp\/v2\/media?parent=376091"}],"wp:term":[{"taxonomy":"category","embeddable":true,"href":"https:\/\/www.tv2000.it\/docfilm\/wp-json\/wp\/v2\/categories?post=376091"},{"taxonomy":"post_tag","embeddable":true,"href":"https:\/\/www.tv2000.it\/docfilm\/wp-json\/wp\/v2\/tags?post=376091"}],"curies":[{"name":"wp","href":"https:\/\/api.w.org\/{rel}","templated":true}]}}