{"id":376110,"date":"2026-03-13T10:26:43","date_gmt":"2026-03-13T09:26:43","guid":{"rendered":"https:\/\/www.tv2000.it\/docfilm\/?p=376110"},"modified":"2026-03-13T14:49:15","modified_gmt":"2026-03-13T13:49:15","slug":"cuore-di-padre-giovedi-19-marzo-in-prima-serata","status":"publish","type":"post","link":"https:\/\/www.tv2000.it\/docfilm\/2026\/03\/13\/cuore-di-padre-giovedi-19-marzo-in-prima-serata\/","title":{"rendered":"Cuore di padre <br> Gioved\u00ec 19 marzo in prima serata"},"content":{"rendered":"<p><strong><a href=\"https:\/\/www.tv2000.it\/docfilm\/wp-content\/uploads\/sites\/30\/2026\/03\/cartel-CORAZON-DE-PADRE-ITA-large-scaled.jpg\"><img decoding=\"async\" class=\" wp-image-376111 alignleft\" src=\"https:\/\/www.tv2000.it\/docfilm\/wp-content\/uploads\/sites\/30\/2026\/03\/cartel-CORAZON-DE-PADRE-ITA-large-717x1024.jpg\" alt=\"\" width=\"538\" height=\"768\" srcset=\"https:\/\/www.tv2000.it\/docfilm\/wp-content\/uploads\/sites\/30\/2026\/03\/cartel-CORAZON-DE-PADRE-ITA-large-717x1024.jpg 717w, https:\/\/www.tv2000.it\/docfilm\/wp-content\/uploads\/sites\/30\/2026\/03\/cartel-CORAZON-DE-PADRE-ITA-large-210x300.jpg 210w, https:\/\/www.tv2000.it\/docfilm\/wp-content\/uploads\/sites\/30\/2026\/03\/cartel-CORAZON-DE-PADRE-ITA-large-768x1097.jpg 768w, https:\/\/www.tv2000.it\/docfilm\/wp-content\/uploads\/sites\/30\/2026\/03\/cartel-CORAZON-DE-PADRE-ITA-large-1075x1536.jpg 1075w, https:\/\/www.tv2000.it\/docfilm\/wp-content\/uploads\/sites\/30\/2026\/03\/cartel-CORAZON-DE-PADRE-ITA-large-1433x2048.jpg 1433w, https:\/\/www.tv2000.it\/docfilm\/wp-content\/uploads\/sites\/30\/2026\/03\/cartel-CORAZON-DE-PADRE-ITA-large-19x27.jpg 19w, https:\/\/www.tv2000.it\/docfilm\/wp-content\/uploads\/sites\/30\/2026\/03\/cartel-CORAZON-DE-PADRE-ITA-large-280x400.jpg 280w, https:\/\/www.tv2000.it\/docfilm\/wp-content\/uploads\/sites\/30\/2026\/03\/cartel-CORAZON-DE-PADRE-ITA-large-650x929.jpg 650w, https:\/\/www.tv2000.it\/docfilm\/wp-content\/uploads\/sites\/30\/2026\/03\/cartel-CORAZON-DE-PADRE-ITA-large-scaled.jpg 1791w\" sizes=\"(max-width: 538px) 100vw, 538px\" \/><\/a>Gioved\u00ec 19 marzo in prima serata<\/strong><\/p>\n<p><strong>DOCUFILM:&nbsp;CUORE DI PADRE <u>PRIMA TV<\/u><\/strong><\/p>\n<p><strong>Sinossi<\/strong>:&nbsp;Chi \u00e8 in realt\u00e0 Giuseppe di Nazareth? Il docufilm intraprende un viaggio intorno al mondo per indagare se sia vero che quest\u2019uomo misterioso oggi \u00e8 pi\u00f9 attivo che mai. Ci soffermeremo in posti emblematici dei cinque continenti, scoprendo santuari, feste e devozioni in onore di quel falegname umile e silenzioso. E conosceremo toccanti testimonianze di persone che hanno dato una svolta alle loro vite proprio grazie a San Giuseppe.<\/p>\n<p><strong>Regia<\/strong>:&nbsp;Andr\u00e9s Garrig\u00f3<\/p>\n<p><strong>Anno di produzione:<\/strong>&nbsp;2022<\/p>\n<p>&nbsp;<\/p>\n","protected":false},"excerpt":{"rendered":"Gioved\u00ec 19 marzo in prima serata DOCUFILM:&nbsp;CUORE DI PADRE PRIMA TV Sinossi:&nbsp;Chi \u00e8 in realt\u00e0 Giuseppe di Nazareth? Il docufilm intraprende un viaggio intorno al mondo per indagare se sia vero che quest\u2019uomo misterioso oggi \u00e8 pi\u00f9 attivo che mai. Ci soffermeremo in posti emblematici dei cinque continenti, scoprendo santuari, feste e devozioni in onore [&hellip;]","protected":false},"author":35,"featured_media":376112,"comment_status":"open","ping_status":"open","sticky":false,"template":"","format":"standard","meta":{"_acf_changed":false,"footnotes":""},"categories":[2],"tags":[],"class_list":["post-376110","post","type-post","status-publish","format-standard","has-post-thumbnail","hentry","category-film-in-programmazione"],"acf":[],"aioseo_notices":[],"featured_image_url":"https:\/\/www.tv2000.it\/docfilm\/wp-content\/uploads\/sites\/30\/2026\/03\/Fotograma-CorazonDePadre-02-scaled-e1773325845988-1024x1024.jpg","_links":{"self":[{"href":"https:\/\/www.tv2000.it\/docfilm\/wp-json\/wp\/v2\/posts\/376110","targetHints":{"allow":["GET"]}}],"collection":[{"href":"https:\/\/www.tv2000.it\/docfilm\/wp-json\/wp\/v2\/posts"}],"about":[{"href":"https:\/\/www.tv2000.it\/docfilm\/wp-json\/wp\/v2\/types\/post"}],"author":[{"embeddable":true,"href":"https:\/\/www.tv2000.it\/docfilm\/wp-json\/wp\/v2\/users\/35"}],"replies":[{"embeddable":true,"href":"https:\/\/www.tv2000.it\/docfilm\/wp-json\/wp\/v2\/comments?post=376110"}],"version-history":[{"count":1,"href":"https:\/\/www.tv2000.it\/docfilm\/wp-json\/wp\/v2\/posts\/376110\/revisions"}],"predecessor-version":[{"id":376113,"href":"https:\/\/www.tv2000.it\/docfilm\/wp-json\/wp\/v2\/posts\/376110\/revisions\/376113"}],"wp:featuredmedia":[{"embeddable":true,"href":"https:\/\/www.tv2000.it\/docfilm\/wp-json\/wp\/v2\/media\/376112"}],"wp:attachment":[{"href":"https:\/\/www.tv2000.it\/docfilm\/wp-json\/wp\/v2\/media?parent=376110"}],"wp:term":[{"taxonomy":"category","embeddable":true,"href":"https:\/\/www.tv2000.it\/docfilm\/wp-json\/wp\/v2\/categories?post=376110"},{"taxonomy":"post_tag","embeddable":true,"href":"https:\/\/www.tv2000.it\/docfilm\/wp-json\/wp\/v2\/tags?post=376110"}],"curies":[{"name":"wp","href":"https:\/\/api.w.org\/{rel}","templated":true}]}}