{"id":432,"date":"2024-12-04T16:58:38","date_gmt":"2024-12-04T15:58:38","guid":{"rendered":"https:\/\/www.tv2000.it\/eusolidarity\/?p=432"},"modified":"2024-12-04T16:58:38","modified_gmt":"2024-12-04T15:58:38","slug":"fondi-di-coesione-europei-limpegno-per-lutilizzo-di-fonti-rinnovabili","status":"publish","type":"post","link":"https:\/\/www.tv2000.it\/eusolidarity\/fondi-di-coesione-europei-limpegno-per-lutilizzo-di-fonti-rinnovabili\/","title":{"rendered":"Fondi di coesione europei: l\u2019impegno per l\u2019utilizzo di fonti rinnovabili"},"content":{"rendered":"<p>Entro il 2050 la maggior parte dell&#8217;energia consumata nei paesi dell\u2019Unione europea dovr\u00e0 provenire da fonti rinnovabili. La decisione \u00e8 della commissione che gi\u00e0 lo scorso anno ha varato il pacchetto \u201cpronti per il 55%\u201dcon cui si \u00e8 previsto di aumentare ulteriormente la quota di energie rinnovabili entro il 2030. Una sfida che riguarda l\u2019ambiente, certamente, ma anche le difficolt\u00e0 che in questi anni, dallo scoppio della guerra in Ucraina molti paesi, Italia compresa, stanno vivendo nell\u2019approvvigionamento energetico.<\/p>\n<div class=\"fluid-embed-container\"><iframe title=\"Siamo Noi (Tv2000) \u2013 Fondi di coesione europei: l\u2019impegno per l\u2019utilizzo di fonti rinnovabili\" width=\"640\" height=\"360\" src=\"https:\/\/www.youtube.com\/embed\/H8NJKjSBK04?feature=oembed\" frameborder=\"0\" allow=\"accelerometer; autoplay; clipboard-write; encrypted-media; gyroscope; picture-in-picture; web-share\" referrerpolicy=\"strict-origin-when-cross-origin\" allowfullscreen><\/iframe><\/div>\n","protected":false},"excerpt":{"rendered":"Entro il 2050 la maggior parte dell&#8217;energia consumata nei paesi dell\u2019Unione europea dovr\u00e0 provenire da fonti rinnovabili. La decisione \u00e8 della commissione che gi\u00e0 lo scorso anno ha varato il pacchetto \u201cpronti per il 55%\u201dcon cui si \u00e8 previsto di aumentare ulteriormente la quota di energie rinnovabili entro il 2030. Una sfida che riguarda l\u2019ambiente, [&hellip;]","protected":false},"author":6,"featured_media":433,"comment_status":"open","ping_status":"open","sticky":false,"template":"","format":"standard","meta":{"_acf_changed":false,"footnotes":""},"categories":[7,5],"tags":[],"class_list":["post-432","post","type-post","status-publish","format-standard","has-post-thumbnail","hentry","category-news","category-siamo-noi"],"acf":[],"aioseo_notices":[],"featured_image_url":"https:\/\/www.tv2000.it\/eusolidarity\/wp-content\/uploads\/sites\/76\/2024\/12\/Siamo-Noi-EUsolidarity-4-dicembre-2024-1024x753.jpg","_links":{"self":[{"href":"https:\/\/www.tv2000.it\/eusolidarity\/wp-json\/wp\/v2\/posts\/432","targetHints":{"allow":["GET"]}}],"collection":[{"href":"https:\/\/www.tv2000.it\/eusolidarity\/wp-json\/wp\/v2\/posts"}],"about":[{"href":"https:\/\/www.tv2000.it\/eusolidarity\/wp-json\/wp\/v2\/types\/post"}],"author":[{"embeddable":true,"href":"https:\/\/www.tv2000.it\/eusolidarity\/wp-json\/wp\/v2\/users\/6"}],"replies":[{"embeddable":true,"href":"https:\/\/www.tv2000.it\/eusolidarity\/wp-json\/wp\/v2\/comments?post=432"}],"version-history":[{"count":1,"href":"https:\/\/www.tv2000.it\/eusolidarity\/wp-json\/wp\/v2\/posts\/432\/revisions"}],"predecessor-version":[{"id":434,"href":"https:\/\/www.tv2000.it\/eusolidarity\/wp-json\/wp\/v2\/posts\/432\/revisions\/434"}],"wp:featuredmedia":[{"embeddable":true,"href":"https:\/\/www.tv2000.it\/eusolidarity\/wp-json\/wp\/v2\/media\/433"}],"wp:attachment":[{"href":"https:\/\/www.tv2000.it\/eusolidarity\/wp-json\/wp\/v2\/media?parent=432"}],"wp:term":[{"taxonomy":"category","embeddable":true,"href":"https:\/\/www.tv2000.it\/eusolidarity\/wp-json\/wp\/v2\/categories?post=432"},{"taxonomy":"post_tag","embeddable":true,"href":"https:\/\/www.tv2000.it\/eusolidarity\/wp-json\/wp\/v2\/tags?post=432"}],"curies":[{"name":"wp","href":"https:\/\/api.w.org\/{rel}","templated":true}]}}