{"id":475,"date":"2025-01-09T14:18:14","date_gmt":"2025-01-09T13:18:14","guid":{"rendered":"https:\/\/www.tv2000.it\/eusolidarity\/?p=475"},"modified":"2025-01-09T14:18:14","modified_gmt":"2025-01-09T13:18:14","slug":"la-coesione-passa-anche-dai-libri-il-progetto-colibri-a-bari","status":"publish","type":"post","link":"https:\/\/www.tv2000.it\/eusolidarity\/la-coesione-passa-anche-dai-libri-il-progetto-colibri-a-bari\/","title":{"rendered":"La Coesione passa anche dai libri. Il progetto Colibr\u00ec a Bari"},"content":{"rendered":"<p>Colibr\u00ec \u00e8 una rete di Biblioteche di Comunit\u00e0. Undici strutture, finanziate dai Fondi di Coesione Ue per la cultura, dislocate nei diversi quartieri cittadini, che \u201crappresentano molto di pi\u00f9 di un luogo dove trovare libri e audi- video, perch\u00e9 sono diventate un punto di riferimento, incontro e aggregazione per i cittadini\u201d come ci spiega Paola Romano, Assessora alla Cultura del Comune di Bari<\/p>\n<p>&nbsp;<\/p>\n<!-- ERRORE KALTURA: SSL certificate problem: certificate has expired. RC : 0 -->\n","protected":false},"excerpt":{"rendered":"Colibr\u00ec \u00e8 una rete di Biblioteche di Comunit\u00e0. Undici strutture, finanziate dai Fondi di Coesione Ue per la cultura, dislocate nei diversi quartieri cittadini, che \u201crappresentano molto di pi\u00f9 di un luogo dove trovare libri e audi- video, perch\u00e9 sono diventate un punto di riferimento, incontro e aggregazione per i cittadini\u201d come ci spiega Paola [&hellip;]","protected":false},"author":9,"featured_media":462,"comment_status":"open","ping_status":"open","sticky":false,"template":"","format":"standard","meta":{"_acf_changed":false,"footnotes":""},"categories":[4],"tags":[],"class_list":["post-475","post","type-post","status-publish","format-standard","has-post-thumbnail","hentry","category-buongiorno-inblu2000"],"acf":[],"aioseo_notices":[],"featured_image_url":"https:\/\/www.tv2000.it\/eusolidarity\/wp-content\/uploads\/sites\/76\/2024\/12\/europe-1395916_1280-pixabay-1024x682.jpg","_links":{"self":[{"href":"https:\/\/www.tv2000.it\/eusolidarity\/wp-json\/wp\/v2\/posts\/475","targetHints":{"allow":["GET"]}}],"collection":[{"href":"https:\/\/www.tv2000.it\/eusolidarity\/wp-json\/wp\/v2\/posts"}],"about":[{"href":"https:\/\/www.tv2000.it\/eusolidarity\/wp-json\/wp\/v2\/types\/post"}],"author":[{"embeddable":true,"href":"https:\/\/www.tv2000.it\/eusolidarity\/wp-json\/wp\/v2\/users\/9"}],"replies":[{"embeddable":true,"href":"https:\/\/www.tv2000.it\/eusolidarity\/wp-json\/wp\/v2\/comments?post=475"}],"version-history":[{"count":1,"href":"https:\/\/www.tv2000.it\/eusolidarity\/wp-json\/wp\/v2\/posts\/475\/revisions"}],"predecessor-version":[{"id":476,"href":"https:\/\/www.tv2000.it\/eusolidarity\/wp-json\/wp\/v2\/posts\/475\/revisions\/476"}],"wp:featuredmedia":[{"embeddable":true,"href":"https:\/\/www.tv2000.it\/eusolidarity\/wp-json\/wp\/v2\/media\/462"}],"wp:attachment":[{"href":"https:\/\/www.tv2000.it\/eusolidarity\/wp-json\/wp\/v2\/media?parent=475"}],"wp:term":[{"taxonomy":"category","embeddable":true,"href":"https:\/\/www.tv2000.it\/eusolidarity\/wp-json\/wp\/v2\/categories?post=475"},{"taxonomy":"post_tag","embeddable":true,"href":"https:\/\/www.tv2000.it\/eusolidarity\/wp-json\/wp\/v2\/tags?post=475"}],"curies":[{"name":"wp","href":"https:\/\/api.w.org\/{rel}","templated":true}]}}