{"id":15767,"date":"2025-05-18T16:33:41","date_gmt":"2025-05-18T14:33:41","guid":{"rendered":"https:\/\/www.tv2000.it\/finalmentedomenica\/?p=15767"},"modified":"2025-05-19T11:35:08","modified_gmt":"2025-05-19T09:35:08","slug":"125-anni-di-canonizzazione-di-santa-rita","status":"publish","type":"post","link":"https:\/\/www.tv2000.it\/finalmentedomenica\/2025\/05\/18\/125-anni-di-canonizzazione-di-santa-rita\/","title":{"rendered":"125 anni di canonizzazione di Santa Rita"},"content":{"rendered":"<div class=\"rwd-video\"><iframe title=\"Play 2000\" src=\"https:\/\/www.play2000.it\/play\/episode\/17881?startAt=0&amp;backToUrl=%2Fdetail%2F16%3Fepisode_id%3D17881%26season_id%3D535\" width=\"640\" height=\"360\" frameborder=\"0\" allowfullscreen=\"allowfullscreen\"><span data-mce-type=\"bookmark\" style=\"display: inline-block; width: 0px; overflow: hidden; line-height: 0;\" class=\"mce_SELRES_start\">\ufeff<\/span><span data-mce-type=\"bookmark\" style=\"display: inline-block; width: 0px; overflow: hidden; line-height: 0;\" class=\"mce_SELRES_start\">\ufeff<\/span><\/iframe><\/div>\n<p>Finalmente domenica, il programma di Tv2000 condotto da Lucia Ascione, ricorda il 125\u00b0 anniversario della canonizzazione di Santa Rita da Cascia. Era il 24 maggio 1900 quando Papa Leone XIII elev\u00f2 la santa dei casi impossibili agli onori degli altari. A parlarne sar\u00e0 padre Agostino Grossi, monaco agostiniano, che aprir\u00e0 una finestra anche sui primi giorni di pontificato di Papa Leone XIV, incontrato lo scorso 13 maggio presso la Casa Generalizia degli Agostiniani.<\/p>\n<p>Successivamente, la storia di vocazione e maternit\u00e0 spirituale di Maria Vittoria Zanichelli, giovane consacrata della Missione Belem, un\u2019associazione di religiosi, religiose e laici fondata in Brasile dal sacerdote veneziano don Gianpietro Carraro. La Missione Belem, secondo il suo statuto, \u00e8 una vera e propria famiglia per chi non ne ha una. Gli aderenti, partendo dalle crackolandie brasiliane e proseguendo tra le popolazioni terremotate di Haiti e nelle grandi citt\u00e0 italiane, si dedicano all\u2019evangelizzazione di strada, vivendo insieme alle persone pi\u00f9 povere, condividendo spazi e tempo, e cercando di restituire loro la dignit\u00e0 di figli di Dio.<\/p>\n<p><a href=\"https:\/\/www.play2000.it\/detail\/16\"><strong>Rivedi le puntate su Play2000<\/strong><\/a><\/p>\n","protected":false},"excerpt":{"rendered":"\ufeff\ufeff Finalmente domenica, il programma di Tv2000 condotto da Lucia Ascione, ricorda il 125\u00b0 anniversario della canonizzazione di Santa Rita da Cascia. Era il 24 maggio 1900 quando Papa Leone XIII elev\u00f2 la santa dei casi impossibili agli onori degli altari. A parlarne sar\u00e0 padre Agostino Grossi, monaco agostiniano, che aprir\u00e0 una finestra anche sui [&hellip;]","protected":false},"author":6,"featured_media":15768,"comment_status":"open","ping_status":"open","sticky":false,"template":"","format":"standard","meta":{"_acf_changed":false,"footnotes":""},"categories":[13],"tags":[],"class_list":["post-15767","post","type-post","status-publish","format-standard","has-post-thumbnail","hentry","category-puntate-2024-2025"],"acf":[],"aioseo_notices":[],"featured_image_url":"https:\/\/www.tv2000.it\/finalmentedomenica\/wp-content\/uploads\/sites\/71\/2025\/05\/finalmente-domenica-18-maggio-2025-1024x576.jpg","_links":{"self":[{"href":"https:\/\/www.tv2000.it\/finalmentedomenica\/wp-json\/wp\/v2\/posts\/15767","targetHints":{"allow":["GET"]}}],"collection":[{"href":"https:\/\/www.tv2000.it\/finalmentedomenica\/wp-json\/wp\/v2\/posts"}],"about":[{"href":"https:\/\/www.tv2000.it\/finalmentedomenica\/wp-json\/wp\/v2\/types\/post"}],"author":[{"embeddable":true,"href":"https:\/\/www.tv2000.it\/finalmentedomenica\/wp-json\/wp\/v2\/users\/6"}],"replies":[{"embeddable":true,"href":"https:\/\/www.tv2000.it\/finalmentedomenica\/wp-json\/wp\/v2\/comments?post=15767"}],"version-history":[{"count":1,"href":"https:\/\/www.tv2000.it\/finalmentedomenica\/wp-json\/wp\/v2\/posts\/15767\/revisions"}],"predecessor-version":[{"id":15769,"href":"https:\/\/www.tv2000.it\/finalmentedomenica\/wp-json\/wp\/v2\/posts\/15767\/revisions\/15769"}],"wp:featuredmedia":[{"embeddable":true,"href":"https:\/\/www.tv2000.it\/finalmentedomenica\/wp-json\/wp\/v2\/media\/15768"}],"wp:attachment":[{"href":"https:\/\/www.tv2000.it\/finalmentedomenica\/wp-json\/wp\/v2\/media?parent=15767"}],"wp:term":[{"taxonomy":"category","embeddable":true,"href":"https:\/\/www.tv2000.it\/finalmentedomenica\/wp-json\/wp\/v2\/categories?post=15767"},{"taxonomy":"post_tag","embeddable":true,"href":"https:\/\/www.tv2000.it\/finalmentedomenica\/wp-json\/wp\/v2\/tags?post=15767"}],"curies":[{"name":"wp","href":"https:\/\/api.w.org\/{rel}","templated":true}]}}