{"id":7908,"date":"2024-03-17T18:27:06","date_gmt":"2024-03-17T17:27:06","guid":{"rendered":"https:\/\/www.tv2000.it\/finalmentedomenica\/?p=7908"},"modified":"2024-03-18T13:28:21","modified_gmt":"2024-03-18T12:28:21","slug":"franca-vaglio-antonio-e-francesco-marra","status":"publish","type":"post","link":"https:\/\/www.tv2000.it\/finalmentedomenica\/2024\/03\/17\/franca-vaglio-antonio-e-francesco-marra\/","title":{"rendered":"Franca Vaglio, Antonio e Francesco Marra"},"content":{"rendered":"<p>Coraggio e devozione verso i bisognosi e uno spirito di cura fuori dal comune hanno attraversato i 65 anni di impegno da crocerossina di Franca Vaglio che il 23 febbraio scorso \u00e8 stata premiata, alla presenza del Ministro della Salute Schillaci, della pi\u00f9 alta onorificenza internazionale che un infermiere possa ricevere, la medaglia \u201cFlorence Nightingale\u201d. Nella prima parte di Finalmente domenica Sorella Vaglio, 85 anni, racconta la sua vita al servizio degli altri tra l\u2019Africa, la Romania, il Kosovo, l\u2019Albania e l\u2019Iraq.<\/p>\n<p>Si avvicina la festa di San Giuseppe, giornata dedicata a tutti i pap\u00e0: nella seconda parte di Finalmente domenica, Antonio e Francesco Marra, padre e figlio uniti dalla passione per la musica, si esibiranno con testi e musiche originali. Antonio uno dei pi\u00f9 grandi batteristi del nostro tempo, mentre Francesco, con i suoi dieci anni, \u00e8 gi\u00e0 un pianista che incanta il mondo tanto da vincere anche l\u2019oro al \u201cLondon Youth Piano Competition\u201d.<\/p>\n<div class=\"fluid-embed-container\"><iframe title=\"Finalmente Domenica (TV2000) 17 marzo 2024 - Franca Vaglio, Antonio e Francesco Marra\" width=\"640\" height=\"360\" src=\"https:\/\/www.youtube.com\/embed\/DqKyxisUpAE?feature=oembed\" frameborder=\"0\" allow=\"accelerometer; autoplay; clipboard-write; encrypted-media; gyroscope; picture-in-picture; web-share\" referrerpolicy=\"strict-origin-when-cross-origin\" allowfullscreen><\/iframe><\/div>\n","protected":false},"excerpt":{"rendered":"Coraggio e devozione verso i bisognosi e uno spirito di cura fuori dal comune hanno attraversato i 65 anni di impegno da crocerossina di Franca Vaglio che il 23 febbraio scorso \u00e8 stata premiata, alla presenza del Ministro della Salute Schillaci, della pi\u00f9 alta onorificenza internazionale che un infermiere possa ricevere, la medaglia \u201cFlorence Nightingale\u201d. [&hellip;]","protected":false},"author":6,"featured_media":7909,"comment_status":"open","ping_status":"open","sticky":false,"template":"","format":"standard","meta":{"_acf_changed":false,"footnotes":""},"categories":[11],"tags":[],"class_list":["post-7908","post","type-post","status-publish","format-standard","has-post-thumbnail","hentry","category-puntate-2023-2024"],"acf":[],"aioseo_notices":[],"featured_image_url":"https:\/\/www.tv2000.it\/finalmentedomenica\/wp-content\/uploads\/sites\/71\/2024\/03\/finalmente-domenica-17-marzo-2024-1024x572.jpg","_links":{"self":[{"href":"https:\/\/www.tv2000.it\/finalmentedomenica\/wp-json\/wp\/v2\/posts\/7908","targetHints":{"allow":["GET"]}}],"collection":[{"href":"https:\/\/www.tv2000.it\/finalmentedomenica\/wp-json\/wp\/v2\/posts"}],"about":[{"href":"https:\/\/www.tv2000.it\/finalmentedomenica\/wp-json\/wp\/v2\/types\/post"}],"author":[{"embeddable":true,"href":"https:\/\/www.tv2000.it\/finalmentedomenica\/wp-json\/wp\/v2\/users\/6"}],"replies":[{"embeddable":true,"href":"https:\/\/www.tv2000.it\/finalmentedomenica\/wp-json\/wp\/v2\/comments?post=7908"}],"version-history":[{"count":1,"href":"https:\/\/www.tv2000.it\/finalmentedomenica\/wp-json\/wp\/v2\/posts\/7908\/revisions"}],"predecessor-version":[{"id":7910,"href":"https:\/\/www.tv2000.it\/finalmentedomenica\/wp-json\/wp\/v2\/posts\/7908\/revisions\/7910"}],"wp:featuredmedia":[{"embeddable":true,"href":"https:\/\/www.tv2000.it\/finalmentedomenica\/wp-json\/wp\/v2\/media\/7909"}],"wp:attachment":[{"href":"https:\/\/www.tv2000.it\/finalmentedomenica\/wp-json\/wp\/v2\/media?parent=7908"}],"wp:term":[{"taxonomy":"category","embeddable":true,"href":"https:\/\/www.tv2000.it\/finalmentedomenica\/wp-json\/wp\/v2\/categories?post=7908"},{"taxonomy":"post_tag","embeddable":true,"href":"https:\/\/www.tv2000.it\/finalmentedomenica\/wp-json\/wp\/v2\/tags?post=7908"}],"curies":[{"name":"wp","href":"https:\/\/api.w.org\/{rel}","templated":true}]}}