{"id":8127,"date":"2024-04-07T19:52:28","date_gmt":"2024-04-07T17:52:28","guid":{"rendered":"https:\/\/www.tv2000.it\/finalmentedomenica\/?p=8127"},"modified":"2024-04-08T11:53:05","modified_gmt":"2024-04-08T09:53:05","slug":"eleonora-galia-e-fr-francesco-la-vecchia","status":"publish","type":"post","link":"https:\/\/www.tv2000.it\/finalmentedomenica\/2024\/04\/07\/eleonora-galia-e-fr-francesco-la-vecchia\/","title":{"rendered":"Eleonora Galia e Fr. Francesco La Vecchia"},"content":{"rendered":"<p>L\u2019ultimo desiderio di sua figlia, aiutare i bambini meno fortunati, \u00e8 oggi la ragione di vita di mamma Eleonora, che dal 2018, anno in cui \u00e8 morta la piccola Giulia, raccoglie giocattoli, vestiti e tutto quello che pu\u00f2 servire ai bimbi pi\u00f9 bisognosi. Per il suo impegno e la sua dedizione Eleonora Galia, ospite della prima parte di Finalmente domenica, \u00e8 stata premiata, il 20 marzo scorso, dal Presidente della Repubblica Sergio Mattarella e insignita del titolo di Ufficiale dell\u2019ordine al Merito della Repubblica.<\/p>\n<p>\u00abPerch\u00e9 mi hai veduto, tu hai creduto; beati quelli che non hanno visto e hanno creduto!\u00bb Le parole che Ges\u00f9 Risorto rivolge a Tommaso sono lo spunto per una catechesi, nella II Domenica di Pasqua, guidata dal domenicano Fr. Francesco La Vecchia, Priore Provinciale dell\u2019Ordine dei Predicatori della Provincia di San Tommaso D\u2019Aquino.<\/p>\n<div class=\"fluid-embed-container\"><iframe title=\"Finalmente Domenica (TV2000) 7 aprile 2024 - Eleonora Galia e Fr. Francesco La Vecchia\" width=\"640\" height=\"360\" src=\"https:\/\/www.youtube.com\/embed\/IH_LfwK_Kuw?feature=oembed\" frameborder=\"0\" allow=\"accelerometer; autoplay; clipboard-write; encrypted-media; gyroscope; picture-in-picture; web-share\" referrerpolicy=\"strict-origin-when-cross-origin\" allowfullscreen><\/iframe><\/div>\n","protected":false},"excerpt":{"rendered":"L\u2019ultimo desiderio di sua figlia, aiutare i bambini meno fortunati, \u00e8 oggi la ragione di vita di mamma Eleonora, che dal 2018, anno in cui \u00e8 morta la piccola Giulia, raccoglie giocattoli, vestiti e tutto quello che pu\u00f2 servire ai bimbi pi\u00f9 bisognosi. Per il suo impegno e la sua dedizione Eleonora Galia, ospite della [&hellip;]","protected":false},"author":6,"featured_media":8129,"comment_status":"open","ping_status":"open","sticky":false,"template":"","format":"standard","meta":{"_acf_changed":false,"footnotes":""},"categories":[11],"tags":[],"class_list":["post-8127","post","type-post","status-publish","format-standard","has-post-thumbnail","hentry","category-puntate-2023-2024"],"acf":[],"aioseo_notices":[],"featured_image_url":"https:\/\/www.tv2000.it\/finalmentedomenica\/wp-content\/uploads\/sites\/71\/2024\/04\/Finalmente-Domenica-7-aprile-2024-1024x574.jpg","_links":{"self":[{"href":"https:\/\/www.tv2000.it\/finalmentedomenica\/wp-json\/wp\/v2\/posts\/8127","targetHints":{"allow":["GET"]}}],"collection":[{"href":"https:\/\/www.tv2000.it\/finalmentedomenica\/wp-json\/wp\/v2\/posts"}],"about":[{"href":"https:\/\/www.tv2000.it\/finalmentedomenica\/wp-json\/wp\/v2\/types\/post"}],"author":[{"embeddable":true,"href":"https:\/\/www.tv2000.it\/finalmentedomenica\/wp-json\/wp\/v2\/users\/6"}],"replies":[{"embeddable":true,"href":"https:\/\/www.tv2000.it\/finalmentedomenica\/wp-json\/wp\/v2\/comments?post=8127"}],"version-history":[{"count":1,"href":"https:\/\/www.tv2000.it\/finalmentedomenica\/wp-json\/wp\/v2\/posts\/8127\/revisions"}],"predecessor-version":[{"id":8130,"href":"https:\/\/www.tv2000.it\/finalmentedomenica\/wp-json\/wp\/v2\/posts\/8127\/revisions\/8130"}],"wp:featuredmedia":[{"embeddable":true,"href":"https:\/\/www.tv2000.it\/finalmentedomenica\/wp-json\/wp\/v2\/media\/8129"}],"wp:attachment":[{"href":"https:\/\/www.tv2000.it\/finalmentedomenica\/wp-json\/wp\/v2\/media?parent=8127"}],"wp:term":[{"taxonomy":"category","embeddable":true,"href":"https:\/\/www.tv2000.it\/finalmentedomenica\/wp-json\/wp\/v2\/categories?post=8127"},{"taxonomy":"post_tag","embeddable":true,"href":"https:\/\/www.tv2000.it\/finalmentedomenica\/wp-json\/wp\/v2\/tags?post=8127"}],"curies":[{"name":"wp","href":"https:\/\/api.w.org\/{rel}","templated":true}]}}