{"id":10049,"date":"2019-04-10T18:28:48","date_gmt":"2019-04-10T16:28:48","guid":{"rendered":"http:\/\/www.tv2000.it\/ildiariodipapafrancesco\/?p=10049"},"modified":"2019-04-10T18:53:27","modified_gmt":"2019-04-10T16:53:27","slug":"anche-i-santi-sono-debitori-di-dio","status":"publish","type":"post","link":"https:\/\/www.tv2000.it\/ildiariodipapafrancesco\/2019\/04\/10\/anche-i-santi-sono-debitori-di-dio\/","title":{"rendered":"\u201cAnche i santi sono debitori di Dio\u201d"},"content":{"rendered":"<p>\u201cRimetti a noi i nostri debiti, come noi li rimettiamo ai nostri debitori\u201d (Mt 6,12). Come abbiamo bisogno del pane, cos\u00ec abbiamo bisogno del perdono. E questo, ogni giorno.<br \/>\nContinua la catechesi di Papa Francesco sulla preghiera del &#8220;Padre Nostro&#8221;.<\/p>\n<p>In studio, con Gennaro Ferrara, Robert Cheaib, teologo.<\/p>\n<p>PUNTATA INTEGRALE<\/p>\n<div class=\"fluid-embed-container\"><iframe title=\"Il diario di Papa Francesco, 10 aprile 2019\" width=\"640\" height=\"360\" src=\"https:\/\/www.youtube.com\/embed\/eh36TFZsoZM?feature=oembed\" frameborder=\"0\" allow=\"accelerometer; autoplay; clipboard-write; encrypted-media; gyroscope; picture-in-picture; web-share\" referrerpolicy=\"strict-origin-when-cross-origin\" allowfullscreen><\/iframe><\/div>\n<p><a href=\"http:\/\/w2.vatican.va\/content\/francesco\/it\/audiences\/2019\/documents\/papa-francesco_20190410_udienza-generale.html\" target=\"_blank\" rel=\"noopener\">IL PERICOLO DELL\u2019ORGOGLIO<\/a><\/p>\n<p>E\u2019 l\u2019orgoglio. \u00c8 l\u2019atteggiamento di chi si pone davanti a Dio pensando di avere sempre i conti in ordine con Lui: l\u2019orgoglioso crede che ha tutto al suo posto. Come quel fariseo della parabola, che nel tempio pensa di pregare ma in realt\u00e0 loda s\u00e9 stesso davanti a Dio: \u201cTi ringrazio, Signore, perch\u00e9 io non sono come gli altri\u201d. E la gente che si sente perfetta, la gente che critica gli altri, \u00e8 gente orgogliosa. Nessuno di noi \u00e8 perfetto, nessuno.<\/p>\n<div class=\"fluid-embed-container\"><iframe title=\"Papa Francesco, Udienza Generale: &quot;Il pericolo dell\u2019orgoglio&quot;\" width=\"640\" height=\"360\" src=\"https:\/\/www.youtube.com\/embed\/ZHoJwuO3kJA?feature=oembed\" frameborder=\"0\" allow=\"accelerometer; autoplay; clipboard-write; encrypted-media; gyroscope; picture-in-picture; web-share\" referrerpolicy=\"strict-origin-when-cross-origin\" allowfullscreen><\/iframe><\/div>\n<p>IN EVIDENZA<\/p>\n<p>Robert Cheaib: &#8220;La grazia non mi de-responsabilizza\u201d<\/p>\n<div class=\"fluid-embed-container\"><iframe title=\"Robert Cheaib: &quot;La grazia non mi de-responsabilizza\u201d\" width=\"640\" height=\"360\" src=\"https:\/\/www.youtube.com\/embed\/BVcSh9pFM6Y?feature=oembed\" frameborder=\"0\" allow=\"accelerometer; autoplay; clipboard-write; encrypted-media; gyroscope; picture-in-picture; web-share\" referrerpolicy=\"strict-origin-when-cross-origin\" allowfullscreen><\/iframe><\/div>\n<p><a href=\"http:\/\/w2.vatican.va\/content\/francesco\/it\/audiences\/2019\/documents\/papa-francesco_20190410_udienza-generale.html\" target=\"_blank\" rel=\"noopener\">SIAMO DEBITORI<\/a><br \/>\nSe diciamo di essere senza peccato, inganniamo noi stessi e la verit\u00e0 non \u00e8 in noi\u00bb (1 Gv1,8). Se tu vuoi ingannare te stesso, d\u00ec che non hai peccato: cos\u00ec ti stai ingannando.<br \/>\nSiamo debitori anzitutto perch\u00e9 in questa vita abbiamo ricevuto tanto: l\u2019esistenza, un padre e una madre, l\u2019amicizia, le meraviglie del creato&#8230; Anche se a tutti capita di attraversare giorni difficili, dobbiamo sempre ricordarci che la vita \u00e8 una grazia, \u00e8 il miracolo che Dio ha estratto dal nulla.<br \/>\nIn secondo luogo siamo debitori perch\u00e9, anche se riusciamo ad amare, nessuno di noi \u00e8 capace di farlo con le sue sole forze. L\u2019amore vero \u00e8 quando possiamo amare, ma con la grazia di Dio. Nessuno di noi brilla di luce propria.<\/p>\n<div class=\"fluid-embed-container\"><iframe title=\"Papa Francesco, Udienza Generale: &quot;Siamo debitori&quot;\" width=\"640\" height=\"360\" src=\"https:\/\/www.youtube.com\/embed\/dT_OLSEUGIQ?feature=oembed\" frameborder=\"0\" allow=\"accelerometer; autoplay; clipboard-write; encrypted-media; gyroscope; picture-in-picture; web-share\" referrerpolicy=\"strict-origin-when-cross-origin\" allowfullscreen><\/iframe><\/div>\n<p><a href=\"http:\/\/w2.vatican.va\/content\/francesco\/it\/audiences\/2019\/documents\/papa-francesco_20190410_udienza-generale.html\" target=\"_blank\" rel=\"noopener\">IL MISTERO DELLA LUNA<\/a><\/p>\n<p>C\u2019\u00e8 quello che i teologi antichi chiamavano un \u201cmysterium lunae\u201d non solo nell\u2019identit\u00e0 della Chiesa, ma anche nella storia di ciascuno di noi. Cosa significa, questo \u201cmysterium lunae\u201d? Che \u00e8 come la luna, che non ha luce propria: riflette la luce del sole. Anche noi, non abbiamo luce propria: la luce che abbiamo \u00e8 un riflesso della grazia di Dio, della luce di Dio. Se ami \u00e8 perch\u00e9 qualcuno, all\u2019esterno di te, ti ha sorriso quando eri un bambino, insegnandoti a rispondere con un sorriso. Se ami \u00e8 perch\u00e9 qualcuno accanto a te ti ha risvegliato all\u2019amore, facendoti comprendere come in esso risiede il senso dell\u2019esistenza.<br \/>\nProviamo ad ascoltare la storia di qualche persona che ha sbagliato: un carcerato, un condannato, un drogato \u2026 conosciamo tanta gente che sbaglia nella vita. Fatta salva la responsabilit\u00e0, che \u00e8 sempre personale, ti domandi qualche volta chi debba essere incolpato dei suoi sbagli, se solo la sua coscienza, o la storia di odio e di abbandono che qualcuno si porta dietro.<\/p>\n<div class=\"fluid-embed-container\"><iframe title=\"Papa Francesco, Udienza Generale: &quot;Il mistero della luna&quot;\" width=\"640\" height=\"360\" src=\"https:\/\/www.youtube.com\/embed\/p7w8j1YNBko?feature=oembed\" frameborder=\"0\" allow=\"accelerometer; autoplay; clipboard-write; encrypted-media; gyroscope; picture-in-picture; web-share\" referrerpolicy=\"strict-origin-when-cross-origin\" allowfullscreen><\/iframe><\/div>\n<p><strong>Photogallery<\/strong><\/p>\n<div class=\"rgg-container\" data-rgg-id=\"1\">    <div class=\"rgg-imagegrid captions-title captions-effect-none \" data-rgg-id=\"1\">\n                    <a href=\"https:\/\/www.tv2000.it\/ildiariodipapafrancesco\/wp-content\/uploads\/sites\/20\/2019\/04\/WhatsApp-Image-2019-04-10-at-18.26.24-1-1024x576.jpeg\" data-rel=\"rgg\" rel=\"rgg\" title=\"\" class=\"rgg-simplelightbox size-thumbnail rgg-img\" data-src=\"https:\/\/www.tv2000.it\/ildiariodipapafrancesco\/wp-content\/uploads\/sites\/20\/2019\/04\/WhatsApp-Image-2019-04-10-at-18.26.24-1-150x150.jpeg\" data-ratio=\"1\" data-height=\"150\" data-width=\"150\" aria-label=\"Il diario di papa Francesco\">\n                            <\/a>\n                    <a href=\"https:\/\/www.tv2000.it\/ildiariodipapafrancesco\/wp-content\/uploads\/sites\/20\/2019\/04\/WhatsApp-Image-2019-04-10-at-18.26.24-1024x576.jpeg\" data-rel=\"rgg\" rel=\"rgg\" title=\"\" class=\"rgg-simplelightbox size-thumbnail rgg-img\" data-src=\"https:\/\/www.tv2000.it\/ildiariodipapafrancesco\/wp-content\/uploads\/sites\/20\/2019\/04\/WhatsApp-Image-2019-04-10-at-18.26.24-150x150.jpeg\" data-ratio=\"1\" data-height=\"150\" data-width=\"150\" aria-label=\"Il diario di papa Francesco\">\n                            <\/a>\n                    <a href=\"https:\/\/www.tv2000.it\/ildiariodipapafrancesco\/wp-content\/uploads\/sites\/20\/2019\/04\/WhatsApp-Image-2019-04-10-at-18.26.23-1-1024x576.jpeg\" data-rel=\"rgg\" rel=\"rgg\" title=\"\" class=\"rgg-simplelightbox size-thumbnail rgg-img\" data-src=\"https:\/\/www.tv2000.it\/ildiariodipapafrancesco\/wp-content\/uploads\/sites\/20\/2019\/04\/WhatsApp-Image-2019-04-10-at-18.26.23-1-150x150.jpeg\" data-ratio=\"1\" data-height=\"150\" data-width=\"150\" aria-label=\"Il diario di papa Francesco\">\n                            <\/a>\n                    <a href=\"https:\/\/www.tv2000.it\/ildiariodipapafrancesco\/wp-content\/uploads\/sites\/20\/2019\/04\/WhatsApp-Image-2019-04-10-at-18.26.23-1024x576.jpeg\" data-rel=\"rgg\" rel=\"rgg\" title=\"\" class=\"rgg-simplelightbox size-thumbnail rgg-img\" data-src=\"https:\/\/www.tv2000.it\/ildiariodipapafrancesco\/wp-content\/uploads\/sites\/20\/2019\/04\/WhatsApp-Image-2019-04-10-at-18.26.23-150x150.jpeg\" data-ratio=\"1\" data-height=\"150\" data-width=\"150\" aria-label=\"Il diario di papa Francesco\">\n                            <\/a>\n            <\/div>\n<\/div>\n","protected":false},"excerpt":{"rendered":"\u201cRimetti a noi i nostri debiti, come noi li rimettiamo ai nostri debitori\u201d (Mt 6,12). Come abbiamo bisogno del pane, cos\u00ec abbiamo bisogno del perdono. E questo, ogni giorno. Continua la catechesi di Papa Francesco sulla preghiera del &#8220;Padre Nostro&#8221;. In studio, con Gennaro Ferrara, Robert Cheaib, teologo. PUNTATA INTEGRALE IL PERICOLO DELL\u2019ORGOGLIO E\u2019 l\u2019orgoglio. [&hellip;]","protected":false},"author":9,"featured_media":10056,"comment_status":"open","ping_status":"open","sticky":false,"template":"","format":"standard","meta":{"_acf_changed":false,"footnotes":""},"categories":[131],"tags":[41],"class_list":["post-10049","post","type-post","status-publish","format-standard","has-post-thumbnail","hentry","category-puntate-dal-2017-al-2020","tag-papafrancesco"],"acf":[],"aioseo_notices":[],"featured_image_url":"https:\/\/www.tv2000.it\/ildiariodipapafrancesco\/wp-content\/uploads\/sites\/20\/2019\/04\/diario1004-1024x576.jpg","_links":{"self":[{"href":"https:\/\/www.tv2000.it\/ildiariodipapafrancesco\/wp-json\/wp\/v2\/posts\/10049","targetHints":{"allow":["GET"]}}],"collection":[{"href":"https:\/\/www.tv2000.it\/ildiariodipapafrancesco\/wp-json\/wp\/v2\/posts"}],"about":[{"href":"https:\/\/www.tv2000.it\/ildiariodipapafrancesco\/wp-json\/wp\/v2\/types\/post"}],"author":[{"embeddable":true,"href":"https:\/\/www.tv2000.it\/ildiariodipapafrancesco\/wp-json\/wp\/v2\/users\/9"}],"replies":[{"embeddable":true,"href":"https:\/\/www.tv2000.it\/ildiariodipapafrancesco\/wp-json\/wp\/v2\/comments?post=10049"}],"version-history":[{"count":6,"href":"https:\/\/www.tv2000.it\/ildiariodipapafrancesco\/wp-json\/wp\/v2\/posts\/10049\/revisions"}],"predecessor-version":[{"id":10072,"href":"https:\/\/www.tv2000.it\/ildiariodipapafrancesco\/wp-json\/wp\/v2\/posts\/10049\/revisions\/10072"}],"wp:featuredmedia":[{"embeddable":true,"href":"https:\/\/www.tv2000.it\/ildiariodipapafrancesco\/wp-json\/wp\/v2\/media\/10056"}],"wp:attachment":[{"href":"https:\/\/www.tv2000.it\/ildiariodipapafrancesco\/wp-json\/wp\/v2\/media?parent=10049"}],"wp:term":[{"taxonomy":"category","embeddable":true,"href":"https:\/\/www.tv2000.it\/ildiariodipapafrancesco\/wp-json\/wp\/v2\/categories?post=10049"},{"taxonomy":"post_tag","embeddable":true,"href":"https:\/\/www.tv2000.it\/ildiariodipapafrancesco\/wp-json\/wp\/v2\/tags?post=10049"}],"curies":[{"name":"wp","href":"https:\/\/api.w.org\/{rel}","templated":true}]}}