{"id":10206,"date":"2019-04-26T19:06:34","date_gmt":"2019-04-26T17:06:34","guid":{"rendered":"http:\/\/www.tv2000.it\/ildiariodipapafrancesco\/?p=10206"},"modified":"2019-04-26T19:06:34","modified_gmt":"2019-04-26T17:06:34","slug":"la-guarigione-del-cuore","status":"publish","type":"post","link":"https:\/\/www.tv2000.it\/ildiariodipapafrancesco\/2019\/04\/26\/la-guarigione-del-cuore\/","title":{"rendered":"\u201cLa guarigione del cuore\u201d"},"content":{"rendered":"<p>Nel XXV anniversario della fondazione internazionale &#8220;Nuovi Orizzonti&#8221;, in studio con Nicola Ferrante la fondatrice e presidente Chiara Amirante racconta la sua straordinaria esperienza e presenta il suo ultimo libro \u201cLa guarigione del cuore\u201d (Edizioni San Paolo). Un prezioso strumento per riconoscere e curare le ferite del cuore. Un viaggio alla scoperta della nostra interiorit\u00e0, del Divino che ci abita e delle grandi potenzialit\u00e0 del nostro spirito.<\/p>\n<p>PUNTATA INTEGRALE<\/p>\n<div class=\"fluid-embed-container\"><iframe title=\"Il diario di Papa Francesco, 26 aprile 2019\" width=\"640\" height=\"360\" src=\"https:\/\/www.youtube.com\/embed\/kmi-bzVjnXI?feature=oembed\" frameborder=\"0\" allow=\"accelerometer; autoplay; clipboard-write; encrypted-media; gyroscope; picture-in-picture; web-share\" referrerpolicy=\"strict-origin-when-cross-origin\" allowfullscreen><\/iframe><\/div>\n<p><a href=\"http:\/\/w2.vatican.va\/content\/francesco\/it\/homilies\/2016\/documents\/papa-francesco_20160612_omelia-giubileo-ammalati-disabili.html\" target=\"_blank\" rel=\"noopener\">LA TERAPIA DEL SORRISO<\/a><br \/>\nNon esiste solo la sofferenza fisica; oggi, una delle patologie pi\u00f9 frequenti \u00e8 anche quella che tocca lo spirito. E\u2019 una sofferenza che coinvolge l\u2019animo e lo rende triste perch\u00e9 privo di amore. La patologia della tristezza. Quando si fa esperienza della delusione o del tradimento nelle relazioni importanti, allora ci si scopre vulnerabili, deboli e senza difese. La tentazione di rinchiudersi in s\u00e9 stessi si fa molto forte, e si rischia di perdere l\u2019occasione della vita: amare nonostante tutto. Amare nonostante tutto!<br \/>\nLa felicit\u00e0 che ognuno desidera, d\u2019altronde, pu\u00f2 esprimersi in tanti modi e pu\u00f2 essere raggiunta solo se siamo capaci di amare. Questa \u00e8 la strada. E\u2019 sempre una questione di amore, non c\u2019\u00e8 un\u2019altra strada. La vera sfida \u00e8 quella di chi ama di pi\u00f9. Quante persone disabili e sofferenti si riaprono alla vita appena scoprono di essere amate! E quanto amore pu\u00f2 sgorgare da un cuore anche solo per un sorriso! La terapia del sorriso. Allora la fragilit\u00e0 stessa pu\u00f2 diventare conforto e sostegno alla nostra solitudine.<\/p>\n<div class=\"fluid-embed-container\"><iframe title=\"Giubileo ammalati, Papa Francesco: La terapia del sorriso\" width=\"640\" height=\"360\" src=\"https:\/\/www.youtube.com\/embed\/vwxcuVl93CM?feature=oembed\" frameborder=\"0\" allow=\"accelerometer; autoplay; clipboard-write; encrypted-media; gyroscope; picture-in-picture; web-share\" referrerpolicy=\"strict-origin-when-cross-origin\" allowfullscreen><\/iframe><\/div>\n<p>&nbsp;<\/p>\n<p>IN EVIDENZA<\/p>\n<p>Chiara Amirante: \u201cDalle ferite alle dipendenze\u201d<\/p>\n<div class=\"fluid-embed-container\"><iframe title=\"Chiara Amirante: \u201cDalle ferite alle dipendenze\u201d\" width=\"640\" height=\"360\" src=\"https:\/\/www.youtube.com\/embed\/9gaxA5XQC-Y?feature=oembed\" frameborder=\"0\" allow=\"accelerometer; autoplay; clipboard-write; encrypted-media; gyroscope; picture-in-picture; web-share\" referrerpolicy=\"strict-origin-when-cross-origin\" allowfullscreen><\/iframe><\/div>\n<p>Chiara Amirante: \u201cPerch\u00e9 la Parola vivifica\u201d<\/p>\n<div class=\"fluid-embed-container\"><iframe title=\"Chiara Amirante: \u201cPerch\u00e9 la Parola vivifica\u201d\" width=\"640\" height=\"360\" src=\"https:\/\/www.youtube.com\/embed\/e0yjQ8VYBbg?feature=oembed\" frameborder=\"0\" allow=\"accelerometer; autoplay; clipboard-write; encrypted-media; gyroscope; picture-in-picture; web-share\" referrerpolicy=\"strict-origin-when-cross-origin\" allowfullscreen><\/iframe><\/div>\n<p><a href=\"http:\/\/press.vatican.va\/content\/salastampa\/it\/bollettino\/pubblico\/2018\/12\/01\/0889\/01936.html\" target=\"_blank\" rel=\"noopener\">ALLEVIARE, CURARE, GUARIRE<\/a><\/p>\n<p>L\u2019uso della droga causa gravissimi danni alla salute, alla vita umana e alla societ\u00e0, voi lo sapete bene. Tutti siamo chiamati a contrastare la produzione, l\u2019elaborazione e la distribuzione della droga nel mondo. \u00c8 dovere e compito dei governi affrontare con coraggio questa lotta contro i trafficanti di morte. Trafficanti di morte: non dobbiamo avere paura di dare questa qualifica. Un ambito sempre pi\u00f9 rischioso si sta rivelando lo spazio virtuale: in alcuni siti di Internet, i giovani, e non solo, vengono adescati e trascinati in una schiavit\u00f9 dalla quale \u00e8 difficile liberarsi e che conduce alla perdita del senso della vita e a volte della vita stessa. Di fronte a questo scenario preoccupante, la Chiesa sente come urgente il bisogno di instaurare nel mondo contemporaneo una forma di umanesimo che riporti al centro del discorso socio-economico-culturale la persona umana; un umanesimo che ha quale fondamento il \u201cVangelo della Misericordia\u201d. A partire da esso, i discepoli di Ges\u00f9 trovano ispirazione per attuare un\u2019azione pastorale veramente efficace al fine di alleviare, curare e guarire le tante sofferenze legate alle multiformi dipendenze presenti sulla scena umana.<\/p>\n<div class=\"fluid-embed-container\"><iframe title=\"Papa Francesco: Alleviare, curare, guarire\" width=\"640\" height=\"360\" src=\"https:\/\/www.youtube.com\/embed\/sFUCe2X4MOg?feature=oembed\" frameborder=\"0\" allow=\"accelerometer; autoplay; clipboard-write; encrypted-media; gyroscope; picture-in-picture; web-share\" referrerpolicy=\"strict-origin-when-cross-origin\" allowfullscreen><\/iframe><\/div>\n<p><a href=\"http:\/\/w2.vatican.va\/content\/francesco\/it\/speeches\/2019\/april\/documents\/papa-francesco_20190426_federazione-biblica-cattolica.html\" target=\"_blank\" rel=\"noopener\">PAROLE DI VITA<\/a><\/p>\n<p>Nella Chiesa la Parola \u00e8 un\u2019insostituibile iniezione di vita. Per questo sono fondamentali le omelie. La predicazione non \u00e8 un esercizio di retorica e nemmeno un insieme di sapienti nozioni umane: sarebbe solo legna. \u00c8 invece condivisione dello Spirito (cfr 1 Cor 2,4), della Parola divina che ha toccato il cuore del predicatore, il quale comunica quel calore, quella unzione. Tante parole affluiscono quotidianamente alle nostre orecchie, trasmettendo informazioni e dando molteplici input; tante, forse troppe, al punto da superare spesso la nostra capacit\u00e0 di accoglierle. Ma non possiamo rinunciare alla Parola di Ges\u00f9, all\u2019unica Parola di vita eterna (cfr Gv 6,68), di cui abbiamo bisogno ogni giorno.<\/p>\n<p>Cos\u00ec, provocando radicali doni di vita, la Parola vivifica. Non lascia tranquilli, mette in discussione. Una Chiesa che vive nell\u2019ascolto della Parola non \u00e8 mai paga delle proprie sicurezze. \u00c8 docile alla novit\u00e0 imprevedibile dello Spirito. Non si stanca di annunciare, non cede alla delusione, non si arrende nel promuovere a ogni livello la comunione, perch\u00e9 la Parola chiama all\u2019unit\u00e0 e invita ciascuno ad ascoltare l\u2019altro, superando i propri particolarismi.<\/p>\n<div class=\"fluid-embed-container\"><iframe title=\"Papa Francesco alla Federazione biblica cattolica: &quot;Parole di vita&quot;\" width=\"640\" height=\"360\" src=\"https:\/\/www.youtube.com\/embed\/QIhwI0H6Ifs?feature=oembed\" frameborder=\"0\" allow=\"accelerometer; autoplay; clipboard-write; encrypted-media; gyroscope; picture-in-picture; web-share\" referrerpolicy=\"strict-origin-when-cross-origin\" allowfullscreen><\/iframe><\/div>\n<p>&nbsp;<\/p>\n<p>Photogallery<\/p>\n<div class=\"rgg-container\" data-rgg-id=\"1\">    <div class=\"rgg-imagegrid captions-title captions-effect-none \" data-rgg-id=\"1\">\n                    <a href=\"https:\/\/www.tv2000.it\/ildiariodipapafrancesco\/wp-content\/uploads\/sites\/20\/2019\/04\/WhatsApp-Image-2019-04-26-at-17.54.22-1-1024x576.jpeg\" data-rel=\"rgg\" rel=\"rgg\" title=\"\" class=\"rgg-simplelightbox size-thumbnail rgg-img\" data-src=\"https:\/\/www.tv2000.it\/ildiariodipapafrancesco\/wp-content\/uploads\/sites\/20\/2019\/04\/WhatsApp-Image-2019-04-26-at-17.54.22-1-150x150.jpeg\" data-ratio=\"1\" data-height=\"150\" data-width=\"150\" aria-label=\"Il diario di Papa Francesco\">\n                            <\/a>\n                    <a href=\"https:\/\/www.tv2000.it\/ildiariodipapafrancesco\/wp-content\/uploads\/sites\/20\/2019\/04\/WhatsApp-Image-2019-04-26-at-17.54.22-1024x576.jpeg\" data-rel=\"rgg\" rel=\"rgg\" title=\"\" class=\"rgg-simplelightbox size-thumbnail rgg-img\" data-src=\"https:\/\/www.tv2000.it\/ildiariodipapafrancesco\/wp-content\/uploads\/sites\/20\/2019\/04\/WhatsApp-Image-2019-04-26-at-17.54.22-150x150.jpeg\" data-ratio=\"1\" data-height=\"150\" data-width=\"150\" aria-label=\"Il diario di Papa Francesco\">\n                            <\/a>\n                    <a href=\"https:\/\/www.tv2000.it\/ildiariodipapafrancesco\/wp-content\/uploads\/sites\/20\/2019\/04\/WhatsApp-Image-2019-04-26-at-17.54.20-1024x576.jpeg\" data-rel=\"rgg\" rel=\"rgg\" title=\"\" class=\"rgg-simplelightbox size-thumbnail rgg-img\" data-src=\"https:\/\/www.tv2000.it\/ildiariodipapafrancesco\/wp-content\/uploads\/sites\/20\/2019\/04\/WhatsApp-Image-2019-04-26-at-17.54.20-150x150.jpeg\" data-ratio=\"1\" data-height=\"150\" data-width=\"150\" aria-label=\"Il diario di Papa Francesco\">\n                            <\/a>\n            <\/div>\n<\/div>\n","protected":false},"excerpt":{"rendered":"Nel XXV anniversario della fondazione internazionale &#8220;Nuovi Orizzonti&#8221;, in studio con Nicola Ferrante la fondatrice e presidente Chiara Amirante racconta la sua straordinaria esperienza e presenta il suo ultimo libro \u201cLa guarigione del cuore\u201d (Edizioni San Paolo). Un prezioso strumento per riconoscere e curare le ferite del cuore. Un viaggio alla scoperta della nostra interiorit\u00e0, [&hellip;]","protected":false},"author":9,"featured_media":10211,"comment_status":"open","ping_status":"open","sticky":false,"template":"","format":"standard","meta":{"_acf_changed":false,"footnotes":""},"categories":[131],"tags":[41],"class_list":["post-10206","post","type-post","status-publish","format-standard","has-post-thumbnail","hentry","category-puntate-dal-2017-al-2020","tag-papafrancesco"],"acf":[],"aioseo_notices":[],"featured_image_url":"https:\/\/www.tv2000.it\/ildiariodipapafrancesco\/wp-content\/uploads\/sites\/20\/2019\/04\/diario2604-1024x576.jpg","_links":{"self":[{"href":"https:\/\/www.tv2000.it\/ildiariodipapafrancesco\/wp-json\/wp\/v2\/posts\/10206","targetHints":{"allow":["GET"]}}],"collection":[{"href":"https:\/\/www.tv2000.it\/ildiariodipapafrancesco\/wp-json\/wp\/v2\/posts"}],"about":[{"href":"https:\/\/www.tv2000.it\/ildiariodipapafrancesco\/wp-json\/wp\/v2\/types\/post"}],"author":[{"embeddable":true,"href":"https:\/\/www.tv2000.it\/ildiariodipapafrancesco\/wp-json\/wp\/v2\/users\/9"}],"replies":[{"embeddable":true,"href":"https:\/\/www.tv2000.it\/ildiariodipapafrancesco\/wp-json\/wp\/v2\/comments?post=10206"}],"version-history":[{"count":3,"href":"https:\/\/www.tv2000.it\/ildiariodipapafrancesco\/wp-json\/wp\/v2\/posts\/10206\/revisions"}],"predecessor-version":[{"id":10222,"href":"https:\/\/www.tv2000.it\/ildiariodipapafrancesco\/wp-json\/wp\/v2\/posts\/10206\/revisions\/10222"}],"wp:featuredmedia":[{"embeddable":true,"href":"https:\/\/www.tv2000.it\/ildiariodipapafrancesco\/wp-json\/wp\/v2\/media\/10211"}],"wp:attachment":[{"href":"https:\/\/www.tv2000.it\/ildiariodipapafrancesco\/wp-json\/wp\/v2\/media?parent=10206"}],"wp:term":[{"taxonomy":"category","embeddable":true,"href":"https:\/\/www.tv2000.it\/ildiariodipapafrancesco\/wp-json\/wp\/v2\/categories?post=10206"},{"taxonomy":"post_tag","embeddable":true,"href":"https:\/\/www.tv2000.it\/ildiariodipapafrancesco\/wp-json\/wp\/v2\/tags?post=10206"}],"curies":[{"name":"wp","href":"https:\/\/api.w.org\/{rel}","templated":true}]}}