{"id":10229,"date":"2019-04-29T19:16:48","date_gmt":"2019-04-29T17:16:48","guid":{"rendered":"http:\/\/www.tv2000.it\/ildiariodipapafrancesco\/?p=10229"},"modified":"2019-04-29T19:16:48","modified_gmt":"2019-04-29T17:16:48","slug":"incantare-le-sirene","status":"publish","type":"post","link":"https:\/\/www.tv2000.it\/ildiariodipapafrancesco\/2019\/04\/29\/incantare-le-sirene\/","title":{"rendered":"\u201cIncantare le sirene\u201d"},"content":{"rendered":"<p>In studio con Nicola Ferrante, due teologi, Stella Morra e Marco Ronconi, autori di \u201cIncantare le sirene\u201d (edizioni Dehoniane).<br \/>\nAttraverso il libro, rifacendosi alle parole di papa Francesco, i due studiosi, pongono una domanda: \u201csiamo sicuri di sapere di cosa parliamo quando diciamo \u00abcultura\u00bb? Su questa scena, teologia e Chiesa non vagano come personaggi in cerca d\u2019autore: Gaudium et spes offre loro indicazioni di ampio respiro e direttive precise per entrare adeguatamente nella parte di chi, di fronte alle sirene del mondo, vuole imitare Orfeo, il quale non si tur\u00f2 le orecchie, ma, come ha scritto papa Francesco, \u00abfece qualcos&#8217;altro: inton\u00f2 una melodia pi\u00f9 bella, che incant\u00f2 le sirene\u00bb.<\/p>\n<p>PUNTATA INTEGRALE<\/p>\n<div class=\"fluid-embed-container\"><iframe title=\"Il diario di Papa Francesco, 29 aprile 2019\" width=\"640\" height=\"360\" src=\"https:\/\/www.youtube.com\/embed\/WsD_j6MTfjg?feature=oembed\" frameborder=\"0\" allow=\"accelerometer; autoplay; clipboard-write; encrypted-media; gyroscope; picture-in-picture; web-share\" referrerpolicy=\"strict-origin-when-cross-origin\" allowfullscreen><\/iframe><\/div>\n<p><a href=\"http:\/\/w2.vatican.va\/content\/francesco\/it\/speeches\/2017\/october\/documents\/papa-francesco_20171001_visitapastorale-bologna-mondoaccademico.html\" target=\"_blank\" rel=\"noopener\">INCANTARE LE SIRENE<\/a><br \/>\n\u00c8 da reclamare il diritto a non far prevalere le tante sirene che oggi distolgono da questa ricerca. Ulisse, per non cedere al canto delle sirene, che ammaliavano i marinai e li facevano sfracellare contro gli scogli, si leg\u00f2 all\u2019albero della nave e tur\u00f2 gli orecchi dei compagni di viaggio. Invece Orfeo, per contrastare il canto delle sirene, fece qualcos\u2019altro: inton\u00f2 una melodia pi\u00f9 bella, che incant\u00f2 le sirene. Ecco il vostro grande compito: rispondere ai ritornelli paralizzanti del consumismo culturale con scelte dinamiche e forti, con la ricerca, la conoscenza e la condivisione.<br \/>\nArmonizzando nella vita questa bellezza custodirete la cultura, quella vera. Perch\u00e9 il sapere che si mette al servizio del miglior offerente, che giunge ad alimentare divisioni e a giustificare sopraffazioni, non \u00e8 cultura. Cultura \u2013 lo dice la parola \u2013 \u00e8 ci\u00f2 che coltiva, che fa crescere l\u2019umano. E davanti a tanto lamento e clamore che ci circonda, oggi non abbiamo bisogno di chi si sfoga strillando, ma di chi promuove buona cultura. Ci servono parole che raggiungano le menti e dispongano i cuori, non urla dirette allo stomaco.<\/p>\n<div class=\"fluid-embed-container\"><iframe title=\"Papa Francesco al mondo accademico di Bologna: &quot;Incantare le sirene&quot;\" width=\"640\" height=\"360\" src=\"https:\/\/www.youtube.com\/embed\/HPA-CLbi1LY?feature=oembed\" frameborder=\"0\" allow=\"accelerometer; autoplay; clipboard-write; encrypted-media; gyroscope; picture-in-picture; web-share\" referrerpolicy=\"strict-origin-when-cross-origin\" allowfullscreen><\/iframe><\/div>\n<p>IN EVIDENZA<\/p>\n<p>Stella Morra: \u201cLe sirene del si \u00e8 sempre fatto cos\u00ec\u201d<\/p>\n<div class=\"fluid-embed-container\"><iframe title=\"Stella Morra: \u201cLe sirene del si \u00e8 sempre fatto cos\u00ec\u201d\" width=\"640\" height=\"360\" src=\"https:\/\/www.youtube.com\/embed\/_evWO2dzF78?feature=oembed\" frameborder=\"0\" allow=\"accelerometer; autoplay; clipboard-write; encrypted-media; gyroscope; picture-in-picture; web-share\" referrerpolicy=\"strict-origin-when-cross-origin\" allowfullscreen><\/iframe><\/div>\n<p>Marco Ronconi: \u201cIl Papa ci richiama alla santit\u00e0\u201d<\/p>\n<div class=\"fluid-embed-container\"><iframe title=\"Marco Ronconi: \u201cIl Papa ci richiama alla santit\u00e0\u201d\" width=\"640\" height=\"360\" src=\"https:\/\/www.youtube.com\/embed\/AM1ERLAWZQM?feature=oembed\" frameborder=\"0\" allow=\"accelerometer; autoplay; clipboard-write; encrypted-media; gyroscope; picture-in-picture; web-share\" referrerpolicy=\"strict-origin-when-cross-origin\" allowfullscreen><\/iframe><\/div>\n<p><a href=\"http:\/\/www.dossiercatechista.it\/wp-content\/uploads\/2013\/09\/papa_francesco_ai_catechisti.pdf\" target=\"_blank\" rel=\"noopener\">SAPER CAMBIARE<\/a><\/p>\n<p>Dio non ha paura! Sapevate questo voi? Non ha paura! E\u2019 sempre oltre i nostri schemi! Dio non ha paura delle periferie. Ma se voi andate alle periferie, lo troverete l\u00ec. Dio \u00e8 sempre fedele, \u00e8 creativo. Ma, per favore, non si capisce un catechista che non sia creativo. E la creativit\u00e0 \u00e8 come la colonna dell\u2019essere catechista. Dio \u00e8 creativo, non \u00e8 chiuso, e per questo non \u00e8 mai rigido. Dio non \u00e8 rigido! Ci accoglie, ci viene incontro, ci comprende. Per essere fedeli, per essere creativi, bisogna saper cambiare. Saper cambiare. E perch\u00e9 devo cambiare? E\u2019 per adeguarmi alle circostanze nelle quali devo annunziare il Vangelo. Per rimanere con Dio bisogna saper uscire, non aver paura di uscire.<br \/>\nSe un catechista si lascia prendere dalla paura, \u00e8 un codardo; se un catechista se ne sta tranquillo, finisce per essere una statua da museo: e ne abbiamo tanti! Ne abbiamo tanti! Per favore, niente statue da museo! Se un catechista \u00e8 rigido diventa incartapecorito e sterile. Vi domando: qualcuno di voi vuole essere codardo, statua da museo o sterile? Qualcuno ha questa voglia? [catechisti: No!] No? Sicuro? Va bene!<\/p>\n<div class=\"fluid-embed-container\"><iframe title=\"Papa Francesco ai catechisti: &quot;Saper cambiare&quot;\" width=\"640\" height=\"360\" src=\"https:\/\/www.youtube.com\/embed\/Oo3ntNcZq8Q?feature=oembed\" frameborder=\"0\" allow=\"accelerometer; autoplay; clipboard-write; encrypted-media; gyroscope; picture-in-picture; web-share\" referrerpolicy=\"strict-origin-when-cross-origin\" allowfullscreen><\/iframe><\/div>\n<p><a href=\"http:\/\/w2.vatican.va\/content\/francesco\/it\/speeches\/2019\/april\/documents\/papa-francesco_20190429_parrucchieri.html\" target=\"_blank\" rel=\"noopener\">PROFESSIONISTI DEL BENE<\/a><\/p>\n<p>La figura umile e grande di San Martino de Porres, che il Papa San Paolo VI, nel 1966, proclam\u00f2 patrono della vostra categoria, vi aiuta a testimoniare costantemente i valori cristiani. Vi stimola, soprattutto, ad esercitare la vostra professione con stile cristiano, trattando i clienti con gentilezza e cortesia, e offrendo loro sempre una parola buona e di incoraggiamento, evitando di cedere alla tentazione del chiacchiericcio che facilmente si insinua anche nel vostro contesto lavorativo, tutti lo sappiamo. Ciascuno di voi, nello svolgimento del proprio tipico lavoro professionale, possa sempre agire con rettitudine, rendendo cos\u00ec un positivo contributo al bene comune della societ\u00e0.<\/p>\n<div class=\"fluid-embed-container\"><iframe title=\"Papa Francesco ai parrucchieri: &quot;Professionisti del bene&quot;\" width=\"640\" height=\"360\" src=\"https:\/\/www.youtube.com\/embed\/1mAtsok7LOE?feature=oembed\" frameborder=\"0\" allow=\"accelerometer; autoplay; clipboard-write; encrypted-media; gyroscope; picture-in-picture; web-share\" referrerpolicy=\"strict-origin-when-cross-origin\" allowfullscreen><\/iframe><\/div>\n<p>Photogallery<\/p>\n<div class=\"rgg-container\" data-rgg-id=\"1\">    <div class=\"rgg-imagegrid captions-title captions-effect-none \" data-rgg-id=\"1\">\n                    <a href=\"https:\/\/www.tv2000.it\/ildiariodipapafrancesco\/wp-content\/uploads\/sites\/20\/2019\/04\/WhatsApp-Image-2019-04-29-at-18.14.56-1-1024x768.jpeg\" data-rel=\"rgg\" rel=\"rgg\" title=\"\" class=\"rgg-simplelightbox size-thumbnail rgg-img\" data-src=\"https:\/\/www.tv2000.it\/ildiariodipapafrancesco\/wp-content\/uploads\/sites\/20\/2019\/04\/WhatsApp-Image-2019-04-29-at-18.14.56-1-150x150.jpeg\" data-ratio=\"1\" data-height=\"150\" data-width=\"150\" aria-label=\"Il diario di Papa Francesco\">\n                            <\/a>\n                    <a href=\"https:\/\/www.tv2000.it\/ildiariodipapafrancesco\/wp-content\/uploads\/sites\/20\/2019\/04\/WhatsApp-Image-2019-04-29-at-18.14.56-1024x768.jpeg\" data-rel=\"rgg\" rel=\"rgg\" title=\"\" class=\"rgg-simplelightbox size-thumbnail rgg-img\" data-src=\"https:\/\/www.tv2000.it\/ildiariodipapafrancesco\/wp-content\/uploads\/sites\/20\/2019\/04\/WhatsApp-Image-2019-04-29-at-18.14.56-150x150.jpeg\" data-ratio=\"1\" data-height=\"150\" data-width=\"150\" aria-label=\"Il diario di Papa Francesco\">\n                            <\/a>\n                    <a href=\"https:\/\/www.tv2000.it\/ildiariodipapafrancesco\/wp-content\/uploads\/sites\/20\/2019\/04\/WhatsApp-Image-2019-04-29-at-18.14.55-1024x768.jpeg\" data-rel=\"rgg\" rel=\"rgg\" title=\"\" class=\"rgg-simplelightbox size-thumbnail rgg-img\" data-src=\"https:\/\/www.tv2000.it\/ildiariodipapafrancesco\/wp-content\/uploads\/sites\/20\/2019\/04\/WhatsApp-Image-2019-04-29-at-18.14.55-150x150.jpeg\" data-ratio=\"1\" data-height=\"150\" data-width=\"150\" aria-label=\"Il diario di Papa Francesco\">\n                            <\/a>\n                    <a href=\"https:\/\/www.tv2000.it\/ildiariodipapafrancesco\/wp-content\/uploads\/sites\/20\/2019\/04\/WhatsApp-Image-2019-04-29-at-18.14.54-1024x768.jpeg\" data-rel=\"rgg\" rel=\"rgg\" title=\"\" class=\"rgg-simplelightbox size-thumbnail rgg-img\" data-src=\"https:\/\/www.tv2000.it\/ildiariodipapafrancesco\/wp-content\/uploads\/sites\/20\/2019\/04\/WhatsApp-Image-2019-04-29-at-18.14.54-150x150.jpeg\" data-ratio=\"1\" data-height=\"150\" data-width=\"150\" aria-label=\"Il diario di Papa Francesco\">\n                            <\/a>\n            <\/div>\n<\/div>\n","protected":false},"excerpt":{"rendered":"In studio con Nicola Ferrante, due teologi, Stella Morra e Marco Ronconi, autori di \u201cIncantare le sirene\u201d (edizioni Dehoniane). Attraverso il libro, rifacendosi alle parole di papa Francesco, i due studiosi, pongono una domanda: \u201csiamo sicuri di sapere di cosa parliamo quando diciamo \u00abcultura\u00bb? Su questa scena, teologia e Chiesa non vagano come personaggi in [&hellip;]","protected":false},"author":9,"featured_media":10230,"comment_status":"open","ping_status":"open","sticky":false,"template":"","format":"standard","meta":{"_acf_changed":false,"footnotes":""},"categories":[131],"tags":[41],"class_list":["post-10229","post","type-post","status-publish","format-standard","has-post-thumbnail","hentry","category-puntate-dal-2017-al-2020","tag-papafrancesco"],"acf":[],"aioseo_notices":[],"featured_image_url":"https:\/\/www.tv2000.it\/ildiariodipapafrancesco\/wp-content\/uploads\/sites\/20\/2019\/04\/diario2904-1024x576.jpg","_links":{"self":[{"href":"https:\/\/www.tv2000.it\/ildiariodipapafrancesco\/wp-json\/wp\/v2\/posts\/10229","targetHints":{"allow":["GET"]}}],"collection":[{"href":"https:\/\/www.tv2000.it\/ildiariodipapafrancesco\/wp-json\/wp\/v2\/posts"}],"about":[{"href":"https:\/\/www.tv2000.it\/ildiariodipapafrancesco\/wp-json\/wp\/v2\/types\/post"}],"author":[{"embeddable":true,"href":"https:\/\/www.tv2000.it\/ildiariodipapafrancesco\/wp-json\/wp\/v2\/users\/9"}],"replies":[{"embeddable":true,"href":"https:\/\/www.tv2000.it\/ildiariodipapafrancesco\/wp-json\/wp\/v2\/comments?post=10229"}],"version-history":[{"count":5,"href":"https:\/\/www.tv2000.it\/ildiariodipapafrancesco\/wp-json\/wp\/v2\/posts\/10229\/revisions"}],"predecessor-version":[{"id":10248,"href":"https:\/\/www.tv2000.it\/ildiariodipapafrancesco\/wp-json\/wp\/v2\/posts\/10229\/revisions\/10248"}],"wp:featuredmedia":[{"embeddable":true,"href":"https:\/\/www.tv2000.it\/ildiariodipapafrancesco\/wp-json\/wp\/v2\/media\/10230"}],"wp:attachment":[{"href":"https:\/\/www.tv2000.it\/ildiariodipapafrancesco\/wp-json\/wp\/v2\/media?parent=10229"}],"wp:term":[{"taxonomy":"category","embeddable":true,"href":"https:\/\/www.tv2000.it\/ildiariodipapafrancesco\/wp-json\/wp\/v2\/categories?post=10229"},{"taxonomy":"post_tag","embeddable":true,"href":"https:\/\/www.tv2000.it\/ildiariodipapafrancesco\/wp-json\/wp\/v2\/tags?post=10229"}],"curies":[{"name":"wp","href":"https:\/\/api.w.org\/{rel}","templated":true}]}}