{"id":10343,"date":"2019-05-09T19:19:04","date_gmt":"2019-05-09T17:19:04","guid":{"rendered":"http:\/\/www.tv2000.it\/ildiariodipapafrancesco\/?p=10343"},"modified":"2019-05-09T19:19:04","modified_gmt":"2019-05-09T17:19:04","slug":"papa-francesco-incontra-il-popolo-rom","status":"publish","type":"post","link":"https:\/\/www.tv2000.it\/ildiariodipapafrancesco\/2019\/05\/09\/papa-francesco-incontra-il-popolo-rom\/","title":{"rendered":"\u201cPapa Francesco incontra il Popolo Rom\u201d"},"content":{"rendered":"<p>Don Cristian Di Silvio della Diocesi Sora \u2013 Cassino-Aquino-Pontecorvo appartenente alla Comunit\u00e0 Rom d\u2019Abruzzo e Romano Debar, Sinti, raccontano il loro incontro con Papa Francesco, tenutosi questa mattina in un&#8217;udienza riservata alla Fondazione Migrantes e a circa 500 Rom e Sinti.<\/p>\n<p>PUNTATA INTEGRALE<\/p>\n<div class=\"fluid-embed-container\"><iframe title=\"Il diario di Papa Francesco, 9 maggio 2019\" width=\"640\" height=\"360\" src=\"https:\/\/www.youtube.com\/embed\/HHkBp82JvyE?feature=oembed\" frameborder=\"0\" allow=\"accelerometer; autoplay; clipboard-write; encrypted-media; gyroscope; picture-in-picture; web-share\" referrerpolicy=\"strict-origin-when-cross-origin\" allowfullscreen><\/iframe><\/div>\n<p><a href=\"http:\/\/w2.vatican.va\/content\/francesco\/it\/events\/event.dir.html\/content\/vaticanevents\/it\/2019\/5\/9\/rom-sinti.html\" target=\"_blank\" rel=\"noopener\">Insieme al popolo Rom<\/a><br \/>\nTi mettono da parte, ti dicono: \u201cS\u00ec, s\u00ec, tu passi, ma stai l\u00ec, non toccarmi\u201d. [Si rivolge al giovane prete che ha fatto la testimonianza] In seminario, ti domandavano se chiedevi l\u2019elemosina, se andavi a Termini&#8230; La societ\u00e0 vive delle favole, delle cose\u2026 \u201cNo, Padre, quella gente \u00e8 peccatrice!&#8230;\u201d. E tu, non sei peccatore? Tutti noi lo siamo, tutti. Tutti facciamo sbagli nella vita, ma io non posso lavarmene le mani, guardando i veri o finti peccati altrui. Io devo guardare i miei peccati, e se l\u2019altro \u00e8 in peccato, fa una strada sbagliata, avvicinarmi e dargli la mano per aiutarlo ad uscire.<\/p>\n<div class=\"fluid-embed-container\"><iframe title=\"Papa Francesco, Insieme al popolo Rom\" width=\"640\" height=\"360\" src=\"https:\/\/www.youtube.com\/embed\/rbZnVO_RcNA?feature=oembed\" frameborder=\"0\" allow=\"accelerometer; autoplay; clipboard-write; encrypted-media; gyroscope; picture-in-picture; web-share\" referrerpolicy=\"strict-origin-when-cross-origin\" allowfullscreen><\/iframe><\/div>\n<p>IN EVIDENZA<\/p>\n<p>Don Cristian Di Silvio: \u201cRom non significa ladro\u201d<\/p>\n<div class=\"fluid-embed-container\"><iframe title=\"Don Cristian Di Silvio: \u201cRom non significa ladro\u201d\" width=\"640\" height=\"360\" src=\"https:\/\/www.youtube.com\/embed\/-QzcJ8N-XA0?feature=oembed\" frameborder=\"0\" allow=\"accelerometer; autoplay; clipboard-write; encrypted-media; gyroscope; picture-in-picture; web-share\" referrerpolicy=\"strict-origin-when-cross-origin\" allowfullscreen><\/iframe><\/div>\n<p><a href=\"http:\/\/w2.vatican.va\/content\/francesco\/it\/events\/event.dir.html\/content\/vaticanevents\/it\/2019\/5\/9\/rom-sinti.html\" target=\"_blank\" rel=\"noopener\">Insieme al popolo Rom<\/a><br \/>\n\u00c8 vero, ci sono cittadini di seconda classe, \u00e8 vero. Ma i veri cittadini di seconda classe sono quelli che scartano la gente: questi sono di seconda classe, perch\u00e9 non sanno abbracciare. Sempre con l\u2019aggettivo buttano fuori, scartano, e vivono scartando, vivono con la scopa in mano buttando fuori gli altri, o con il chiacchiericcio o con altre cose. Invece la vera strada \u00e8 quella della fratellanza: \u201cVieni, poi parliamo, ma vieni, la porta \u00e8 aperta\u201d. E tutti dobbiamo collaborare.<\/p>\n<div class=\"fluid-embed-container\"><iframe title=\"Papa Francesco, Insieme al popolo Rom\" width=\"640\" height=\"360\" src=\"https:\/\/www.youtube.com\/embed\/201KnLQwX90?feature=oembed\" frameborder=\"0\" allow=\"accelerometer; autoplay; clipboard-write; encrypted-media; gyroscope; picture-in-picture; web-share\" referrerpolicy=\"strict-origin-when-cross-origin\" allowfullscreen><\/iframe><\/div>\n","protected":false},"excerpt":{"rendered":"Don Cristian Di Silvio della Diocesi Sora \u2013 Cassino-Aquino-Pontecorvo appartenente alla Comunit\u00e0 Rom d\u2019Abruzzo e Romano Debar, Sinti, raccontano il loro incontro con Papa Francesco, tenutosi questa mattina in un&#8217;udienza riservata alla Fondazione Migrantes e a circa 500 Rom e Sinti. PUNTATA INTEGRALE Insieme al popolo Rom Ti mettono da parte, ti dicono: \u201cS\u00ec, s\u00ec, [&hellip;]","protected":false},"author":9,"featured_media":10344,"comment_status":"open","ping_status":"open","sticky":false,"template":"","format":"standard","meta":{"_acf_changed":false,"footnotes":""},"categories":[131],"tags":[41],"class_list":["post-10343","post","type-post","status-publish","format-standard","has-post-thumbnail","hentry","category-puntate-dal-2017-al-2020","tag-papafrancesco"],"acf":[],"aioseo_notices":[],"featured_image_url":"https:\/\/www.tv2000.it\/ildiariodipapafrancesco\/wp-content\/uploads\/sites\/20\/2019\/05\/diario0905-1024x576.jpg","_links":{"self":[{"href":"https:\/\/www.tv2000.it\/ildiariodipapafrancesco\/wp-json\/wp\/v2\/posts\/10343","targetHints":{"allow":["GET"]}}],"collection":[{"href":"https:\/\/www.tv2000.it\/ildiariodipapafrancesco\/wp-json\/wp\/v2\/posts"}],"about":[{"href":"https:\/\/www.tv2000.it\/ildiariodipapafrancesco\/wp-json\/wp\/v2\/types\/post"}],"author":[{"embeddable":true,"href":"https:\/\/www.tv2000.it\/ildiariodipapafrancesco\/wp-json\/wp\/v2\/users\/9"}],"replies":[{"embeddable":true,"href":"https:\/\/www.tv2000.it\/ildiariodipapafrancesco\/wp-json\/wp\/v2\/comments?post=10343"}],"version-history":[{"count":4,"href":"https:\/\/www.tv2000.it\/ildiariodipapafrancesco\/wp-json\/wp\/v2\/posts\/10343\/revisions"}],"predecessor-version":[{"id":15306,"href":"https:\/\/www.tv2000.it\/ildiariodipapafrancesco\/wp-json\/wp\/v2\/posts\/10343\/revisions\/15306"}],"wp:featuredmedia":[{"embeddable":true,"href":"https:\/\/www.tv2000.it\/ildiariodipapafrancesco\/wp-json\/wp\/v2\/media\/10344"}],"wp:attachment":[{"href":"https:\/\/www.tv2000.it\/ildiariodipapafrancesco\/wp-json\/wp\/v2\/media?parent=10343"}],"wp:term":[{"taxonomy":"category","embeddable":true,"href":"https:\/\/www.tv2000.it\/ildiariodipapafrancesco\/wp-json\/wp\/v2\/categories?post=10343"},{"taxonomy":"post_tag","embeddable":true,"href":"https:\/\/www.tv2000.it\/ildiariodipapafrancesco\/wp-json\/wp\/v2\/tags?post=10343"}],"curies":[{"name":"wp","href":"https:\/\/api.w.org\/{rel}","templated":true}]}}