{"id":10667,"date":"2019-06-07T19:00:32","date_gmt":"2019-06-07T17:00:32","guid":{"rendered":"http:\/\/www.tv2000.it\/ildiariodipapafrancesco\/?p=10667"},"modified":"2019-06-10T18:53:21","modified_gmt":"2019-06-10T16:53:21","slug":"maria-una-ragazza-normale","status":"publish","type":"post","link":"https:\/\/www.tv2000.it\/ildiariodipapafrancesco\/2019\/06\/07\/maria-una-ragazza-normale\/","title":{"rendered":"\u201cMaria, una ragazza normale\u201d"},"content":{"rendered":"<p>In studio, con Gennaro Ferrara, Cettina Militello, teologa, che con il suo ultimo libro &#8220;Maria con occhi di donna\u201d (Edizioni San Paolo), prova a fare un bilancio sulla mariologia soprattutto dal Concilio in poi, fino ai problemi aperti e alle sfide di oggi.<\/p>\n<p>PUNTATA INTEGRALE<\/p>\n<div class=\"fluid-embed-container\"><iframe title=\"Il diario di Papa Francesco, 7 giugno 2019\" width=\"640\" height=\"360\" src=\"https:\/\/www.youtube.com\/embed\/MkB7eFdsjdw?feature=oembed\" frameborder=\"0\" allow=\"accelerometer; autoplay; clipboard-write; encrypted-media; gyroscope; picture-in-picture; web-share\" referrerpolicy=\"strict-origin-when-cross-origin\" allowfullscreen><\/iframe><\/div>\n<p><a href=\"https:\/\/www.vaticannews.va\/it\/papa\/news\/2018-10\/papa-francesco-trasmissione-ave-maria-dicastero-comunicazione-tv.html\" target=\"_blank\" rel=\"noopener\">UNA RAGAZZA NORMALE<\/a><\/p>\n<p>Papa Francesco: da quando \u00e8 nata fino all\u2019Annunciazione al momento dell\u2019incontro con l\u2019angelo, con Dio, \u00e8 una ragazza normale, \u00e8 una ragazza di oggi, una ragazza, non posso dire di citt\u00e0 perch\u00e9 lei non era nella citta, ma in un paesino, normale, normale, educata normalmente, aperta a sposarsi, a fare una famiglia. Poi c\u2019\u00e8 una cosa della Madonna che immagino, amava le scritture, conosceva le scritture, una ragazza che aveva fatto la catechesi ma dal cuore l\u2019aveva fatta, familiare alle letture, poi dopo questo momento nel quale \u00e8 annunciato la concezione di Ges\u00f9 una donna normale. Quella di Maria \u00e8 la normalit\u00e0, una donna che qualsiasi donna di questo mondo pu\u00f2 dire ma io posso imitare Maria, perch\u00e9 normale. Non aveva nella sua vita cose strane, normale, cos\u00ec me la immagino, normale, anche il suo matrimonio verginale, casto in quella cornice della verginit\u00e0 \u00e8 stato un matrimonio normale, lavoro, fare le spese, fare le cose della casa, educare il figlio aiutava il marito, normale!<\/p>\n<p><a href=\"https:\/\/press.vatican.va\/content\/salastampa\/it\/bollettino\/pubblico\/2019\/01\/01\/0001\/00001.html\" target=\"_blank\" rel=\"noopener\">ABBIAMO BISOGNO DELLA MADRE<\/a><\/p>\n<p>Nella vita frammentata di oggi, dove rischiamo di perdere il filo, \u00e8 essenziale l\u2019abbraccio della Madre. C\u2019\u00e8 tanta dispersione e solitudine in giro: il mondo \u00e8 tutto connesso, ma sembra sempre pi\u00f9 disunito. Abbiamo bisogno di affidarci alla Madre. Nella Scrittura ella abbraccia tante situazioni concrete ed \u00e8 presente dove c\u2019\u00e8 bisogno: si reca dalla cugina Elisabetta, viene in soccorso agli sposi di Cana, incoraggia i discepoli nel Cenacolo\u2026 Maria \u00e8 rimedio alla solitudine e alla disgregazione. \u00c8 la Madre della consolazione, che con-sola: sta con chi \u00e8 solo. Ella sa che per consolare non bastano le parole, occorre la presenza; e l\u00ec \u00e8 presente come madre. Permettiamole di abbracciare la nostra vita. Nella Salve Regina la chiamiamo \u201cvita nostra\u201d: sembra esagerato, perch\u00e9 \u00e8 Cristo la vita (cfr Gv 14,6), ma Maria \u00e8 cos\u00ec unita a Lui e cos\u00ec vicina a noi che non c\u2019\u00e8 niente di meglio che mettere la vita nelle sue mani e riconoscerla \u201cvita, dolcezza e speranza nostra\u201d.&nbsp;<\/p>\n<p><a href=\"https:\/\/www.avvenire.it\/papa\/pagine\/santa-marta-del-21-maggio-2018\" target=\"_blank\" rel=\"noopener\">LA CHIESA \u00c8 DONNA<\/a><\/p>\n<p>\u201cL\u2019importante \u00e8 che la Chiesa sia donna, che abbia questo atteggiamento di sposa e di madre. Quando dimentichiamo questo, \u00e8 una Chiesa maschile, senza questa dimensione, e tristemente diventa una Chiesa di zitelli, che vivono in questo isolamento, incapaci di amore, incapaci di fecondit\u00e0. Senza la donna, la Chiesa non va avanti, perch\u00e9 lei \u00e8 donna. E questo atteggiamento di donna le viene da Maria, perch\u00e9 Ges\u00f9 ha voluto cos\u00ec\u201d.<\/p>\n<div class=\"rgg-container\" data-rgg-id=\"1\">    <div class=\"rgg-imagegrid captions-title captions-effect-none \" data-rgg-id=\"1\">\n                    <a href=\"https:\/\/www.tv2000.it\/ildiariodipapafrancesco\/wp-content\/uploads\/sites\/20\/2019\/06\/WhatsApp-Image-2019-06-07-at-18.18.14-1024x576.jpeg\" data-rel=\"rgg\" rel=\"rgg\" title=\"\" class=\"rgg-simplelightbox size-thumbnail rgg-img\" data-src=\"https:\/\/www.tv2000.it\/ildiariodipapafrancesco\/wp-content\/uploads\/sites\/20\/2019\/06\/WhatsApp-Image-2019-06-07-at-18.18.14-150x150.jpeg\" data-ratio=\"1\" data-height=\"150\" data-width=\"150\" aria-label=\"Il diario di Papa Francesco\">\n                            <\/a>\n                    <a href=\"https:\/\/www.tv2000.it\/ildiariodipapafrancesco\/wp-content\/uploads\/sites\/20\/2019\/06\/WhatsApp-Image-2019-06-07-at-18.18.12-1024x576.jpeg\" data-rel=\"rgg\" rel=\"rgg\" title=\"\" class=\"rgg-simplelightbox size-thumbnail rgg-img\" data-src=\"https:\/\/www.tv2000.it\/ildiariodipapafrancesco\/wp-content\/uploads\/sites\/20\/2019\/06\/WhatsApp-Image-2019-06-07-at-18.18.12-150x150.jpeg\" data-ratio=\"1\" data-height=\"150\" data-width=\"150\" aria-label=\"Il diario di Papa Francesco\">\n                            <\/a>\n                    <a href=\"https:\/\/www.tv2000.it\/ildiariodipapafrancesco\/wp-content\/uploads\/sites\/20\/2019\/06\/WhatsApp-Image-2019-06-07-at-18.18.11-1024x576.jpeg\" data-rel=\"rgg\" rel=\"rgg\" title=\"\" class=\"rgg-simplelightbox size-thumbnail rgg-img\" data-src=\"https:\/\/www.tv2000.it\/ildiariodipapafrancesco\/wp-content\/uploads\/sites\/20\/2019\/06\/WhatsApp-Image-2019-06-07-at-18.18.11-150x150.jpeg\" data-ratio=\"1\" data-height=\"150\" data-width=\"150\" aria-label=\"Il diario di Papa Francesco\">\n                            <\/a>\n                    <a href=\"https:\/\/www.tv2000.it\/ildiariodipapafrancesco\/wp-content\/uploads\/sites\/20\/2019\/06\/WhatsApp-Image-2019-06-07-at-18.18.10-1024x576.jpeg\" data-rel=\"rgg\" rel=\"rgg\" title=\"\" class=\"rgg-simplelightbox size-thumbnail rgg-img\" data-src=\"https:\/\/www.tv2000.it\/ildiariodipapafrancesco\/wp-content\/uploads\/sites\/20\/2019\/06\/WhatsApp-Image-2019-06-07-at-18.18.10-150x150.jpeg\" data-ratio=\"1\" data-height=\"150\" data-width=\"150\" aria-label=\"Il diario di Papa Francesco\">\n                            <\/a>\n            <\/div>\n<\/div>\n","protected":false},"excerpt":{"rendered":"In studio, con Gennaro Ferrara, Cettina Militello, teologa, che con il suo ultimo libro &#8220;Maria con occhi di donna\u201d (Edizioni San Paolo), prova a fare un bilancio sulla mariologia soprattutto dal Concilio in poi, fino ai problemi aperti e alle sfide di oggi. PUNTATA INTEGRALE UNA RAGAZZA NORMALE Papa Francesco: da quando \u00e8 nata fino [&hellip;]","protected":false},"author":9,"featured_media":10668,"comment_status":"open","ping_status":"open","sticky":false,"template":"","format":"standard","meta":{"_acf_changed":false,"footnotes":""},"categories":[131],"tags":[41],"class_list":["post-10667","post","type-post","status-publish","format-standard","has-post-thumbnail","hentry","category-puntate-dal-2017-al-2020","tag-papafrancesco"],"acf":[],"aioseo_notices":[],"featured_image_url":"https:\/\/www.tv2000.it\/ildiariodipapafrancesco\/wp-content\/uploads\/sites\/20\/2019\/06\/diario0706-1024x576.jpg","_links":{"self":[{"href":"https:\/\/www.tv2000.it\/ildiariodipapafrancesco\/wp-json\/wp\/v2\/posts\/10667","targetHints":{"allow":["GET"]}}],"collection":[{"href":"https:\/\/www.tv2000.it\/ildiariodipapafrancesco\/wp-json\/wp\/v2\/posts"}],"about":[{"href":"https:\/\/www.tv2000.it\/ildiariodipapafrancesco\/wp-json\/wp\/v2\/types\/post"}],"author":[{"embeddable":true,"href":"https:\/\/www.tv2000.it\/ildiariodipapafrancesco\/wp-json\/wp\/v2\/users\/9"}],"replies":[{"embeddable":true,"href":"https:\/\/www.tv2000.it\/ildiariodipapafrancesco\/wp-json\/wp\/v2\/comments?post=10667"}],"version-history":[{"count":3,"href":"https:\/\/www.tv2000.it\/ildiariodipapafrancesco\/wp-json\/wp\/v2\/posts\/10667\/revisions"}],"predecessor-version":[{"id":10689,"href":"https:\/\/www.tv2000.it\/ildiariodipapafrancesco\/wp-json\/wp\/v2\/posts\/10667\/revisions\/10689"}],"wp:featuredmedia":[{"embeddable":true,"href":"https:\/\/www.tv2000.it\/ildiariodipapafrancesco\/wp-json\/wp\/v2\/media\/10668"}],"wp:attachment":[{"href":"https:\/\/www.tv2000.it\/ildiariodipapafrancesco\/wp-json\/wp\/v2\/media?parent=10667"}],"wp:term":[{"taxonomy":"category","embeddable":true,"href":"https:\/\/www.tv2000.it\/ildiariodipapafrancesco\/wp-json\/wp\/v2\/categories?post=10667"},{"taxonomy":"post_tag","embeddable":true,"href":"https:\/\/www.tv2000.it\/ildiariodipapafrancesco\/wp-json\/wp\/v2\/tags?post=10667"}],"curies":[{"name":"wp","href":"https:\/\/api.w.org\/{rel}","templated":true}]}}