{"id":10722,"date":"2019-06-13T19:03:58","date_gmt":"2019-06-13T17:03:58","guid":{"rendered":"http:\/\/www.tv2000.it\/ildiariodipapafrancesco\/?p=10722"},"modified":"2019-06-14T13:15:03","modified_gmt":"2019-06-14T11:15:03","slug":"la-preghiera-e-trasformazione","status":"publish","type":"post","link":"https:\/\/www.tv2000.it\/ildiariodipapafrancesco\/2019\/06\/13\/la-preghiera-e-trasformazione\/","title":{"rendered":"\u201cLa preghiera \u00e8 trasformazione\u201d"},"content":{"rendered":"<p>Servo di Maria, filosofo scrittore, editorialista, predicatore degli Esercizi Spirituali, nel 2016, per Papa Francesco, padre Ermes Maria Ronchi \u00e8 ospite di Gennaro Ferrara.<br \/>\nDagli esercizi con il papa \u00e8 nato il libro \u201cIl canto del pane\u201d, oggi in edizione aggiornata secondo la nuova traduzione del Padre Nostro (edizioni San Paolo)<\/p>\n<p>PUNTATA INTEGRALE<\/p>\n<div class=\"fluid-embed-container\"><iframe title=\"Il diario di Papa Francesco, 13 giugno 2019\" width=\"640\" height=\"360\" src=\"https:\/\/www.youtube.com\/embed\/3N22857cJc0?feature=oembed\" frameborder=\"0\" allow=\"accelerometer; autoplay; clipboard-write; encrypted-media; gyroscope; picture-in-picture; web-share\" referrerpolicy=\"strict-origin-when-cross-origin\" allowfullscreen><\/iframe><\/div>\n<p><a href=\"https:\/\/www.vaticannews.va\/it\/podcast\/udienza-generale-di-papa-francesco\/papa-francesco-udienza-generale-preghiera-padre-nostro.html\" target=\"_blank\" rel=\"noopener\">Papa Francesco, &#8220;La preghiera comincia con la vita&#8221;<\/a><br \/>\nLa preghiera del \u201cPadre nostro\u201d affonda le sue radici nella realt\u00e0 concreta dell\u2019uomo. Ad esempio, ci fa chiedere il pane, il pane quotidiano: richiesta semplice ma essenziale, che dice che la fede non \u00e8 una questione \u201cdecorativa\u201d, staccata dalla vita, che interviene quando sono stati soddisfatti tutti gli altri bisogni. Semmai la preghiera comincia con la vita stessa. La preghiera \u2013 ci insegna Ges\u00f9 \u2013 non inizia nell\u2019esistenza umana dopo che lo stomaco \u00e8 pieno: piuttosto si annida dovunque c\u2019\u00e8 un uomo, un qualsiasi uomo che ha fame, che piange, che lotta, che soffre e si domanda \u201cperch\u00e9\u201d.<br \/>\nGes\u00f9, nella preghiera, non vuole spegnere l\u2019umano, non lo vuole anestetizzare. Non vuole che smorziamo le domande e le richieste imparando a sopportare tutto. Vuole invece che ogni sofferenza, ogni inquietudine, si slanci verso il cielo e diventi dialogo.<\/p>\n<div class=\"fluid-embed-container\"><iframe title=\"Papa Francesco, &quot;La preghiera comincia con la vita&quot;\" width=\"640\" height=\"360\" src=\"https:\/\/www.youtube.com\/embed\/zaumpYWpT6U?feature=oembed\" frameborder=\"0\" allow=\"accelerometer; autoplay; clipboard-write; encrypted-media; gyroscope; picture-in-picture; web-share\" referrerpolicy=\"strict-origin-when-cross-origin\" allowfullscreen><\/iframe><\/div>\n<p>&nbsp;<\/p>\n<p><a href=\"http:\/\/w2.vatican.va\/content\/francesco\/it\/audiences\/2019\/documents\/papa-francesco_20190116_udienza-generale.html\" target=\"_blank\" rel=\"noopener\">Papa Francesco, &#8220;Un Padre che conosce solo amore&#8221;<\/a><br \/>\nIl \u201cPadre nostro\u201d prende senso e colore se impariamo a pregarlo dopo aver letto, per esempio, la parabola del padre misericordioso, nel capitolo 15\u00b0 di Luca (cfr Lc 15,11-32). Immaginiamo questa preghiera pronunciata dal figlio prodigo, dopo aver sperimentato l\u2019abbraccio di suo padre che lo aveva atteso a lungo, un padre che non ricorda le parole offensive che lui gli aveva detto, un padre che adesso gli fa capire semplicemente quanto gli sia mancato. Allora scopriamo come quelle parole prendono vita, prendono forza. E ci chiediamo: \u00e8 mai possibile che Tu, o Dio, conosca solo amore? Tu non conosci l\u2019odio? No \u2013 risponderebbe Dio \u2013 io conosco solo amore. Dov\u2019\u00e8 in Te la vendetta, la pretesa di giustizia, la rabbia per il tuo onore ferito? E Dio risponderebbe: Io conosco solo amore.<\/p>\n<div class=\"fluid-embed-container\"><iframe title=\"Papa Francesco, &quot;Un Padre che conosce solo amore&quot;\" width=\"640\" height=\"360\" src=\"https:\/\/www.youtube.com\/embed\/OuAaRvNRYy8?feature=oembed\" frameborder=\"0\" allow=\"accelerometer; autoplay; clipboard-write; encrypted-media; gyroscope; picture-in-picture; web-share\" referrerpolicy=\"strict-origin-when-cross-origin\" allowfullscreen><\/iframe><\/div>\n<p>&nbsp;<\/p>\n<p><a href=\"http:\/\/w2.vatican.va\/content\/francesco\/it\/audiences\/2019\/documents\/papa-francesco_20190501_udienza-generale.html\" target=\"_blank\" rel=\"noopener\">Papa Francesco: &#8220;Nei momenti pi\u00f9 brutti della nostra vita&#8221;<\/a><br \/>\nNei momenti pi\u00f9 brutti della nostra vita, nei momenti pi\u00f9 sofferenti, nei momenti pi\u00f9 angoscianti, Dio veglia con noi, Dio lotta con noi, \u00e8 sempre vicino a noi. Perch\u00e9? Perch\u00e9 \u00e8 Padre. Cos\u00ec abbiamo incominciato la preghiera: \u201cPadre nostro\u201d. E un padre non abbandona i suoi figli. Quella notte di dolore di Ges\u00f9, di lotta sono l\u2019ultimo sigillo dell\u2019Incarnazione: Dio scende a trovarci nei nostri abissi e nei travagli che costellano la storia.<br \/>\n\u00c8 il nostro conforto nell\u2019ora della prova: sapere che quella valle, da quando Ges\u00f9 l\u2019ha attraversata, non \u00e8 pi\u00f9 desolata, ma \u00e8 benedetta dalla presenza del Figlio di Dio. Lui non ci abbandoner\u00e0 mai!<\/p>\n<div class=\"fluid-embed-container\"><iframe title=\"Papa Francesco: &quot;Nei momenti pi\u00f9 brutti della nostra vita&quot;\" width=\"640\" height=\"360\" src=\"https:\/\/www.youtube.com\/embed\/sCqaRuDHNL4?feature=oembed\" frameborder=\"0\" allow=\"accelerometer; autoplay; clipboard-write; encrypted-media; gyroscope; picture-in-picture; web-share\" referrerpolicy=\"strict-origin-when-cross-origin\" allowfullscreen><\/iframe><\/div>\n<p>IN EVIDENZA:<\/p>\n<p>Padre Ermes Maria Ronchi: &#8220;La preghiera \u00e8 trasformazione&#8221;<\/p>\n<div class=\"fluid-embed-container\"><iframe title=\"Padre Ermes Maria Ronchi: &quot;La preghiera \u00e8 trasformazione&quot;\" width=\"640\" height=\"360\" src=\"https:\/\/www.youtube.com\/embed\/9vlEMkUzSYM?feature=oembed\" frameborder=\"0\" allow=\"accelerometer; autoplay; clipboard-write; encrypted-media; gyroscope; picture-in-picture; web-share\" referrerpolicy=\"strict-origin-when-cross-origin\" allowfullscreen><\/iframe><\/div>\n<p>Padre Ermes Maria Ronchi: \u201cLa preghiera non ci rende angeli, ma uomini realizzati\u201d<\/p>\n<div class=\"fluid-embed-container\"><iframe title=\"Padre Ermes Maria Ronchi: \u201cLa preghiera non ci rende angeli, ma uomini realizzati\u201d\" width=\"640\" height=\"360\" src=\"https:\/\/www.youtube.com\/embed\/tcl5Tis8Y9Q?feature=oembed\" frameborder=\"0\" allow=\"accelerometer; autoplay; clipboard-write; encrypted-media; gyroscope; picture-in-picture; web-share\" referrerpolicy=\"strict-origin-when-cross-origin\" allowfullscreen><\/iframe><\/div>\n<div class=\"rgg-container\" data-rgg-id=\"1\">    <div class=\"rgg-imagegrid captions-title captions-effect-none \" data-rgg-id=\"1\">\n                    <a href=\"https:\/\/www.tv2000.it\/ildiariodipapafrancesco\/wp-content\/uploads\/sites\/20\/2019\/06\/WhatsApp-Image-2019-06-14-at-12.08.25-1024x768.jpeg\" data-rel=\"rgg\" rel=\"rgg\" title=\"\" class=\"rgg-simplelightbox size-thumbnail rgg-img\" data-src=\"https:\/\/www.tv2000.it\/ildiariodipapafrancesco\/wp-content\/uploads\/sites\/20\/2019\/06\/WhatsApp-Image-2019-06-14-at-12.08.25-150x150.jpeg\" data-ratio=\"1\" data-height=\"150\" data-width=\"150\" aria-label=\"Il diario di Papa Francesco\">\n                            <\/a>\n                    <a href=\"https:\/\/www.tv2000.it\/ildiariodipapafrancesco\/wp-content\/uploads\/sites\/20\/2019\/06\/WhatsApp-Image-2019-06-14-at-12.08.23-1024x768.jpeg\" data-rel=\"rgg\" rel=\"rgg\" title=\"\" class=\"rgg-simplelightbox size-thumbnail rgg-img\" data-src=\"https:\/\/www.tv2000.it\/ildiariodipapafrancesco\/wp-content\/uploads\/sites\/20\/2019\/06\/WhatsApp-Image-2019-06-14-at-12.08.23-150x150.jpeg\" data-ratio=\"1\" data-height=\"150\" data-width=\"150\" aria-label=\"Il diario di Papa Francesco\">\n                            <\/a>\n                    <a href=\"https:\/\/www.tv2000.it\/ildiariodipapafrancesco\/wp-content\/uploads\/sites\/20\/2019\/06\/WhatsApp-Image-2019-06-14-at-12.08.21-1-1024x768.jpeg\" data-rel=\"rgg\" rel=\"rgg\" title=\"\" class=\"rgg-simplelightbox size-thumbnail rgg-img\" data-src=\"https:\/\/www.tv2000.it\/ildiariodipapafrancesco\/wp-content\/uploads\/sites\/20\/2019\/06\/WhatsApp-Image-2019-06-14-at-12.08.21-1-150x150.jpeg\" data-ratio=\"1\" data-height=\"150\" data-width=\"150\" aria-label=\"Il diario di Papa Francesco\">\n                            <\/a>\n                    <a href=\"https:\/\/www.tv2000.it\/ildiariodipapafrancesco\/wp-content\/uploads\/sites\/20\/2019\/06\/WhatsApp-Image-2019-06-14-at-12.08.21-1024x768.jpeg\" data-rel=\"rgg\" rel=\"rgg\" title=\"\" class=\"rgg-simplelightbox size-thumbnail rgg-img\" data-src=\"https:\/\/www.tv2000.it\/ildiariodipapafrancesco\/wp-content\/uploads\/sites\/20\/2019\/06\/WhatsApp-Image-2019-06-14-at-12.08.21-150x150.jpeg\" data-ratio=\"1\" data-height=\"150\" data-width=\"150\" aria-label=\"Il diario di Papa Francesco\">\n                            <\/a>\n                    <a href=\"https:\/\/www.tv2000.it\/ildiariodipapafrancesco\/wp-content\/uploads\/sites\/20\/2019\/06\/WhatsApp-Image-2019-06-14-at-12.08.19-1024x768.jpeg\" data-rel=\"rgg\" rel=\"rgg\" title=\"\" class=\"rgg-simplelightbox size-thumbnail rgg-img\" data-src=\"https:\/\/www.tv2000.it\/ildiariodipapafrancesco\/wp-content\/uploads\/sites\/20\/2019\/06\/WhatsApp-Image-2019-06-14-at-12.08.19-150x150.jpeg\" data-ratio=\"1\" data-height=\"150\" data-width=\"150\" aria-label=\"Il diario di Papa Francesco\">\n                            <\/a>\n            <\/div>\n<\/div>\n","protected":false},"excerpt":{"rendered":"Servo di Maria, filosofo scrittore, editorialista, predicatore degli Esercizi Spirituali, nel 2016, per Papa Francesco, padre Ermes Maria Ronchi \u00e8 ospite di Gennaro Ferrara. Dagli esercizi con il papa \u00e8 nato il libro \u201cIl canto del pane\u201d, oggi in edizione aggiornata secondo la nuova traduzione del Padre Nostro (edizioni San Paolo) PUNTATA INTEGRALE Papa Francesco, [&hellip;]","protected":false},"author":9,"featured_media":10727,"comment_status":"open","ping_status":"open","sticky":false,"template":"","format":"standard","meta":{"_acf_changed":false,"footnotes":""},"categories":[131],"tags":[41],"class_list":["post-10722","post","type-post","status-publish","format-standard","has-post-thumbnail","hentry","category-puntate-dal-2017-al-2020","tag-papafrancesco"],"acf":[],"aioseo_notices":[],"featured_image_url":"https:\/\/www.tv2000.it\/ildiariodipapafrancesco\/wp-content\/uploads\/sites\/20\/2019\/06\/diario1306-1024x576.jpg","_links":{"self":[{"href":"https:\/\/www.tv2000.it\/ildiariodipapafrancesco\/wp-json\/wp\/v2\/posts\/10722","targetHints":{"allow":["GET"]}}],"collection":[{"href":"https:\/\/www.tv2000.it\/ildiariodipapafrancesco\/wp-json\/wp\/v2\/posts"}],"about":[{"href":"https:\/\/www.tv2000.it\/ildiariodipapafrancesco\/wp-json\/wp\/v2\/types\/post"}],"author":[{"embeddable":true,"href":"https:\/\/www.tv2000.it\/ildiariodipapafrancesco\/wp-json\/wp\/v2\/users\/9"}],"replies":[{"embeddable":true,"href":"https:\/\/www.tv2000.it\/ildiariodipapafrancesco\/wp-json\/wp\/v2\/comments?post=10722"}],"version-history":[{"count":4,"href":"https:\/\/www.tv2000.it\/ildiariodipapafrancesco\/wp-json\/wp\/v2\/posts\/10722\/revisions"}],"predecessor-version":[{"id":10741,"href":"https:\/\/www.tv2000.it\/ildiariodipapafrancesco\/wp-json\/wp\/v2\/posts\/10722\/revisions\/10741"}],"wp:featuredmedia":[{"embeddable":true,"href":"https:\/\/www.tv2000.it\/ildiariodipapafrancesco\/wp-json\/wp\/v2\/media\/10727"}],"wp:attachment":[{"href":"https:\/\/www.tv2000.it\/ildiariodipapafrancesco\/wp-json\/wp\/v2\/media?parent=10722"}],"wp:term":[{"taxonomy":"category","embeddable":true,"href":"https:\/\/www.tv2000.it\/ildiariodipapafrancesco\/wp-json\/wp\/v2\/categories?post=10722"},{"taxonomy":"post_tag","embeddable":true,"href":"https:\/\/www.tv2000.it\/ildiariodipapafrancesco\/wp-json\/wp\/v2\/tags?post=10722"}],"curies":[{"name":"wp","href":"https:\/\/api.w.org\/{rel}","templated":true}]}}