{"id":10966,"date":"2019-07-04T18:43:59","date_gmt":"2019-07-04T16:43:59","guid":{"rendered":"http:\/\/www.tv2000.it\/ildiariodipapafrancesco\/?p=10966"},"modified":"2019-07-04T18:44:31","modified_gmt":"2019-07-04T16:44:31","slug":"leuropa-dei-monasteri","status":"publish","type":"post","link":"https:\/\/www.tv2000.it\/ildiariodipapafrancesco\/2019\/07\/04\/leuropa-dei-monasteri\/","title":{"rendered":"\u201cL\u2019Europa dei monasteri\u201d"},"content":{"rendered":"<p>Giornalista e viaggiatore, in studio con Gennaro Ferrara, Paolo Rumiz, che con il suo ultimo libro \u201cIl filo dell\u2019infinito\u201d (La Feltrinelli) ripercorre le strade pi\u00f9 insolite e profonde dell\u2019Europa portando con s\u00e9, in ogni viaggio, un\u2019idea, uno spunto, un pensiero da confermare sul territorio.<br \/>\nEuropa: un concetto sul quale Rumiz, triestino doc, rimugina da tempo.<br \/>\nRumiz va alla ricerca di un filo che attraversa tutto il continente europeo e che, grazie ai suoi innumerevoli nodi, forma una rete solida e antica: la Regola di San Benedetto e i monasteri benedettini sparsi per tutta Europa.<\/p>\n<p>PUNTATA INTEGRALE<\/p>\n<div class=\"fluid-embed-container\"><iframe title=\"Il diario di Papa Francesco, 4 luglio 2019\" width=\"640\" height=\"360\" src=\"https:\/\/www.youtube.com\/embed\/mNt6C1bpuso?feature=oembed\" frameborder=\"0\" allow=\"accelerometer; autoplay; clipboard-write; encrypted-media; gyroscope; picture-in-picture; web-share\" referrerpolicy=\"strict-origin-when-cross-origin\" allowfullscreen><\/iframe><\/div>\n<p><strong>Francesco riceve il presidente russo<\/strong><\/p>\n<div class=\"fluid-embed-container\"><iframe title=\"Francesco riceve il presidente russo\" width=\"640\" height=\"360\" src=\"https:\/\/www.youtube.com\/embed\/CtLFPIHtmik?feature=oembed\" frameborder=\"0\" allow=\"accelerometer; autoplay; clipboard-write; encrypted-media; gyroscope; picture-in-picture; web-share\" referrerpolicy=\"strict-origin-when-cross-origin\" allowfullscreen><\/iframe><\/div>\n<p><a href=\"http:\/\/w2.vatican.va\/content\/francesco\/it\/speeches\/2018\/april\/documents\/papa-francesco_20180419_monaci-benedettini.html\" target=\"_blank\" rel=\"noopener\">Papa Francesco, &#8220;L\u2019Europa dei monasteri&#8221;<\/a><\/p>\n<p>In quest\u2019epoca, nella quale le persone sono cos\u00ec indaffarate da non avere tempo sufficiente per ascoltare la voce di Dio, i vostri monasteri e i vostri conventi diventano come delle oasi, dove uomini e donne di ogni et\u00e0, provenienza, cultura e religione possono scoprire la bellezza del silenzio e ritrovare s\u00e9 stessi, in armonia con il creato, consentendo a Dio di ristabilire un giusto ordine nella loro vita. Il carisma benedettino dell\u2019accoglienza \u00e8 assai prezioso per la nuova evangelizzazione, perch\u00e9 vi d\u00e0 modo di accogliere Cristo in ogni persona che arriva, aiutando coloro che cercano Dio a ricevere i doni spirituali che Egli ha in serbo per ognuno di noi.&#8221;<\/p>\n<div class=\"fluid-embed-container\"><iframe title=\"Papa Francesco, &quot;L\u2019Europa dei monasteri&quot;\" width=\"640\" height=\"360\" src=\"https:\/\/www.youtube.com\/embed\/KEkKfvFk2xM?feature=oembed\" frameborder=\"0\" allow=\"accelerometer; autoplay; clipboard-write; encrypted-media; gyroscope; picture-in-picture; web-share\" referrerpolicy=\"strict-origin-when-cross-origin\" allowfullscreen><\/iframe><\/div>\n<p><a href=\"http:\/\/press.vatican.va\/content\/salastampa\/it\/bollettino\/pubblico\/2017\/03\/24\/0182\/00420.html#it\" target=\"_blank\" rel=\"noopener\">Papa Francesco, &#8220;L\u2019Europa tra ideali e paure&#8221;<\/a><\/p>\n<p>Quale dunque il lascito dei Padri fondatori?<br \/>\nLe risposte le ritroviamo proprio nei pilastri sui quali essi hanno inteso edificare la Comunit\u00e0 economica europea e che ho gi\u00e0 ricordati: la centralit\u00e0 dell\u2019uomo, una solidariet\u00e0 fattiva, l\u2019apertura al mondo, il perseguimento della pace e dello sviluppo, l\u2019apertura al futuro.<br \/>\nQuale cultura propone l\u2019Europa oggi? La paura che spesso si avverte trova, infatti, nella perdita d\u2019ideali la sua causa pi\u00f9 radicale. Senza una vera prospettiva ideale si finisce per essere dominati dal timore che l\u2019altro ci strappi dalle abitudini consolidate, ci privi dei confort acquisiti, metta in qualche modo in discussione uno stile di vita fatto troppo spesso solo di benessere materiale. Al contrario, la ricchezza dell\u2019Europa \u00e8 sempre stata la sua apertura spirituale e la capacit\u00e0 di porsi domande fondamentali sul senso dell\u2019esistenza. All\u2019apertura verso il senso dell\u2019eterno \u00e8 corrisposta anche un\u2019apertura positiva, anche se non priva di tensioni e di errori, verso il mondo.<\/p>\n<div class=\"fluid-embed-container\"><iframe title=\"Papa Francesco, &quot;L\u2019Europa tra ideali e paure&quot;\" width=\"640\" height=\"360\" src=\"https:\/\/www.youtube.com\/embed\/KQMWKJaA4nA?feature=oembed\" frameborder=\"0\" allow=\"accelerometer; autoplay; clipboard-write; encrypted-media; gyroscope; picture-in-picture; web-share\" referrerpolicy=\"strict-origin-when-cross-origin\" allowfullscreen><\/iframe><\/div>\n<p>IN EVIDENZA:<\/p>\n<p><strong>Paolo Rumiz: \u201cNella mia laicit\u00e0, sono diventato apostolo\u201d<\/strong><\/p>\n<div class=\"fluid-embed-container\"><iframe title=\"Paolo Rumiz: \u201cNella mia laicit\u00e0, sono diventato apostolo\u201d\" width=\"640\" height=\"360\" src=\"https:\/\/www.youtube.com\/embed\/wzoX-heqDz0?feature=oembed\" frameborder=\"0\" allow=\"accelerometer; autoplay; clipboard-write; encrypted-media; gyroscope; picture-in-picture; web-share\" referrerpolicy=\"strict-origin-when-cross-origin\" allowfullscreen><\/iframe><\/div>\n<p><strong>Paolo Rumiz: \u201cUn incontro promettente\u201d<\/strong><\/p>\n<div class=\"fluid-embed-container\"><iframe title=\"Paolo Rumiz: \u201cUn incontro promettente\u201d\" width=\"640\" height=\"360\" src=\"https:\/\/www.youtube.com\/embed\/OY0Zu46n4RU?feature=oembed\" frameborder=\"0\" allow=\"accelerometer; autoplay; clipboard-write; encrypted-media; gyroscope; picture-in-picture; web-share\" referrerpolicy=\"strict-origin-when-cross-origin\" allowfullscreen><\/iframe><\/div>\n<div class=\"rgg-container\" data-rgg-id=\"1\">    <div class=\"rgg-imagegrid captions-title captions-effect-none \" data-rgg-id=\"1\">\n                    <a href=\"https:\/\/www.tv2000.it\/ildiariodipapafrancesco\/wp-content\/uploads\/sites\/20\/2019\/07\/WhatsApp-Image-2019-07-04-at-17.52.47-1024x768.jpeg\" data-rel=\"rgg\" rel=\"rgg\" title=\"\" class=\"rgg-simplelightbox size-thumbnail rgg-img\" data-src=\"https:\/\/www.tv2000.it\/ildiariodipapafrancesco\/wp-content\/uploads\/sites\/20\/2019\/07\/WhatsApp-Image-2019-07-04-at-17.52.47-150x150.jpeg\" data-ratio=\"1\" data-height=\"150\" data-width=\"150\" aria-label=\"Il diario di Papa Francesco\">\n                            <\/a>\n                    <a href=\"https:\/\/www.tv2000.it\/ildiariodipapafrancesco\/wp-content\/uploads\/sites\/20\/2019\/07\/WhatsApp-Image-2019-07-04-at-17.38.55-1-1024x768.jpeg\" data-rel=\"rgg\" rel=\"rgg\" title=\"\" class=\"rgg-simplelightbox size-thumbnail rgg-img\" data-src=\"https:\/\/www.tv2000.it\/ildiariodipapafrancesco\/wp-content\/uploads\/sites\/20\/2019\/07\/WhatsApp-Image-2019-07-04-at-17.38.55-1-150x150.jpeg\" data-ratio=\"1\" data-height=\"150\" data-width=\"150\" aria-label=\"Il diario di Papa Francesco\">\n                            <\/a>\n                    <a href=\"https:\/\/www.tv2000.it\/ildiariodipapafrancesco\/wp-content\/uploads\/sites\/20\/2019\/07\/WhatsApp-Image-2019-07-04-at-17.38.55-1024x768.jpeg\" data-rel=\"rgg\" rel=\"rgg\" title=\"\" class=\"rgg-simplelightbox size-thumbnail rgg-img\" data-src=\"https:\/\/www.tv2000.it\/ildiariodipapafrancesco\/wp-content\/uploads\/sites\/20\/2019\/07\/WhatsApp-Image-2019-07-04-at-17.38.55-150x150.jpeg\" data-ratio=\"1\" data-height=\"150\" data-width=\"150\" aria-label=\"Il diario di Papa Francesco\">\n                            <\/a>\n                    <a href=\"https:\/\/www.tv2000.it\/ildiariodipapafrancesco\/wp-content\/uploads\/sites\/20\/2019\/07\/WhatsApp-Image-2019-07-04-at-17.38.54-1024x768.jpeg\" data-rel=\"rgg\" rel=\"rgg\" title=\"\" class=\"rgg-simplelightbox size-thumbnail rgg-img\" data-src=\"https:\/\/www.tv2000.it\/ildiariodipapafrancesco\/wp-content\/uploads\/sites\/20\/2019\/07\/WhatsApp-Image-2019-07-04-at-17.38.54-150x150.jpeg\" data-ratio=\"1\" data-height=\"150\" data-width=\"150\" aria-label=\"Il diario di Papa Francesco\">\n                            <\/a>\n                    <a href=\"https:\/\/www.tv2000.it\/ildiariodipapafrancesco\/wp-content\/uploads\/sites\/20\/2019\/07\/WhatsApp-Image-2019-07-04-at-17.39.55-1024x768.jpeg\" data-rel=\"rgg\" rel=\"rgg\" title=\"\" class=\"rgg-simplelightbox size-thumbnail rgg-img\" data-src=\"https:\/\/www.tv2000.it\/ildiariodipapafrancesco\/wp-content\/uploads\/sites\/20\/2019\/07\/WhatsApp-Image-2019-07-04-at-17.39.55-150x150.jpeg\" data-ratio=\"1\" data-height=\"150\" data-width=\"150\" aria-label=\"Il diario di Papa Francesco\">\n                            <\/a>\n            <\/div>\n<\/div>\n","protected":false},"excerpt":{"rendered":"Giornalista e viaggiatore, in studio con Gennaro Ferrara, Paolo Rumiz, che con il suo ultimo libro \u201cIl filo dell\u2019infinito\u201d (La Feltrinelli) ripercorre le strade pi\u00f9 insolite e profonde dell\u2019Europa portando con s\u00e9, in ogni viaggio, un\u2019idea, uno spunto, un pensiero da confermare sul territorio. Europa: un concetto sul quale Rumiz, triestino doc, rimugina da tempo. [&hellip;]","protected":false},"author":9,"featured_media":10967,"comment_status":"open","ping_status":"open","sticky":false,"template":"","format":"standard","meta":{"_acf_changed":false,"footnotes":""},"categories":[131],"tags":[41],"class_list":["post-10966","post","type-post","status-publish","format-standard","has-post-thumbnail","hentry","category-puntate-dal-2017-al-2020","tag-papafrancesco"],"acf":[],"aioseo_notices":[],"featured_image_url":"https:\/\/www.tv2000.it\/ildiariodipapafrancesco\/wp-content\/uploads\/sites\/20\/2019\/07\/diario0407-1024x576.jpg","_links":{"self":[{"href":"https:\/\/www.tv2000.it\/ildiariodipapafrancesco\/wp-json\/wp\/v2\/posts\/10966","targetHints":{"allow":["GET"]}}],"collection":[{"href":"https:\/\/www.tv2000.it\/ildiariodipapafrancesco\/wp-json\/wp\/v2\/posts"}],"about":[{"href":"https:\/\/www.tv2000.it\/ildiariodipapafrancesco\/wp-json\/wp\/v2\/types\/post"}],"author":[{"embeddable":true,"href":"https:\/\/www.tv2000.it\/ildiariodipapafrancesco\/wp-json\/wp\/v2\/users\/9"}],"replies":[{"embeddable":true,"href":"https:\/\/www.tv2000.it\/ildiariodipapafrancesco\/wp-json\/wp\/v2\/comments?post=10966"}],"version-history":[{"count":2,"href":"https:\/\/www.tv2000.it\/ildiariodipapafrancesco\/wp-json\/wp\/v2\/posts\/10966\/revisions"}],"predecessor-version":[{"id":10979,"href":"https:\/\/www.tv2000.it\/ildiariodipapafrancesco\/wp-json\/wp\/v2\/posts\/10966\/revisions\/10979"}],"wp:featuredmedia":[{"embeddable":true,"href":"https:\/\/www.tv2000.it\/ildiariodipapafrancesco\/wp-json\/wp\/v2\/media\/10967"}],"wp:attachment":[{"href":"https:\/\/www.tv2000.it\/ildiariodipapafrancesco\/wp-json\/wp\/v2\/media?parent=10966"}],"wp:term":[{"taxonomy":"category","embeddable":true,"href":"https:\/\/www.tv2000.it\/ildiariodipapafrancesco\/wp-json\/wp\/v2\/categories?post=10966"},{"taxonomy":"post_tag","embeddable":true,"href":"https:\/\/www.tv2000.it\/ildiariodipapafrancesco\/wp-json\/wp\/v2\/tags?post=10966"}],"curies":[{"name":"wp","href":"https:\/\/api.w.org\/{rel}","templated":true}]}}