{"id":11022,"date":"2019-07-09T18:49:59","date_gmt":"2019-07-09T16:49:59","guid":{"rendered":"http:\/\/www.tv2000.it\/ildiariodipapafrancesco\/?p=11022"},"modified":"2019-07-09T18:50:59","modified_gmt":"2019-07-09T16:50:59","slug":"la-via-di-gesu","status":"publish","type":"post","link":"https:\/\/www.tv2000.it\/ildiariodipapafrancesco\/2019\/07\/09\/la-via-di-gesu\/","title":{"rendered":"&#8220;La via di Ges\u00f9&#8221;"},"content":{"rendered":"<p>Ospite di Gennaro Ferrara, Lorenzo Fazzini, giornalista e direttore di EMI Editrice Missionaria Italiana, curatore del volume &#8220;Jorge Mario Bergoglio \u2013 La via di Ges\u00f9 &#8211; Il Vangelo secondo Francesco&#8221;, libro edito da Solferino Libri, con la prefazione dell&#8217;Arcivescovo di Bologna, Matteo Zuppi.<\/p>\n<p>PUNTATA INTEGRALE<\/p>\n<div class=\"fluid-embed-container\"><iframe title=\"Il diario di Papa Francesco, 9 luglio 2019\" width=\"640\" height=\"360\" src=\"https:\/\/www.youtube.com\/embed\/aRaiHpjNYlU?feature=oembed\" frameborder=\"0\" allow=\"accelerometer; autoplay; clipboard-write; encrypted-media; gyroscope; picture-in-picture; web-share\" referrerpolicy=\"strict-origin-when-cross-origin\" allowfullscreen><\/iframe><\/div>\n<p>&nbsp;<br \/>\n<a href=\"http:\/\/press.vatican.va\/content\/salastampa\/it\/bollettino\/pubblico\/2016\/01\/24\/0050\/00102.html\" target=\"_blank\" rel=\"noopener\">Papa Francesco, \u201cEvangelizzare i poveri\u201d<\/a><br \/>\nEvangelizzare i poveri: questa \u00e8 la missione di Ges\u00f9, secondo quanto Lui dice; questa \u00e8 anche la missione della Chiesa, e di ogni battezzato nella Chiesa. Essere cristiano ed essere missionario \u00e8 la stessa cosa. Annunciare il Vangelo, con la parola e, prima ancora, con la vita, \u00e8 la finalit\u00e0 principale della comunit\u00e0 cristiana e di ogni suo membro.<br \/>\nPossiamo domandarci: oggi, nelle nostre comunit\u00e0 parrocchiali, nelle associazioni, nei movimenti, siamo fedeli al programma di Cristo? L&#8217;evangelizzazione dei poveri, portare loro il lieto annuncio, \u00e8 la priorit\u00e0?<\/p>\n<div class=\"fluid-embed-container\"><iframe title=\"Papa Francesco, \u201cEvangelizzare i poveri\u201d\" width=\"640\" height=\"360\" src=\"https:\/\/www.youtube.com\/embed\/1bn__NbuhAk?feature=oembed\" frameborder=\"0\" allow=\"accelerometer; autoplay; clipboard-write; encrypted-media; gyroscope; picture-in-picture; web-share\" referrerpolicy=\"strict-origin-when-cross-origin\" allowfullscreen><\/iframe><\/div>\n<p><a href=\"http:\/\/press.vatican.va\/content\/salastampa\/it\/bollettino\/pubblico\/2016\/03\/13\/0185\/00397.html\" target=\"_blank\" rel=\"noopener\">Papa Francesco, \u201cDio non ci inchioda al nostro peccato\u201d<\/a><br \/>\nCari fratelli e sorelle, quella donna rappresenta tutti noi, che siamo peccatori, cio\u00e8 adulteri davanti a Dio, traditori della sua fedelt\u00e0. E la sua esperienza rappresenta la volont\u00e0 di Dio per ognuno di noi: non la nostra condanna, ma la nostra salvezza attraverso Ges\u00f9. Lui \u00e8 la grazia, che salva dal peccato e dalla morte. Lui ha scritto nella terra, nella polvere di cui \u00e8 fatto ogni essere umano (cfr Gen 2,7), la sentenza di Dio: \u201cNon voglio che tu muoia, ma che tu viva\u201d. Dio non ci inchioda al nostro peccato, non ci identifica con il male che abbiamo commesso. Abbiamo un nome, e Dio non identifica questo nome con il peccato che abbiamo commesso. Ci vuole liberare, e vuole che anche noi lo vogliamo insieme con Lui. Vuole che la nostra libert\u00e0 si converta dal male al bene, e questo \u00e8 possibile \u2013 \u00e8 possibile! \u2013 con la sua grazia.<\/p>\n<div class=\"fluid-embed-container\"><iframe title=\"Papa Francesco, \u201cDio non ci inchioda al nostro peccato\u201d\" width=\"640\" height=\"360\" src=\"https:\/\/www.youtube.com\/embed\/JPFnnEuizS0?feature=oembed\" frameborder=\"0\" allow=\"accelerometer; autoplay; clipboard-write; encrypted-media; gyroscope; picture-in-picture; web-share\" referrerpolicy=\"strict-origin-when-cross-origin\" allowfullscreen><\/iframe><\/div>\n<p><a href=\"http:\/\/press.vatican.va\/content\/salastampa\/it\/bollettino\/pubblico\/2017\/10\/22\/0726\/01586.html\" target=\"_blank\" rel=\"noopener\">Papa Francesco, \u201cDio e Cesare\u201d<\/a><br \/>\nGes\u00f9 ricava, dalla domanda postagli dai farisei, un interrogativo pi\u00f9 radicale e vitale per ognuno di noi, un interrogativo che noi possiamo farci: a chi appartengo io? Alla famiglia, alla citt\u00e0, agli amici, alla scuola, al lavoro, alla politica, allo Stato? S\u00ec, certo. Ma prima di tutto \u2013 ci ricorda Ges\u00f9 \u2013 tu appartieni a Dio. Questa \u00e8 l\u2019appartenenza fondamentale. \u00c8 Lui che ti ha dato tutto quello che sei e che hai.<br \/>\nIl cristiano \u00e8 chiamato a impegnarsi concretamente nelle realt\u00e0 umane e sociali senza contrapporre \u201cDio\u201d e \u201cCesare\u201d; contrapporre Dio e Cesare sarebbe un atteggiamento fondamentalista. Il cristiano \u00e8 chiamato a impegnarsi concretamente nelle realt\u00e0 terrene, ma illuminandole con la luce che viene da Dio. L\u2019affidamento prioritario a Dio e la speranza in Lui non comportano una fuga dalla realt\u00e0, ma anzi un rendere operosamente a Dio quello che gli appartiene. \u00c8 per questo che il credente guarda alla realt\u00e0 futura, quella di Dio, per vivere la vita terrena in pienezza, e rispondere con coraggio alle sue sfide.<\/p>\n<p>IN EVIDENZA:<\/p>\n<p>Lorenzo Fazzini: \u201cLa Chiesa secondo Francesco\u201d<\/p>\n<div class=\"fluid-embed-container\"><iframe title=\"Lorenzo Fazzini: \u201cLa Chiesa secondo Francesco\u201d\" width=\"640\" height=\"360\" src=\"https:\/\/www.youtube.com\/embed\/YQ3CybV0ZU0?feature=oembed\" frameborder=\"0\" allow=\"accelerometer; autoplay; clipboard-write; encrypted-media; gyroscope; picture-in-picture; web-share\" referrerpolicy=\"strict-origin-when-cross-origin\" allowfullscreen><\/iframe><\/div>\n<div class=\"rgg-container\" data-rgg-id=\"1\">    <div class=\"rgg-imagegrid captions-title captions-effect-none \" data-rgg-id=\"1\">\n                    <a href=\"https:\/\/www.tv2000.it\/ildiariodipapafrancesco\/wp-content\/uploads\/sites\/20\/2019\/07\/WhatsApp-Image-2019-07-09-at-17.44.07-1-1024x768.jpeg\" data-rel=\"rgg\" rel=\"rgg\" title=\"\" class=\"rgg-simplelightbox size-thumbnail rgg-img\" data-src=\"https:\/\/www.tv2000.it\/ildiariodipapafrancesco\/wp-content\/uploads\/sites\/20\/2019\/07\/WhatsApp-Image-2019-07-09-at-17.44.07-1-150x150.jpeg\" data-ratio=\"1\" data-height=\"150\" data-width=\"150\" aria-label=\"Il diario di Papa Francesco\">\n                            <\/a>\n                    <a href=\"https:\/\/www.tv2000.it\/ildiariodipapafrancesco\/wp-content\/uploads\/sites\/20\/2019\/07\/WhatsApp-Image-2019-07-09-at-17.44.10-1024x768.jpeg\" data-rel=\"rgg\" rel=\"rgg\" title=\"\" class=\"rgg-simplelightbox size-thumbnail rgg-img\" data-src=\"https:\/\/www.tv2000.it\/ildiariodipapafrancesco\/wp-content\/uploads\/sites\/20\/2019\/07\/WhatsApp-Image-2019-07-09-at-17.44.10-150x150.jpeg\" data-ratio=\"1\" data-height=\"150\" data-width=\"150\" aria-label=\"Il diario di Papa Francesco\">\n                            <\/a>\n                    <a href=\"https:\/\/www.tv2000.it\/ildiariodipapafrancesco\/wp-content\/uploads\/sites\/20\/2019\/07\/WhatsApp-Image-2019-07-09-at-17.44.07-1024x768.jpeg\" data-rel=\"rgg\" rel=\"rgg\" title=\"\" class=\"rgg-simplelightbox size-thumbnail rgg-img\" data-src=\"https:\/\/www.tv2000.it\/ildiariodipapafrancesco\/wp-content\/uploads\/sites\/20\/2019\/07\/WhatsApp-Image-2019-07-09-at-17.44.07-150x150.jpeg\" data-ratio=\"1\" data-height=\"150\" data-width=\"150\" aria-label=\"Il diario di Papa Francesco\">\n                            <\/a>\n            <\/div>\n<\/div>\n","protected":false},"excerpt":{"rendered":"Ospite di Gennaro Ferrara, Lorenzo Fazzini, giornalista e direttore di EMI Editrice Missionaria Italiana, curatore del volume &#8220;Jorge Mario Bergoglio \u2013 La via di Ges\u00f9 &#8211; Il Vangelo secondo Francesco&#8221;, libro edito da Solferino Libri, con la prefazione dell&#8217;Arcivescovo di Bologna, Matteo Zuppi. PUNTATA INTEGRALE &nbsp; Papa Francesco, \u201cEvangelizzare i poveri\u201d Evangelizzare i poveri: questa [&hellip;]","protected":false},"author":9,"featured_media":11030,"comment_status":"open","ping_status":"open","sticky":false,"template":"","format":"standard","meta":{"_acf_changed":false,"footnotes":""},"categories":[131],"tags":[41],"class_list":["post-11022","post","type-post","status-publish","format-standard","has-post-thumbnail","hentry","category-puntate-dal-2017-al-2020","tag-papafrancesco"],"acf":[],"aioseo_notices":[],"featured_image_url":"https:\/\/www.tv2000.it\/ildiariodipapafrancesco\/wp-content\/uploads\/sites\/20\/2019\/07\/diario0907-1024x576.jpg","_links":{"self":[{"href":"https:\/\/www.tv2000.it\/ildiariodipapafrancesco\/wp-json\/wp\/v2\/posts\/11022","targetHints":{"allow":["GET"]}}],"collection":[{"href":"https:\/\/www.tv2000.it\/ildiariodipapafrancesco\/wp-json\/wp\/v2\/posts"}],"about":[{"href":"https:\/\/www.tv2000.it\/ildiariodipapafrancesco\/wp-json\/wp\/v2\/types\/post"}],"author":[{"embeddable":true,"href":"https:\/\/www.tv2000.it\/ildiariodipapafrancesco\/wp-json\/wp\/v2\/users\/9"}],"replies":[{"embeddable":true,"href":"https:\/\/www.tv2000.it\/ildiariodipapafrancesco\/wp-json\/wp\/v2\/comments?post=11022"}],"version-history":[{"count":3,"href":"https:\/\/www.tv2000.it\/ildiariodipapafrancesco\/wp-json\/wp\/v2\/posts\/11022\/revisions"}],"predecessor-version":[{"id":11034,"href":"https:\/\/www.tv2000.it\/ildiariodipapafrancesco\/wp-json\/wp\/v2\/posts\/11022\/revisions\/11034"}],"wp:featuredmedia":[{"embeddable":true,"href":"https:\/\/www.tv2000.it\/ildiariodipapafrancesco\/wp-json\/wp\/v2\/media\/11030"}],"wp:attachment":[{"href":"https:\/\/www.tv2000.it\/ildiariodipapafrancesco\/wp-json\/wp\/v2\/media?parent=11022"}],"wp:term":[{"taxonomy":"category","embeddable":true,"href":"https:\/\/www.tv2000.it\/ildiariodipapafrancesco\/wp-json\/wp\/v2\/categories?post=11022"},{"taxonomy":"post_tag","embeddable":true,"href":"https:\/\/www.tv2000.it\/ildiariodipapafrancesco\/wp-json\/wp\/v2\/tags?post=11022"}],"curies":[{"name":"wp","href":"https:\/\/api.w.org\/{rel}","templated":true}]}}