{"id":11572,"date":"2019-10-23T10:41:40","date_gmt":"2019-10-23T08:41:40","guid":{"rendered":"http:\/\/www.tv2000.it\/ildiariodipapafrancesco\/?p=11572"},"modified":"2019-10-23T10:41:56","modified_gmt":"2019-10-23T08:41:56","slug":"breviario-dellecologista-padre-zdzislaw-jozef-kijas","status":"publish","type":"post","link":"https:\/\/www.tv2000.it\/ildiariodipapafrancesco\/2019\/10\/23\/breviario-dellecologista-padre-zdzislaw-jozef-kijas\/","title":{"rendered":"\u201cBreviario dell\u2019ecologista\u201d, padre Zdzis\u0142aw J\u00f3zef Kijas"},"content":{"rendered":"<p>Per la libreria del Diario, padre Zdzis\u0142aw J\u00f3zef Kijas presenta il \u201cBreviario dell\u2019ecologista\u201d (Edizione Effat\u00e0). Una testimonianza della profonda e sempre viva sensibilit\u00e0 della Chiesa alla bellezza del Creato e al tema della nostra responsabilit\u00e0 nei suoi confronti. Raccoglie testi di religiosi e laici, papi e monaci, poeti e naturalisti, scrittori antichi e contemporanei. \u00c8 un\u2019opera ecumenica, che include le preghiere dei cristiani occidentali e orientali, dei Padri della Chiesa e di autori contemporanei.<\/p>\n<div class=\"fluid-embed-container\"><iframe title=\"\u201cBreviario dell\u2019ecologista\u201d, padre Zdzis\u0142aw J\u00f3zef Kijas\" width=\"640\" height=\"360\" src=\"https:\/\/www.youtube.com\/embed\/YQ2u_idx_B0?feature=oembed\" frameborder=\"0\" allow=\"accelerometer; autoplay; clipboard-write; encrypted-media; gyroscope; picture-in-picture; web-share\" referrerpolicy=\"strict-origin-when-cross-origin\" allowfullscreen><\/iframe><\/div>\n","protected":false},"excerpt":{"rendered":"Per la libreria del Diario, padre Zdzis\u0142aw J\u00f3zef Kijas presenta il \u201cBreviario dell\u2019ecologista\u201d (Edizione Effat\u00e0). Una testimonianza della profonda e sempre viva sensibilit\u00e0 della Chiesa alla bellezza del Creato e al tema della nostra responsabilit\u00e0 nei suoi confronti. Raccoglie testi di religiosi e laici, papi e monaci, poeti e naturalisti, scrittori antichi e contemporanei. \u00c8 [&hellip;]","protected":false},"author":9,"featured_media":11573,"comment_status":"open","ping_status":"open","sticky":false,"template":"","format":"standard","meta":{"_acf_changed":false,"footnotes":""},"categories":[146],"tags":[],"class_list":["post-11572","post","type-post","status-publish","format-standard","has-post-thumbnail","hentry","category-libreria-del-diario"],"acf":[],"aioseo_notices":[],"featured_image_url":"https:\/\/www.tv2000.it\/ildiariodipapafrancesco\/wp-content\/uploads\/sites\/20\/2019\/10\/copertina-libro-Padre-Kijas.jpg","_links":{"self":[{"href":"https:\/\/www.tv2000.it\/ildiariodipapafrancesco\/wp-json\/wp\/v2\/posts\/11572","targetHints":{"allow":["GET"]}}],"collection":[{"href":"https:\/\/www.tv2000.it\/ildiariodipapafrancesco\/wp-json\/wp\/v2\/posts"}],"about":[{"href":"https:\/\/www.tv2000.it\/ildiariodipapafrancesco\/wp-json\/wp\/v2\/types\/post"}],"author":[{"embeddable":true,"href":"https:\/\/www.tv2000.it\/ildiariodipapafrancesco\/wp-json\/wp\/v2\/users\/9"}],"replies":[{"embeddable":true,"href":"https:\/\/www.tv2000.it\/ildiariodipapafrancesco\/wp-json\/wp\/v2\/comments?post=11572"}],"version-history":[{"count":1,"href":"https:\/\/www.tv2000.it\/ildiariodipapafrancesco\/wp-json\/wp\/v2\/posts\/11572\/revisions"}],"predecessor-version":[{"id":11574,"href":"https:\/\/www.tv2000.it\/ildiariodipapafrancesco\/wp-json\/wp\/v2\/posts\/11572\/revisions\/11574"}],"wp:featuredmedia":[{"embeddable":true,"href":"https:\/\/www.tv2000.it\/ildiariodipapafrancesco\/wp-json\/wp\/v2\/media\/11573"}],"wp:attachment":[{"href":"https:\/\/www.tv2000.it\/ildiariodipapafrancesco\/wp-json\/wp\/v2\/media?parent=11572"}],"wp:term":[{"taxonomy":"category","embeddable":true,"href":"https:\/\/www.tv2000.it\/ildiariodipapafrancesco\/wp-json\/wp\/v2\/categories?post=11572"},{"taxonomy":"post_tag","embeddable":true,"href":"https:\/\/www.tv2000.it\/ildiariodipapafrancesco\/wp-json\/wp\/v2\/tags?post=11572"}],"curies":[{"name":"wp","href":"https:\/\/api.w.org\/{rel}","templated":true}]}}