{"id":11590,"date":"2019-10-23T18:37:14","date_gmt":"2019-10-23T16:37:14","guid":{"rendered":"http:\/\/www.tv2000.it\/ildiariodipapafrancesco\/?p=11590"},"modified":"2019-10-23T18:37:39","modified_gmt":"2019-10-23T16:37:39","slug":"se-non-e-in-uscita-non-e-chiesa","status":"publish","type":"post","link":"https:\/\/www.tv2000.it\/ildiariodipapafrancesco\/2019\/10\/23\/se-non-e-in-uscita-non-e-chiesa\/","title":{"rendered":"\u201cSe non \u00e8 in uscita non \u00e8 Chiesa\u201d"},"content":{"rendered":"<p>&#8220;Emerge dal Libro degli Atti la natura della Chiesa, che non \u00e8 una roccaforte, ma una tenda capace di allargare il suo spazio (cfr Is 54,2) e di dare accesso a tutti. La Chiesa \u00e8 &#8216;in uscita&#8217; o non \u00e8 Chiesa, o \u00e8 in cammino allargando sempre il suo spazio affinch\u00e9 tutti possano entrare, o non \u00e8 Chiesa. \u00abUna Chiesa con le porte aperte\u00bb (Esort. ap. Evangelii gaudium, 46), sempre con le porte aperte&#8221;. Cos\u00ec #PapaFrancesco in piazza San Pietro durante l&#8217;udienza generale di questa mattina. Continua la catechesi sugli Atti degli Apostoli, ospiti in studio di Nicola Ferrante, il professore Ambrogio Bongiovanni, Pontificia Universit\u00e0 Gregoriana, e Mons. Filippo Santoro, Arcivescovo di Taranto.<\/p>\n<p>PUNTATA INTEGRALE<\/p>\n<div class=\"fluid-embed-container\"><iframe title=\"Il diario di Papa Francesco, 23 ottobre 2019\" width=\"640\" height=\"360\" src=\"https:\/\/www.youtube.com\/embed\/5pqyFCv7rAQ?feature=oembed\" frameborder=\"0\" allow=\"accelerometer; autoplay; clipboard-write; encrypted-media; gyroscope; picture-in-picture; web-share\" referrerpolicy=\"strict-origin-when-cross-origin\" allowfullscreen><\/iframe><\/div>\n<p><a href=\"http:\/\/w2.vatican.va\/content\/francesco\/it\/events\/event.dir.html\/content\/vaticanevents\/it\/2019\/10\/23\/udienzagenerale.html\" target=\"_blank\" rel=\"noopener\">Udienza Generale<\/a><\/p>\n<div class=\"fluid-embed-container\"><iframe title=\"Catechesi di Papa Francesco nell\u2019Udienza Generale del 23 ottobre 2019\" width=\"640\" height=\"360\" src=\"https:\/\/www.youtube.com\/embed\/S6eGNRXEvq4?feature=oembed\" frameborder=\"0\" allow=\"accelerometer; autoplay; clipboard-write; encrypted-media; gyroscope; picture-in-picture; web-share\" referrerpolicy=\"strict-origin-when-cross-origin\" allowfullscreen><\/iframe><\/div>\n<p>&nbsp;<\/p>\n<p>Papa Francesco, Richiesta di soluzioni per il Cile<\/p>\n<div class=\"fluid-embed-container\"><iframe title=\"Papa Francesco, Richiesta di soluzioni per il Cile\" width=\"640\" height=\"360\" src=\"https:\/\/www.youtube.com\/embed\/7BvTMbwpMBs?feature=oembed\" frameborder=\"0\" allow=\"accelerometer; autoplay; clipboard-write; encrypted-media; gyroscope; picture-in-picture; web-share\" referrerpolicy=\"strict-origin-when-cross-origin\" allowfullscreen><\/iframe><\/div>\n<p>IN EVIDENZA:<\/p>\n<p>Mons. Filippo Santoro: &#8220;Mettersi in ascolto&#8221;<\/p>\n<div class=\"fluid-embed-container\"><iframe title=\"Mons. Filippo Santoro: &quot;Mettersi in ascolto&quot;\" width=\"640\" height=\"360\" src=\"https:\/\/www.youtube.com\/embed\/BWLGCe-O6y4?feature=oembed\" frameborder=\"0\" allow=\"accelerometer; autoplay; clipboard-write; encrypted-media; gyroscope; picture-in-picture; web-share\" referrerpolicy=\"strict-origin-when-cross-origin\" allowfullscreen><\/iframe><\/div>\n","protected":false},"excerpt":{"rendered":"&#8220;Emerge dal Libro degli Atti la natura della Chiesa, che non \u00e8 una roccaforte, ma una tenda capace di allargare il suo spazio (cfr Is 54,2) e di dare accesso a tutti. La Chiesa \u00e8 &#8216;in uscita&#8217; o non \u00e8 Chiesa, o \u00e8 in cammino allargando sempre il suo spazio affinch\u00e9 tutti possano entrare, o [&hellip;]","protected":false},"author":9,"featured_media":11591,"comment_status":"open","ping_status":"open","sticky":false,"template":"","format":"standard","meta":{"_acf_changed":false,"footnotes":""},"categories":[131],"tags":[41,150],"class_list":["post-11590","post","type-post","status-publish","format-standard","has-post-thumbnail","hentry","category-puntate-dal-2017-al-2020","tag-papafrancesco","tag-sinodoamazonico"],"acf":[],"aioseo_notices":[],"featured_image_url":"https:\/\/www.tv2000.it\/ildiariodipapafrancesco\/wp-content\/uploads\/sites\/20\/2019\/10\/diario2310-1024x576.jpg","_links":{"self":[{"href":"https:\/\/www.tv2000.it\/ildiariodipapafrancesco\/wp-json\/wp\/v2\/posts\/11590","targetHints":{"allow":["GET"]}}],"collection":[{"href":"https:\/\/www.tv2000.it\/ildiariodipapafrancesco\/wp-json\/wp\/v2\/posts"}],"about":[{"href":"https:\/\/www.tv2000.it\/ildiariodipapafrancesco\/wp-json\/wp\/v2\/types\/post"}],"author":[{"embeddable":true,"href":"https:\/\/www.tv2000.it\/ildiariodipapafrancesco\/wp-json\/wp\/v2\/users\/9"}],"replies":[{"embeddable":true,"href":"https:\/\/www.tv2000.it\/ildiariodipapafrancesco\/wp-json\/wp\/v2\/comments?post=11590"}],"version-history":[{"count":2,"href":"https:\/\/www.tv2000.it\/ildiariodipapafrancesco\/wp-json\/wp\/v2\/posts\/11590\/revisions"}],"predecessor-version":[{"id":11596,"href":"https:\/\/www.tv2000.it\/ildiariodipapafrancesco\/wp-json\/wp\/v2\/posts\/11590\/revisions\/11596"}],"wp:featuredmedia":[{"embeddable":true,"href":"https:\/\/www.tv2000.it\/ildiariodipapafrancesco\/wp-json\/wp\/v2\/media\/11591"}],"wp:attachment":[{"href":"https:\/\/www.tv2000.it\/ildiariodipapafrancesco\/wp-json\/wp\/v2\/media?parent=11590"}],"wp:term":[{"taxonomy":"category","embeddable":true,"href":"https:\/\/www.tv2000.it\/ildiariodipapafrancesco\/wp-json\/wp\/v2\/categories?post=11590"},{"taxonomy":"post_tag","embeddable":true,"href":"https:\/\/www.tv2000.it\/ildiariodipapafrancesco\/wp-json\/wp\/v2\/tags?post=11590"}],"curies":[{"name":"wp","href":"https:\/\/api.w.org\/{rel}","templated":true}]}}