{"id":11598,"date":"2019-10-24T18:37:55","date_gmt":"2019-10-24T16:37:55","guid":{"rendered":"http:\/\/www.tv2000.it\/ildiariodipapafrancesco\/?p=11598"},"modified":"2019-10-24T18:43:00","modified_gmt":"2019-10-24T16:43:00","slug":"la-chiesa-vive-di-dialogo","status":"publish","type":"post","link":"https:\/\/www.tv2000.it\/ildiariodipapafrancesco\/2019\/10\/24\/la-chiesa-vive-di-dialogo\/","title":{"rendered":"&#8220;La Chiesa vive di dialogo&#8221;"},"content":{"rendered":"<p>Ospiti di Gennaro Ferrara: Padre Sebastiano D\u2019Ambra, missionario del Centro Pime, vincitore \u201cPremio Don Andrea Santoro\u201d, fondatore di Silsilah, movimento per il dialogo islamo-cristiano, e fra Fra Emiliano Antenucci, cappuccino, nominato da Papa Francesco missionario della Misericordia a tempo indeterminato n occasione dell\u2019Anno Santo straordinario della Misericordia, inventore del corso \u00absilenzio, parla il Silenzio\u00bb E&#8217; autore di numerosi volumi, tra cui la trilogia: &#8220;Non sparlare degli altri&#8221;, &#8220;Chi calunnia uccide&#8221; e &#8220;L&#8217;invidia veleno mortale&#8221; (Effat\u00e0 Editrice)<\/p>\n<p>PUNTATA INTEGRALE<\/p>\n<div class=\"fluid-embed-container\"><iframe title=\"Il diario di Papa Francesco, 24 ottobre 2019\" width=\"640\" height=\"360\" src=\"https:\/\/www.youtube.com\/embed\/8SsX3MkAMqw?feature=oembed\" frameborder=\"0\" allow=\"accelerometer; autoplay; clipboard-write; encrypted-media; gyroscope; picture-in-picture; web-share\" referrerpolicy=\"strict-origin-when-cross-origin\" allowfullscreen><\/iframe><\/div>\n<p><a href=\"http:\/\/w2.vatican.va\/content\/francesco\/it\/audiences\/2016\/documents\/papa-francesco_20161022_udienza-giubilare.html\" target=\"_blank\" rel=\"noopener\">Papa Francesco, Udienza Giubilare: &#8220;La differenza tra dialogo e aggressione&#8221;<\/a><\/p>\n<p>Molte volte noi non incontriamo i fratelli, pur vivendo loro accanto, soprattutto quando facciamo prevalere la nostra posizione su quella dell\u2019altro. Non dialoghiamo quando non ascoltiamo abbastanza oppure tendiamo a interrompere l\u2019altro per dimostrare di avere ragione. Ma quante volte, quante volte stiamo ascoltando una persona, la fermiamo e diciamo: \u201cNo! No! Non \u00e8 cos\u00ec!\u201c e non lasciamo che la persona finisca di spiegare quello che vuole dire. E questo impedisce il dialogo: questa \u00e8 aggressione. Il vero dialogo, invece, necessita di momenti di silenzio, in cui cogliere il dono straordinario della presenza di Dio nel fratello.<\/p>\n<div class=\"fluid-embed-container\"><iframe title=\"Papa Francesco, Udienza Giubilare: &quot;La differenza tra dialogo e aggressione&quot;\" width=\"640\" height=\"360\" src=\"https:\/\/www.youtube.com\/embed\/ekwoGDh31Zg?feature=oembed\" frameborder=\"0\" allow=\"accelerometer; autoplay; clipboard-write; encrypted-media; gyroscope; picture-in-picture; web-share\" referrerpolicy=\"strict-origin-when-cross-origin\" allowfullscreen><\/iframe><\/div>\n<p><a href=\"http:\/\/w2.vatican.va\/content\/francesco\/it\/audiences\/2016\/documents\/papa-francesco_20161022_udienza-giubilare.html\" target=\"_blank\" rel=\"noopener\">Papa Francesco, Udienza Giubilare: &#8220;La Chiesa vive di dialogo&#8221;<\/a><\/p>\n<p>Di dialogo vive anche la Chiesa con gli uomini e le donne di ogni tempo, per comprendere le necessit\u00e0 che sono nel cuore di ogni persona e per contribuire alla realizzazione del bene comune. Pensiamo al grande dono del creato e alla responsabilit\u00e0 che tutti abbiamo di salvaguardare la nostra casa comune: il dialogo su un tema cos\u00ec centrale \u00e8 un\u2019esigenza ineludibile. Pensiamo al dialogo tra le religioni, per scoprire la verit\u00e0 profonda della loro missione in mezzo agli uomini, e per contribuire alla costruzione della pace e di una rete di rispetto e di fraternit\u00e0 (cfr Enc. Laudato si\u2019, 201).<\/p>\n<div class=\"fluid-embed-container\"><iframe title=\"Papa Francesco, Udienza Giubilare: &quot;La Chiesa vive di dialogo&quot;\" width=\"640\" height=\"360\" src=\"https:\/\/www.youtube.com\/embed\/EJU675Qgm6g?feature=oembed\" frameborder=\"0\" allow=\"accelerometer; autoplay; clipboard-write; encrypted-media; gyroscope; picture-in-picture; web-share\" referrerpolicy=\"strict-origin-when-cross-origin\" allowfullscreen><\/iframe><\/div>\n<p><a href=\"http:\/\/w2.vatican.va\/content\/francesco\/it\/speeches\/2017\/december\/documents\/papa-francesco_20171201_viaggioapostolico-bangladesh-pace.html\" target=\"_blank\" rel=\"noopener\">Papa Francesco, &#8220;L\u2019apertura del cuore&#8221;<\/a><\/p>\n<p>\u00c8 un segno particolarmente confortante dei nostri tempi che i credenti e le persone di buona volont\u00e0 si sentano sempre pi\u00f9 chiamati a cooperare alla formazione di una cultura dell\u2019incontro, del dialogo e della collaborazione al servizio della famiglia umana. Ci\u00f2 richiede pi\u00f9 che una mera tolleranza. Ci stimola a tendere la mano all\u2019altro in atteggiamento di reciproca fiducia e comprensione, per costruire un\u2019unit\u00e0 che comprenda la diversit\u00e0 non come minaccia, ma come potenziale fonte di arricchimento e crescita. Ci esorta a coltivare una apertura del cuore, in modo da vedere gli altri come una via, non come un ostacolo.<\/p>\n<div class=\"fluid-embed-container\"><iframe title=\"Papa Francesco, &quot;L\u2019apertura del cuore&quot;\" width=\"640\" height=\"360\" src=\"https:\/\/www.youtube.com\/embed\/b-ony7YKrAU?feature=oembed\" frameborder=\"0\" allow=\"accelerometer; autoplay; clipboard-write; encrypted-media; gyroscope; picture-in-picture; web-share\" referrerpolicy=\"strict-origin-when-cross-origin\" allowfullscreen><\/iframe><\/div>\n","protected":false},"excerpt":{"rendered":"Ospiti di Gennaro Ferrara: Padre Sebastiano D\u2019Ambra, missionario del Centro Pime, vincitore \u201cPremio Don Andrea Santoro\u201d, fondatore di Silsilah, movimento per il dialogo islamo-cristiano, e fra Fra Emiliano Antenucci, cappuccino, nominato da Papa Francesco missionario della Misericordia a tempo indeterminato n occasione dell\u2019Anno Santo straordinario della Misericordia, inventore del corso \u00absilenzio, parla il Silenzio\u00bb E&#8217; [&hellip;]","protected":false},"author":9,"featured_media":11599,"comment_status":"open","ping_status":"open","sticky":false,"template":"","format":"standard","meta":{"_acf_changed":false,"footnotes":""},"categories":[131],"tags":[41,150],"class_list":["post-11598","post","type-post","status-publish","format-standard","has-post-thumbnail","hentry","category-puntate-dal-2017-al-2020","tag-papafrancesco","tag-sinodoamazonico"],"acf":[],"aioseo_notices":[],"featured_image_url":"https:\/\/www.tv2000.it\/ildiariodipapafrancesco\/wp-content\/uploads\/sites\/20\/2019\/10\/diario2410-1024x576.jpg","_links":{"self":[{"href":"https:\/\/www.tv2000.it\/ildiariodipapafrancesco\/wp-json\/wp\/v2\/posts\/11598","targetHints":{"allow":["GET"]}}],"collection":[{"href":"https:\/\/www.tv2000.it\/ildiariodipapafrancesco\/wp-json\/wp\/v2\/posts"}],"about":[{"href":"https:\/\/www.tv2000.it\/ildiariodipapafrancesco\/wp-json\/wp\/v2\/types\/post"}],"author":[{"embeddable":true,"href":"https:\/\/www.tv2000.it\/ildiariodipapafrancesco\/wp-json\/wp\/v2\/users\/9"}],"replies":[{"embeddable":true,"href":"https:\/\/www.tv2000.it\/ildiariodipapafrancesco\/wp-json\/wp\/v2\/comments?post=11598"}],"version-history":[{"count":2,"href":"https:\/\/www.tv2000.it\/ildiariodipapafrancesco\/wp-json\/wp\/v2\/posts\/11598\/revisions"}],"predecessor-version":[{"id":11604,"href":"https:\/\/www.tv2000.it\/ildiariodipapafrancesco\/wp-json\/wp\/v2\/posts\/11598\/revisions\/11604"}],"wp:featuredmedia":[{"embeddable":true,"href":"https:\/\/www.tv2000.it\/ildiariodipapafrancesco\/wp-json\/wp\/v2\/media\/11599"}],"wp:attachment":[{"href":"https:\/\/www.tv2000.it\/ildiariodipapafrancesco\/wp-json\/wp\/v2\/media?parent=11598"}],"wp:term":[{"taxonomy":"category","embeddable":true,"href":"https:\/\/www.tv2000.it\/ildiariodipapafrancesco\/wp-json\/wp\/v2\/categories?post=11598"},{"taxonomy":"post_tag","embeddable":true,"href":"https:\/\/www.tv2000.it\/ildiariodipapafrancesco\/wp-json\/wp\/v2\/tags?post=11598"}],"curies":[{"name":"wp","href":"https:\/\/api.w.org\/{rel}","templated":true}]}}