{"id":12022,"date":"2019-12-23T18:48:46","date_gmt":"2019-12-23T17:48:46","guid":{"rendered":"http:\/\/www.tv2000.it\/ildiariodipapafrancesco\/?p=12022"},"modified":"2019-12-23T18:49:06","modified_gmt":"2019-12-23T17:49:06","slug":"essere-la-carezza-di-dio","status":"publish","type":"post","link":"https:\/\/www.tv2000.it\/ildiariodipapafrancesco\/2019\/12\/23\/essere-la-carezza-di-dio\/","title":{"rendered":"\u201cEssere la carezza di Dio\u201d"},"content":{"rendered":"<p>In studio con Gennaro Ferrara, frate Alberto Maggi, biblista, autore di numerosi volumi, l\u2019ultimo, un libro sul messaggio rivoluzionario di Cristo: &#8220;Versetti pericolosi \u2013 Ges\u00f9 e lo scandalo della misericordia&#8221; (Fazi Editore).<\/p>\n<p>PUNTATA INTEGRALE<\/p>\n<div class=\"fluid-embed-container\"><iframe title=\"Il diario di Papa Francesco, 23 dicembre 2019\" width=\"640\" height=\"360\" src=\"https:\/\/www.youtube.com\/embed\/GWR-K-hr5Jk?feature=oembed\" frameborder=\"0\" allow=\"accelerometer; autoplay; clipboard-write; encrypted-media; gyroscope; picture-in-picture; web-share\" referrerpolicy=\"strict-origin-when-cross-origin\" allowfullscreen><\/iframe><\/div>\n<p>Papa Francesco alla Curia: <a href=\"https:\/\/w2.vatican.va\/content\/francesco\/it\/events\/event.dir.html\/content\/vaticanevents\/it\/2019\/12\/21\/curia-romana.html\" target=\"_blank\" rel=\"noopener\">\u201cUn cambiamento di mentalit\u00e0 pastorale\u201d<\/a><\/p>\n<p>Nelle grandi citt\u00e0 abbiamo bisogno di altre \u201cmappe\u201d, di altri paradigmi, che ci aiutino a riposizionare i nostri modi di pensare e i nostri atteggiamenti: Fratelli e sorelle, non siamo nella cristianit\u00e0, non pi\u00f9! Oggi non siamo pi\u00f9 gli unici che producono cultura, n\u00e9 i primi, n\u00e9 i pi\u00f9 ascoltati[14]. Abbiamo pertanto bisogno di un cambiamento di mentalit\u00e0 pastorale, che non vuol dire passare a una pastorale relativistica. Non siamo pi\u00f9 in un regime di cristianit\u00e0 perch\u00e9 la fede \u2013 specialmente in Europa, ma pure in gran parte dell\u2019Occidente \u2013 non costituisce pi\u00f9 un presupposto ovvio del vivere comune, anzi spesso viene perfino negata, derisa, emarginata e ridicolizzata.<\/p>\n<p>&nbsp;<\/p>\n<p>Papa Francesco alla Curia: <a href=\"https:\/\/w2.vatican.va\/content\/francesco\/it\/events\/event.dir.html\/content\/vaticanevents\/it\/2019\/12\/21\/curia-romana.html\" target=\"_blank\" rel=\"noopener\">\u201cSolo l\u2019amore vince la stanchezza\u201d<\/a><\/p>\n<p>Qui occorre mettere in guardia dalla tentazione di assumere l\u2019atteggiamento della rigidit\u00e0. La rigidit\u00e0 che nasce dalla paura del cambiamento e finisce per disseminare di paletti e di ostacoli il terreno del bene comune, facendolo diventare un campo minato di incomunicabilit\u00e0 e di odio. Ricordiamo sempre che dietro ogni rigidit\u00e0 giace qualche squilibrio. La rigidit\u00e0 e lo squilibro si alimentano a vicenda in un circolo vizioso. E oggi questa tentazione della rigidit\u00e0 \u00e8 diventata tanto attuale.<\/p>\n<div class=\"fluid-embed-container\"><iframe title=\"Papa Francesco alla Curia: \u201cSolo l\u2019amore vince la stanchezza\u201d\" width=\"640\" height=\"360\" src=\"https:\/\/www.youtube.com\/embed\/cnlPt_aubuE?feature=oembed\" frameborder=\"0\" allow=\"accelerometer; autoplay; clipboard-write; encrypted-media; gyroscope; picture-in-picture; web-share\" referrerpolicy=\"strict-origin-when-cross-origin\" allowfullscreen><\/iframe><\/div>\n<p>&nbsp;<\/p>\n<p>Papa Francesco: <a href=\"https:\/\/w2.vatican.va\/content\/francesco\/it\/events\/event.dir.html\/content\/vaticanevents\/it\/2019\/12\/22\/angelus.html\" target=\"_blank\" rel=\"noopener\">\u201cLa logica sorprendente di Dio\u201d<\/a><\/p>\n<p>Proprio questa fiducia incrollabile in Dio gli ha permesso di accettare una situazione umanamente difficile e, in un certo senso, incomprensibile. Giuseppe capisce, nella fede, che il bambino generato nel grembo di Maria non \u00e8 suo figlio, ma \u00e8 il Figlio di Dio e lui, Giuseppe, ne sar\u00e0 il custode assumendone pienamente la paternit\u00e0 terrena. L\u2019esempio di questo uomo mite e saggio ci esorta ad alzare lo sguardo e spingerlo oltre. Si tratta di recuperare la logica sorprendente di Dio che, lontano da piccoli o grandi calcoli, \u00e8 fatta di apertura verso orizzonti nuovi, verso Cristo e la sua Parola.<\/p>\n<div class=\"fluid-embed-container\"><iframe title=\"Papa Francesco: \u201cLa logica sorprendente di Dio\u201d\" width=\"640\" height=\"360\" src=\"https:\/\/www.youtube.com\/embed\/4gNwp3DgC8s?feature=oembed\" frameborder=\"0\" allow=\"accelerometer; autoplay; clipboard-write; encrypted-media; gyroscope; picture-in-picture; web-share\" referrerpolicy=\"strict-origin-when-cross-origin\" allowfullscreen><\/iframe><\/div>\n<p>&nbsp;<\/p>\n<p>IN EVIDENZA:<\/p>\n<p>Alberto Maggi: \u201cEssere la carezza di Dio\u201d<\/p>\n<div class=\"fluid-embed-container\"><iframe title=\"Alberto Maggi: \u201cEssere la carezza di Dio\u201d\" width=\"640\" height=\"360\" src=\"https:\/\/www.youtube.com\/embed\/X1meACgXbvk?feature=oembed\" frameborder=\"0\" allow=\"accelerometer; autoplay; clipboard-write; encrypted-media; gyroscope; picture-in-picture; web-share\" referrerpolicy=\"strict-origin-when-cross-origin\" allowfullscreen><\/iframe><\/div>\n","protected":false},"excerpt":{"rendered":"In studio con Gennaro Ferrara, frate Alberto Maggi, biblista, autore di numerosi volumi, l\u2019ultimo, un libro sul messaggio rivoluzionario di Cristo: &#8220;Versetti pericolosi \u2013 Ges\u00f9 e lo scandalo della misericordia&#8221; (Fazi Editore). PUNTATA INTEGRALE Papa Francesco alla Curia: \u201cUn cambiamento di mentalit\u00e0 pastorale\u201d Nelle grandi citt\u00e0 abbiamo bisogno di altre \u201cmappe\u201d, di altri paradigmi, che [&hellip;]","protected":false},"author":9,"featured_media":12023,"comment_status":"open","ping_status":"open","sticky":false,"template":"","format":"standard","meta":{"_acf_changed":false,"footnotes":""},"categories":[131],"tags":[41],"class_list":["post-12022","post","type-post","status-publish","format-standard","has-post-thumbnail","hentry","category-puntate-dal-2017-al-2020","tag-papafrancesco"],"acf":[],"aioseo_notices":[],"featured_image_url":"https:\/\/www.tv2000.it\/ildiariodipapafrancesco\/wp-content\/uploads\/sites\/20\/2019\/12\/diario2312-1024x576.jpg","_links":{"self":[{"href":"https:\/\/www.tv2000.it\/ildiariodipapafrancesco\/wp-json\/wp\/v2\/posts\/12022","targetHints":{"allow":["GET"]}}],"collection":[{"href":"https:\/\/www.tv2000.it\/ildiariodipapafrancesco\/wp-json\/wp\/v2\/posts"}],"about":[{"href":"https:\/\/www.tv2000.it\/ildiariodipapafrancesco\/wp-json\/wp\/v2\/types\/post"}],"author":[{"embeddable":true,"href":"https:\/\/www.tv2000.it\/ildiariodipapafrancesco\/wp-json\/wp\/v2\/users\/9"}],"replies":[{"embeddable":true,"href":"https:\/\/www.tv2000.it\/ildiariodipapafrancesco\/wp-json\/wp\/v2\/comments?post=12022"}],"version-history":[{"count":1,"href":"https:\/\/www.tv2000.it\/ildiariodipapafrancesco\/wp-json\/wp\/v2\/posts\/12022\/revisions"}],"predecessor-version":[{"id":12024,"href":"https:\/\/www.tv2000.it\/ildiariodipapafrancesco\/wp-json\/wp\/v2\/posts\/12022\/revisions\/12024"}],"wp:featuredmedia":[{"embeddable":true,"href":"https:\/\/www.tv2000.it\/ildiariodipapafrancesco\/wp-json\/wp\/v2\/media\/12023"}],"wp:attachment":[{"href":"https:\/\/www.tv2000.it\/ildiariodipapafrancesco\/wp-json\/wp\/v2\/media?parent=12022"}],"wp:term":[{"taxonomy":"category","embeddable":true,"href":"https:\/\/www.tv2000.it\/ildiariodipapafrancesco\/wp-json\/wp\/v2\/categories?post=12022"},{"taxonomy":"post_tag","embeddable":true,"href":"https:\/\/www.tv2000.it\/ildiariodipapafrancesco\/wp-json\/wp\/v2\/tags?post=12022"}],"curies":[{"name":"wp","href":"https:\/\/api.w.org\/{rel}","templated":true}]}}