{"id":12167,"date":"2020-01-14T18:32:11","date_gmt":"2020-01-14T17:32:11","guid":{"rendered":"http:\/\/www.tv2000.it\/ildiariodipapafrancesco\/?p=12167"},"modified":"2020-01-14T18:38:17","modified_gmt":"2020-01-14T17:38:17","slug":"ebrei-e-cristiani-le-sfide-comuni","status":"publish","type":"post","link":"https:\/\/www.tv2000.it\/ildiariodipapafrancesco\/2020\/01\/14\/ebrei-e-cristiani-le-sfide-comuni\/","title":{"rendered":"\u201cEbrei e cristiani: le sfide comuni\u201d"},"content":{"rendered":"<p>In occasione della XXXI Giornata per l\u2019approfondimento e lo sviluppo del dialogo tra cattolici ed ebrei (indetta dalla Conferenza Episcopale Italiana a partire dal 1990), in studio, con Gennaro Ferrara, padre Innocenzo Gargano, monaco Camaldolese, e il professore Marco Cassuto Morselli, presidente della Federazione delle Amicizie Ebraico-Cristiane in Italia.<\/p>\n<p>PUNTATA INTEGRALE<\/p>\n<div class=\"fluid-embed-container\"><iframe title=\"Il diario di Papa Francesco, 14 gennaio 2020\" width=\"640\" height=\"360\" src=\"https:\/\/www.youtube.com\/embed\/h4RHpftGHlY?feature=oembed\" frameborder=\"0\" allow=\"accelerometer; autoplay; clipboard-write; encrypted-media; gyroscope; picture-in-picture; web-share\" referrerpolicy=\"strict-origin-when-cross-origin\" allowfullscreen><\/iframe><\/div>\n<p>Papa Francesco, <a href=\"https:\/\/press.vatican.va\/content\/salastampa\/it\/bollettino\/pubblico\/2016\/01\/17\/0029\/00058.html\" target=\"_blank\" rel=\"noopener\">Il legame inscindibile tra ebrei e cristiani<\/a><\/p>\n<p>Il Concilio, con la Dichiarazione Nostra aetate, ha tracciato la via: \u201cs\u00ec\u201d alla riscoperta delle radici ebraiche del cristianesimo; \u201cno\u201d ad ogni forma di antisemitismo, e condanna di ogni ingiuria, discriminazione e persecuzione che ne derivano\u00bb. Nostra aetate ha definito teologicamente per la prima volta, in maniera esplicita, le relazioni della Chiesa cattolica con l\u2019ebraismo. Essa naturalmente non ha risolto tutte le questioni teologiche che ci riguardano, ma vi ha fatto riferimento in maniera incoraggiante, fornendo un importantissimo stimolo per ulteriori, necessarie riflessioni. A questo proposito, il 10 dicembre 2015, la Commissione per i rapporti religiosi con l\u2019ebraismo ha pubblicato un nuovo documento, che affronta le questioni teologiche emerse negli ultimi decenni trascorsi dalla promulgazione di Nostra aetate. Infatti, la dimensione teologica del dialogo ebraico-cattolico merita di essere sempre pi\u00f9 approfondita, e desidero incoraggiare tutti coloro che sono impegnati in questo dialogo a continuare in tal senso, con discernimento e perseveranza. Proprio da un punto di vista teologico, appare chiaramente l\u2019inscindibile legame che unisce cristiani ed ebrei. I cristiani, per comprendere s\u00e9 stessi, non possono non fare riferimento alle radici ebraiche, e la Chiesa, pur professando la salvezza attraverso la fede in Cristo, riconosce l\u2019irrevocabilit\u00e0 dell\u2019Antica Alleanza e l\u2019amore costante e fedele di Dio per Israele.<\/p>\n<div class=\"fluid-embed-container\"><iframe title=\"Papa Francesco, Il legame inscindibile tra ebrei e cristiani\" width=\"640\" height=\"360\" src=\"https:\/\/www.youtube.com\/embed\/4zY4agKdpMY?feature=oembed\" frameborder=\"0\" allow=\"accelerometer; autoplay; clipboard-write; encrypted-media; gyroscope; picture-in-picture; web-share\" referrerpolicy=\"strict-origin-when-cross-origin\" allowfullscreen><\/iframe><\/div>\n<p>Papa Francesco, <a href=\"https:\/\/press.vatican.va\/content\/salastampa\/it\/bollettino\/pubblico\/2016\/01\/17\/0029\/00058.html\" target=\"_blank\" rel=\"noopener\">Ebrei e cristiani: le sfide comuni<\/a><\/p>\n<p>Insieme con le questioni teologiche, non dobbiamo perdere di vista le grandi sfide che il mondo di oggi si trova ad affrontare. Quella di una ecologia integrale \u00e8 ormai prioritaria, e come cristiani ed ebrei possiamo e dobbiamo offrire all\u2019umanit\u00e0 intera il messaggio della Bibbia circa la cura del creato. Conflitti, guerre, violenze ed ingiustizie aprono ferite profonde nell\u2019umanit\u00e0 e ci chiamano a rafforzare l\u2019impegno per la pace e la giustizia. La violenza dell\u2019uomo sull\u2019uomo \u00e8 in contraddizione con ogni religione degna di questo nome, e in particolare con le tre grandi religioni monoteistiche. La vita \u00e8 sacra, quale dono di Dio. Il quinto comandamento del Decalogo dice: \u00abNon uccidere\u00bb (Es 20,13). Dio \u00e8 il Dio della vita, e vuole sempre promuoverla e difenderla; e noi, creati a sua immagine e somiglianza, siamo tenuti a fare lo stesso. Ogni essere umano, in quanto creatura di Dio, \u00e8 nostro fratello, indipendentemente dalla sua origine o dalla sua appartenenza religiosa.<\/p>\n<div class=\"fluid-embed-container\"><iframe title=\"Papa Francesco, Ebrei e cristiani: le sfide comuni\" width=\"640\" height=\"360\" src=\"https:\/\/www.youtube.com\/embed\/S4BKDnUlWYc?feature=oembed\" frameborder=\"0\" allow=\"accelerometer; autoplay; clipboard-write; encrypted-media; gyroscope; picture-in-picture; web-share\" referrerpolicy=\"strict-origin-when-cross-origin\" allowfullscreen><\/iframe><\/div>\n<p>Papa Francesco, omelia a Santa Marta: <a href=\"https:\/\/www.vaticannews.va\/it\/papa-francesco\/messa-santa-marta\/2020-01\/papa-francesco-santa-marta-autorita-testimoni-coerenza.html\" target=\"_blank\" rel=\"noopener\">Lo stile della coerenza<\/a><\/p>\n<p>Qual \u00e8 l\u2019autorit\u00e0 che ha Ges\u00f9? \u00c8 quello stile del Signore, quella &#8216;signoria&#8217; &#8211; diciamo cos\u00ec &#8211; con la quale il Signore si muoveva, insegnava, guariva, ascoltava. Questo stile signorile &#8211; che \u00e8 una cosa che viene da dentro &#8211; fa vedere \u2026 Cosa fa vedere? Coerenza. Ges\u00f9 aveva autorit\u00e0 perch\u00e9 era coerente tra quello che insegnava e quello che faceva, [cio\u00e8] come viveva. Quella coerenza \u00e8 quello che d\u00e0 l\u2019espressione di una persona che ha autorit\u00e0: \u201cQuesto ha autorit\u00e0, questa ha autorit\u00e0, perch\u00e9 \u00e8 coerente\u201d, cio\u00e8 d\u00e0 testimonianza. L\u2019autorit\u00e0 si fa vedere in questo: coerenza e testimonianza.<br \/>\nGli scribi, pastori schizofrenici che dicono e non fanno<\/p>\n<div class=\"fluid-embed-container\"><iframe title=\"Papa Francesco, omelia a Santa Marta del 14 gennaio 2020\" width=\"640\" height=\"360\" src=\"https:\/\/www.youtube.com\/embed\/r6woJobmqvY?feature=oembed\" frameborder=\"0\" allow=\"accelerometer; autoplay; clipboard-write; encrypted-media; gyroscope; picture-in-picture; web-share\" referrerpolicy=\"strict-origin-when-cross-origin\" allowfullscreen><\/iframe><\/div>\n<p>&nbsp;<\/p>\n<p>IN EVIDENZA:<\/p>\n<p>Marco Cassuto Morselli: \u201cIl Cristianesimo per gli ebrei\u201d<\/p>\n<div class=\"fluid-embed-container\"><iframe title=\"Marco Cassuto Morselli: \u201cIl Cristianesimo per gli ebrei\u201d\" width=\"640\" height=\"360\" src=\"https:\/\/www.youtube.com\/embed\/TIWL8rqpWHw?feature=oembed\" frameborder=\"0\" allow=\"accelerometer; autoplay; clipboard-write; encrypted-media; gyroscope; picture-in-picture; web-share\" referrerpolicy=\"strict-origin-when-cross-origin\" allowfullscreen><\/iframe><\/div>\n<p>Padre Innocenzo Gargano: \u201cL\u2019amore per gli ebrei e per i cristiani\u201d<\/p>\n<div class=\"fluid-embed-container\"><iframe title=\"Padre Innocenzo Gargano: \u201cL\u2019amore per gli ebrei e per i cristiani\u201d\" width=\"640\" height=\"360\" src=\"https:\/\/www.youtube.com\/embed\/b4HOByTurg0?feature=oembed\" frameborder=\"0\" allow=\"accelerometer; autoplay; clipboard-write; encrypted-media; gyroscope; picture-in-picture; web-share\" referrerpolicy=\"strict-origin-when-cross-origin\" allowfullscreen><\/iframe><\/div>\n","protected":false},"excerpt":{"rendered":"In occasione della XXXI Giornata per l\u2019approfondimento e lo sviluppo del dialogo tra cattolici ed ebrei (indetta dalla Conferenza Episcopale Italiana a partire dal 1990), in studio, con Gennaro Ferrara, padre Innocenzo Gargano, monaco Camaldolese, e il professore Marco Cassuto Morselli, presidente della Federazione delle Amicizie Ebraico-Cristiane in Italia. PUNTATA INTEGRALE Papa Francesco, Il legame [&hellip;]","protected":false},"author":9,"featured_media":12168,"comment_status":"open","ping_status":"open","sticky":false,"template":"","format":"standard","meta":{"_acf_changed":false,"footnotes":""},"categories":[131],"tags":[41],"class_list":["post-12167","post","type-post","status-publish","format-standard","has-post-thumbnail","hentry","category-puntate-dal-2017-al-2020","tag-papafrancesco"],"acf":[],"aioseo_notices":[],"featured_image_url":"https:\/\/www.tv2000.it\/ildiariodipapafrancesco\/wp-content\/uploads\/sites\/20\/2020\/01\/diario1401-1024x576.jpg","_links":{"self":[{"href":"https:\/\/www.tv2000.it\/ildiariodipapafrancesco\/wp-json\/wp\/v2\/posts\/12167","targetHints":{"allow":["GET"]}}],"collection":[{"href":"https:\/\/www.tv2000.it\/ildiariodipapafrancesco\/wp-json\/wp\/v2\/posts"}],"about":[{"href":"https:\/\/www.tv2000.it\/ildiariodipapafrancesco\/wp-json\/wp\/v2\/types\/post"}],"author":[{"embeddable":true,"href":"https:\/\/www.tv2000.it\/ildiariodipapafrancesco\/wp-json\/wp\/v2\/users\/9"}],"replies":[{"embeddable":true,"href":"https:\/\/www.tv2000.it\/ildiariodipapafrancesco\/wp-json\/wp\/v2\/comments?post=12167"}],"version-history":[{"count":2,"href":"https:\/\/www.tv2000.it\/ildiariodipapafrancesco\/wp-json\/wp\/v2\/posts\/12167\/revisions"}],"predecessor-version":[{"id":12174,"href":"https:\/\/www.tv2000.it\/ildiariodipapafrancesco\/wp-json\/wp\/v2\/posts\/12167\/revisions\/12174"}],"wp:featuredmedia":[{"embeddable":true,"href":"https:\/\/www.tv2000.it\/ildiariodipapafrancesco\/wp-json\/wp\/v2\/media\/12168"}],"wp:attachment":[{"href":"https:\/\/www.tv2000.it\/ildiariodipapafrancesco\/wp-json\/wp\/v2\/media?parent=12167"}],"wp:term":[{"taxonomy":"category","embeddable":true,"href":"https:\/\/www.tv2000.it\/ildiariodipapafrancesco\/wp-json\/wp\/v2\/categories?post=12167"},{"taxonomy":"post_tag","embeddable":true,"href":"https:\/\/www.tv2000.it\/ildiariodipapafrancesco\/wp-json\/wp\/v2\/tags?post=12167"}],"curies":[{"name":"wp","href":"https:\/\/api.w.org\/{rel}","templated":true}]}}