{"id":12507,"date":"2020-02-27T18:28:26","date_gmt":"2020-02-27T17:28:26","guid":{"rendered":"http:\/\/www.tv2000.it\/ildiariodipapafrancesco\/?p=12507"},"modified":"2020-02-27T18:28:39","modified_gmt":"2020-02-27T17:28:39","slug":"matteo-truffelli-una-nuova-frontiera-sentieri-per-una-chiesa-in-uscita","status":"publish","type":"post","link":"https:\/\/www.tv2000.it\/ildiariodipapafrancesco\/2020\/02\/27\/matteo-truffelli-una-nuova-frontiera-sentieri-per-una-chiesa-in-uscita\/","title":{"rendered":"Matteo Truffelli, \u201cUna nuova frontiera. Sentieri per una Chiesa in uscita\u201d"},"content":{"rendered":"<p>\u201cUna nuova frontiera. Sentieri per una Chiesa in uscita\u201d. E\u2019 l\u2019ultimo libro di Matteo Truffelli, presidente di Azione Cattolica.<br \/>\nConcorrere alla costruzione di una comunit\u00e0 umana pi\u00f9 fraterna: \u00e8 questa la &#8220;nuova frontiera&#8221; che il cristianesimo ha davanti a s\u00e9. Prendendo le mosse da questa affermazione di Papa Francesco, Truffelli prova a dire in che modo i credenti possono contribuire, concretamente, a lasciare nel mondo l&#8217;impronta evangelica della fraternit\u00e0. In cerca dei sentieri lungo cui inoltrarsi per essere, tutti insieme, &#8220;Chiesa in uscita&#8221;. In appendice al volume tre discorsi di papa Francesco all&#8217;Azione cattolica.<\/p>\n<div class=\"fluid-embed-container\"><iframe title=\"Libreria del Diario - Matteo Truffelli, \u201cUna nuova frontiera. Sentieri per una Chiesa in uscita\u201d\" width=\"640\" height=\"360\" src=\"https:\/\/www.youtube.com\/embed\/8MVYNiecMNg?feature=oembed\" frameborder=\"0\" allow=\"accelerometer; autoplay; clipboard-write; encrypted-media; gyroscope; picture-in-picture; web-share\" referrerpolicy=\"strict-origin-when-cross-origin\" allowfullscreen><\/iframe><\/div>\n","protected":false},"excerpt":{"rendered":"\u201cUna nuova frontiera. Sentieri per una Chiesa in uscita\u201d. E\u2019 l\u2019ultimo libro di Matteo Truffelli, presidente di Azione Cattolica. Concorrere alla costruzione di una comunit\u00e0 umana pi\u00f9 fraterna: \u00e8 questa la &#8220;nuova frontiera&#8221; che il cristianesimo ha davanti a s\u00e9. Prendendo le mosse da questa affermazione di Papa Francesco, Truffelli prova a dire in che [&hellip;]","protected":false},"author":9,"featured_media":12508,"comment_status":"open","ping_status":"open","sticky":false,"template":"","format":"standard","meta":{"_acf_changed":false,"footnotes":""},"categories":[146],"tags":[],"class_list":["post-12507","post","type-post","status-publish","format-standard","has-post-thumbnail","hentry","category-libreria-del-diario"],"acf":[],"aioseo_notices":[],"featured_image_url":"https:\/\/www.tv2000.it\/ildiariodipapafrancesco\/wp-content\/uploads\/sites\/20\/2020\/02\/librofrontiera-1024x572.jpg","_links":{"self":[{"href":"https:\/\/www.tv2000.it\/ildiariodipapafrancesco\/wp-json\/wp\/v2\/posts\/12507","targetHints":{"allow":["GET"]}}],"collection":[{"href":"https:\/\/www.tv2000.it\/ildiariodipapafrancesco\/wp-json\/wp\/v2\/posts"}],"about":[{"href":"https:\/\/www.tv2000.it\/ildiariodipapafrancesco\/wp-json\/wp\/v2\/types\/post"}],"author":[{"embeddable":true,"href":"https:\/\/www.tv2000.it\/ildiariodipapafrancesco\/wp-json\/wp\/v2\/users\/9"}],"replies":[{"embeddable":true,"href":"https:\/\/www.tv2000.it\/ildiariodipapafrancesco\/wp-json\/wp\/v2\/comments?post=12507"}],"version-history":[{"count":1,"href":"https:\/\/www.tv2000.it\/ildiariodipapafrancesco\/wp-json\/wp\/v2\/posts\/12507\/revisions"}],"predecessor-version":[{"id":12509,"href":"https:\/\/www.tv2000.it\/ildiariodipapafrancesco\/wp-json\/wp\/v2\/posts\/12507\/revisions\/12509"}],"wp:featuredmedia":[{"embeddable":true,"href":"https:\/\/www.tv2000.it\/ildiariodipapafrancesco\/wp-json\/wp\/v2\/media\/12508"}],"wp:attachment":[{"href":"https:\/\/www.tv2000.it\/ildiariodipapafrancesco\/wp-json\/wp\/v2\/media?parent=12507"}],"wp:term":[{"taxonomy":"category","embeddable":true,"href":"https:\/\/www.tv2000.it\/ildiariodipapafrancesco\/wp-json\/wp\/v2\/categories?post=12507"},{"taxonomy":"post_tag","embeddable":true,"href":"https:\/\/www.tv2000.it\/ildiariodipapafrancesco\/wp-json\/wp\/v2\/tags?post=12507"}],"curies":[{"name":"wp","href":"https:\/\/api.w.org\/{rel}","templated":true}]}}