{"id":4862,"date":"2017-11-24T19:48:32","date_gmt":"2017-11-24T18:48:32","guid":{"rendered":"http:\/\/www.tv2000.it\/ildiariodipapafrancesco\/?p=4862"},"modified":"2019-11-19T16:26:25","modified_gmt":"2019-11-19T15:26:25","slug":"myanmar-e-bangladesh-padre-francesco-rapacioli-24112017","status":"publish","type":"post","link":"https:\/\/www.tv2000.it\/ildiariodipapafrancesco\/2017\/11\/24\/myanmar-e-bangladesh-padre-francesco-rapacioli-24112017\/","title":{"rendered":"MYANMAR E BANGLADESH <br> Padre Francesco Rapacioli 24\/11\/2017"},"content":{"rendered":"<p>Puntata dedicata al viaggio in Asia che Francesco compir\u00e0 tra due giorni, in due paesi poverissimi dove in cristiani sono minoranza: Myanmar e Bangladesh. In studio con padre Francesco Rapacioli, missionario del Pime, abbiamo ascoltato i videomessaggi che il Papa ha inviato alle popolazioni cui far\u00e0 visita e ci siamo collegati con l\u2019inviato Vito D\u2019Ettorre da Dacca. Nella seconda parte invece, <a href=\"http:\/\/w2.vatican.va\/content\/francesco\/it\/events\/event.dir.html\/content\/vaticanevents\/it\/2017\/11\/24\/domussanctaemarthae.html\">spazio all\u2019omelia di Santa Marta<\/a>.<\/p>\n<p>&nbsp;<\/p>\n<div class=\"fluid-embed-container\"><iframe title=\"Myanmar e Bangladesh. Padre Francesco Rapacioli 24\/11\/2017\" width=\"640\" height=\"360\" src=\"https:\/\/www.youtube.com\/embed\/99yFGV26KlY?feature=oembed\" frameborder=\"0\" allow=\"accelerometer; autoplay; clipboard-write; encrypted-media; gyroscope; picture-in-picture; web-share\" referrerpolicy=\"strict-origin-when-cross-origin\" allowfullscreen><\/iframe><\/div>\n<p>&nbsp;<\/p>\n<p>&nbsp;<\/p>\n<p><strong>IN EVIDENZA<\/strong><\/p>\n<table cellspacing=\"\u201d50\u2033\">\n<tbody>\n<tr>\n<td><strong>Al di l\u00e0 delle differenze religiose<\/strong><\/td>\n<td><strong>Quello che ho imparato in Bangladesh<\/strong><\/td>\n<\/tr>\n<tr>\n<td><iframe src=\"https:\/\/www.youtube.com\/embed\/LBA2oFxihqw\" width=\"300\" height=\"200\" frameborder=\"0\" allowfullscreen=\"allowfullscreen\"><\/iframe><\/td>\n<td><iframe src=\"https:\/\/www.youtube.com\/embed\/XdmxV5k6_5g\" width=\"300\" height=\"200\" frameborder=\"0\" allowfullscreen=\"allowfullscreen\"><\/iframe><\/td>\n<\/tr>\n<\/tbody>\n<\/table>\n<p>&nbsp;<\/p>\n<p>&nbsp;<\/p>\n<p><strong>VIDEOMESSAGGIO DEL PAPA IN OCCASIONE DEL VIAGGIO APOSTOLICO IN MYANMAR<\/strong><br \/>\n<a href=\"http:\/\/w2.vatican.va\/content\/francesco\/it\/messages\/pont-messages\/2017\/documents\/papa-francesco_20171117_videomessaggio-myanmar.html\">Il testo integrale<\/a><\/p>\n<p><em>Amore e pace<\/em><\/p>\n<p>\u201cLa mia visita vuole confermare la comunit\u00e0 cattolica del Myanmar nella sua fede in Dio e nella sua testimonianza del Vangelo, che insegna la dignit\u00e0 di ogni uomo e donna, ed esige di aprire i nostri cuori agli altri, specialmente ai poveri e ai bisognosi.<br \/>\nNel medesimo tempo, desidero visitare la Nazione con spirito di rispetto e incoraggiamento per ogni sforzo volto a costruire armonia e cooperazione nel servizio al bene comune. Noi viviamo in un tempo in cui i credenti e gli uomini di buona volont\u00e0 sentono sempre pi\u00f9 la necessit\u00e0 di crescere nella mutua comprensione e nel rispetto, e di sostenersi l\u2019un l\u2019altro come membri dell\u2019unica famiglia umana. Perch\u00e9 tutti siamo figli di Dio\u201d.<\/p>\n<div class=\"fluid-embed-container\"><iframe title=\"Amore e pace\" width=\"640\" height=\"360\" src=\"https:\/\/www.youtube.com\/embed\/ZAfteI0dELY?feature=oembed\" frameborder=\"0\" allow=\"accelerometer; autoplay; clipboard-write; encrypted-media; gyroscope; picture-in-picture; web-share\" referrerpolicy=\"strict-origin-when-cross-origin\" allowfullscreen><\/iframe><\/div>\n<p>&nbsp;<\/p>\n<p>&nbsp;<\/p>\n<p><strong>VIDEOMESSAGGIO DEL PAPA IN OCCASIONE DEL VIAGGIO APOSTOLICO IN BANGLADESH<\/strong><br \/>\n<a href=\"http:\/\/w2.vatican.va\/content\/francesco\/it\/messages\/pont-messages\/2017\/documents\/papa-francesco_20171121_videomessaggio-bangladesh.html\">Il testo integrale<\/a><\/p>\n<p><em>Armonia e pace<\/em><\/p>\n<p>\u201cLa mia visita intende confermare la comunit\u00e0 cattolica del Bangladesh nella sua fede e nella sua testimonianza del Vangelo, che insegna la dignit\u00e0 di ogni uomo e donna, e ci chiama ad aprire i nostri cuori agli altri, specialmente ai pi\u00f9 poveri e ai bisognosi.<br \/>\nNello stesso tempo desidero incontrare l\u2019intero popolo. In modo speciale non vedo l\u2019ora di incontrare i leader religiosi a Ramna. Noi viviamo in un tempo in cui i credenti e gli uomini di buona volont\u00e0 in ogni luogo sono chiamati a promuovere la reciproca comprensione e il rispetto, e a sostenersi l\u2019un l\u2019altro come membri dell\u2019unica famiglia umana\u201d.<\/p>\n<div class=\"fluid-embed-container\"><iframe title=\"Armonia e pace\" width=\"640\" height=\"360\" src=\"https:\/\/www.youtube.com\/embed\/DSFcUXCTSmk?feature=oembed\" frameborder=\"0\" allow=\"accelerometer; autoplay; clipboard-write; encrypted-media; gyroscope; picture-in-picture; web-share\" referrerpolicy=\"strict-origin-when-cross-origin\" allowfullscreen><\/iframe><\/div>\n<p>&nbsp;<\/p>\n<p>&nbsp;<\/p>\n<p><strong>SANTA MARTA del 24 novembre 2017<\/strong><\/p>\n<p><em>Francesco: le nostre chiese siano chiese di servizio, non supermercati<\/em><\/p>\n<p>\u201cIl pi\u00f9 importante tempio di Dio \u00e8 il nostro cuore, dice il Papa, dentro di noi abita lo Spirito Santo. Ma cosa succede nel mio cuore?<br \/>\n&#8220;Ho imparato a vigilare dentro di me, perch\u00e9 il tempio nel mio cuore sia solo per lo Spirito Santo? Purificare il tempio, il tempio interiore e vigilare. Stai attento, stai attenta: cosa succede nel tuo cuore? Chi viene, chi va \u2026 Quali sono i tuoi sentimenti, le tue idee? Tu parli con lo Spirito Santo? Ascolti lo Spirito Santo? Vigilare. Stare attenti a cosa succede nel tempio nostro, dentro di noi.&#8221;<\/p>\n<div class=\"fluid-embed-container\"><iframe title=\"Francesco: le nostre chiese siano chiese di servizio, non supermercati\" width=\"640\" height=\"360\" src=\"https:\/\/www.youtube.com\/embed\/81aaQL3BEZc?feature=oembed\" frameborder=\"0\" allow=\"accelerometer; autoplay; clipboard-write; encrypted-media; gyroscope; picture-in-picture; web-share\" referrerpolicy=\"strict-origin-when-cross-origin\" allowfullscreen><\/iframe><\/div>\n<p>&nbsp;<\/p>\n<p><strong>ALTRI APPUNTAMENTI DI OGGI:<\/strong><\/p>\n<ul>\n<li><a href=\"http:\/\/w2.vatican.va\/content\/francesco\/it\/events\/event.dir.html\/content\/vaticanevents\/it\/2017\/11\/24\/commissione-dialogoteologico.html\">Ai Membri della Commissione Mista per il dialogo teologico tra la Chiesa Cattolica e la Chiesa Assira dell&#8217;Oriente<\/a><\/li>\n<\/ul>\n<div class=\"fluid-embed-container\"><iframe title=\"Ai Membri della Commissione per il dialogo tra la Chiesa Cattolica e la Chiesa Assira dell&#039;Oriente\" width=\"640\" height=\"360\" src=\"https:\/\/www.youtube.com\/embed\/aHgjIbPKF5A?feature=oembed\" frameborder=\"0\" allow=\"accelerometer; autoplay; clipboard-write; encrypted-media; gyroscope; picture-in-picture; web-share\" referrerpolicy=\"strict-origin-when-cross-origin\" allowfullscreen><\/iframe><\/div>\n<ul>\n<li>\u00a0<a href=\"http:\/\/w2.vatican.va\/content\/francesco\/it\/messages\/peace\/documents\/papa-francesco_20171113_messaggio-51giornatamondiale-pace2018.html\">Messaggio per la 51.ma Giornata Mondiale della Pace<\/a><\/li>\n<li><a href=\"http:\/\/w2.vatican.va\/content\/francesco\/it\/letters\/2017\/documents\/papa-francesco_20171123_lettera-turkson-encicliche.html\">Lettera al cardinale Peter K. A. Turkson in occasione della Conferenza Internazionale &#8220;dalla\u00a0Populorum Progressio\u00a0alla\u00a0Laudato Si'&#8221;<\/a><\/li>\n<\/ul>\n<p>&nbsp;<\/p>\n<p><strong>La Fotogallery della puntata<\/strong><\/p>\n<div class=\"rgg-container\" data-rgg-id=\"1\">    <div class=\"rgg-imagegrid captions-title captions-effect-none \" data-rgg-id=\"1\">\n                    <a href=\"https:\/\/www.tv2000.it\/ildiariodipapafrancesco\/wp-content\/uploads\/sites\/20\/2017\/11\/WhatsApp-Image-2017-11-24-at-18.56.59-1024x768.jpeg\" data-rel=\"rgg\" rel=\"rgg\" title=\"\" class=\"rgg-simplelightbox size-thumbnail rgg-img\" data-src=\"https:\/\/www.tv2000.it\/ildiariodipapafrancesco\/wp-content\/uploads\/sites\/20\/2017\/11\/WhatsApp-Image-2017-11-24-at-18.56.59-150x150.jpeg\" data-ratio=\"1\" data-height=\"150\" data-width=\"150\" aria-label=\"\">\n                            <\/a>\n                    <a href=\"https:\/\/www.tv2000.it\/ildiariodipapafrancesco\/wp-content\/uploads\/sites\/20\/2017\/11\/WhatsApp-Image-2017-11-24-at-18.56.58-1024x768.jpeg\" data-rel=\"rgg\" rel=\"rgg\" title=\"\" class=\"rgg-simplelightbox size-thumbnail rgg-img\" data-src=\"https:\/\/www.tv2000.it\/ildiariodipapafrancesco\/wp-content\/uploads\/sites\/20\/2017\/11\/WhatsApp-Image-2017-11-24-at-18.56.58-150x150.jpeg\" data-ratio=\"1\" data-height=\"150\" data-width=\"150\" aria-label=\"\">\n                            <\/a>\n                    <a href=\"https:\/\/www.tv2000.it\/ildiariodipapafrancesco\/wp-content\/uploads\/sites\/20\/2017\/11\/WhatsApp-Image-2017-11-24-at-18.56.583-1024x768.jpeg\" data-rel=\"rgg\" rel=\"rgg\" title=\"\" class=\"rgg-simplelightbox size-thumbnail rgg-img\" data-src=\"https:\/\/www.tv2000.it\/ildiariodipapafrancesco\/wp-content\/uploads\/sites\/20\/2017\/11\/WhatsApp-Image-2017-11-24-at-18.56.583-150x150.jpeg\" data-ratio=\"1\" data-height=\"150\" data-width=\"150\" aria-label=\"\">\n                            <\/a>\n                    <a href=\"https:\/\/www.tv2000.it\/ildiariodipapafrancesco\/wp-content\/uploads\/sites\/20\/2017\/11\/WhatsApp-Image-2017-11-24-at-18.56.571-1024x768.jpeg\" data-rel=\"rgg\" rel=\"rgg\" title=\"\" class=\"rgg-simplelightbox size-thumbnail rgg-img\" data-src=\"https:\/\/www.tv2000.it\/ildiariodipapafrancesco\/wp-content\/uploads\/sites\/20\/2017\/11\/WhatsApp-Image-2017-11-24-at-18.56.571-150x150.jpeg\" data-ratio=\"1\" data-height=\"150\" data-width=\"150\" aria-label=\"\">\n                            <\/a>\n                    <a href=\"https:\/\/www.tv2000.it\/ildiariodipapafrancesco\/wp-content\/uploads\/sites\/20\/2017\/11\/WhatsApp-Image-2017-11-24-at-18.56.572-1024x768.jpeg\" data-rel=\"rgg\" rel=\"rgg\" title=\"\" class=\"rgg-simplelightbox size-thumbnail rgg-img\" data-src=\"https:\/\/www.tv2000.it\/ildiariodipapafrancesco\/wp-content\/uploads\/sites\/20\/2017\/11\/WhatsApp-Image-2017-11-24-at-18.56.572-150x150.jpeg\" data-ratio=\"1\" data-height=\"150\" data-width=\"150\" aria-label=\"\">\n                            <\/a>\n                    <a href=\"https:\/\/www.tv2000.it\/ildiariodipapafrancesco\/wp-content\/uploads\/sites\/20\/2017\/11\/WhatsApp-Image-2017-11-24-at-18.56.57-1024x768.jpeg\" data-rel=\"rgg\" rel=\"rgg\" title=\"\" class=\"rgg-simplelightbox size-thumbnail rgg-img\" data-src=\"https:\/\/www.tv2000.it\/ildiariodipapafrancesco\/wp-content\/uploads\/sites\/20\/2017\/11\/WhatsApp-Image-2017-11-24-at-18.56.57-150x150.jpeg\" data-ratio=\"1\" data-height=\"150\" data-width=\"150\" aria-label=\"\">\n                            <\/a>\n                    <a href=\"https:\/\/www.tv2000.it\/ildiariodipapafrancesco\/wp-content\/uploads\/sites\/20\/2017\/11\/WhatsApp-Image-2017-11-24-at-18.56.581-1024x768.jpeg\" data-rel=\"rgg\" rel=\"rgg\" title=\"\" class=\"rgg-simplelightbox size-thumbnail rgg-img\" data-src=\"https:\/\/www.tv2000.it\/ildiariodipapafrancesco\/wp-content\/uploads\/sites\/20\/2017\/11\/WhatsApp-Image-2017-11-24-at-18.56.581-150x150.jpeg\" data-ratio=\"1\" data-height=\"150\" data-width=\"150\" aria-label=\"\">\n                            <\/a>\n                    <a href=\"https:\/\/www.tv2000.it\/ildiariodipapafrancesco\/wp-content\/uploads\/sites\/20\/2017\/11\/WhatsApp-Image-2017-11-24-at-18.56.582-1024x768.jpeg\" data-rel=\"rgg\" rel=\"rgg\" title=\"\" class=\"rgg-simplelightbox size-thumbnail rgg-img\" data-src=\"https:\/\/www.tv2000.it\/ildiariodipapafrancesco\/wp-content\/uploads\/sites\/20\/2017\/11\/WhatsApp-Image-2017-11-24-at-18.56.582-150x150.jpeg\" data-ratio=\"1\" data-height=\"150\" data-width=\"150\" aria-label=\"\">\n                            <\/a>\n            <\/div>\n<\/div>\n","protected":false},"excerpt":{"rendered":"Puntata dedicata al viaggio in Asia che Francesco compir\u00e0 tra due giorni, in due paesi poverissimi dove in cristiani sono minoranza: Myanmar e Bangladesh. In studio con padre Francesco Rapacioli, missionario del Pime, abbiamo ascoltato i videomessaggi che il Papa ha inviato alle popolazioni cui far\u00e0 visita e ci siamo collegati con l\u2019inviato Vito D\u2019Ettorre [&hellip;]","protected":false},"author":6,"featured_media":4874,"comment_status":"open","ping_status":"open","sticky":false,"template":"","format":"standard","meta":{"_acf_changed":false,"footnotes":""},"categories":[131,145],"tags":[41,95],"class_list":["post-4862","post","type-post","status-publish","format-standard","has-post-thumbnail","hentry","category-puntate-dal-2017-al-2020","category-viaggi","tag-papafrancesco","tag-viaggipapa"],"acf":[],"aioseo_notices":[],"featured_image_url":"https:\/\/www.tv2000.it\/ildiariodipapafrancesco\/wp-content\/uploads\/sites\/20\/2017\/11\/WhatsApp-Image-2017-11-24-at-18.56.58-1024x768.jpeg","_links":{"self":[{"href":"https:\/\/www.tv2000.it\/ildiariodipapafrancesco\/wp-json\/wp\/v2\/posts\/4862","targetHints":{"allow":["GET"]}}],"collection":[{"href":"https:\/\/www.tv2000.it\/ildiariodipapafrancesco\/wp-json\/wp\/v2\/posts"}],"about":[{"href":"https:\/\/www.tv2000.it\/ildiariodipapafrancesco\/wp-json\/wp\/v2\/types\/post"}],"author":[{"embeddable":true,"href":"https:\/\/www.tv2000.it\/ildiariodipapafrancesco\/wp-json\/wp\/v2\/users\/6"}],"replies":[{"embeddable":true,"href":"https:\/\/www.tv2000.it\/ildiariodipapafrancesco\/wp-json\/wp\/v2\/comments?post=4862"}],"version-history":[{"count":2,"href":"https:\/\/www.tv2000.it\/ildiariodipapafrancesco\/wp-json\/wp\/v2\/posts\/4862\/revisions"}],"predecessor-version":[{"id":4878,"href":"https:\/\/www.tv2000.it\/ildiariodipapafrancesco\/wp-json\/wp\/v2\/posts\/4862\/revisions\/4878"}],"wp:featuredmedia":[{"embeddable":true,"href":"https:\/\/www.tv2000.it\/ildiariodipapafrancesco\/wp-json\/wp\/v2\/media\/4874"}],"wp:attachment":[{"href":"https:\/\/www.tv2000.it\/ildiariodipapafrancesco\/wp-json\/wp\/v2\/media?parent=4862"}],"wp:term":[{"taxonomy":"category","embeddable":true,"href":"https:\/\/www.tv2000.it\/ildiariodipapafrancesco\/wp-json\/wp\/v2\/categories?post=4862"},{"taxonomy":"post_tag","embeddable":true,"href":"https:\/\/www.tv2000.it\/ildiariodipapafrancesco\/wp-json\/wp\/v2\/tags?post=4862"}],"curies":[{"name":"wp","href":"https:\/\/api.w.org\/{rel}","templated":true}]}}