{"id":4979,"date":"2017-12-01T19:28:26","date_gmt":"2017-12-01T18:28:26","guid":{"rendered":"http:\/\/www.tv2000.it\/ildiariodipapafrancesco\/?p=4979"},"modified":"2019-11-19T16:26:04","modified_gmt":"2019-11-19T15:26:04","slug":"quinto-giorno-la-messa-e-lincontro-con-le-altre-religioni","status":"publish","type":"post","link":"https:\/\/www.tv2000.it\/ildiariodipapafrancesco\/2017\/12\/01\/quinto-giorno-la-messa-e-lincontro-con-le-altre-religioni\/","title":{"rendered":"Quinto giorno <br> LA MESSA E L\u2019INCONTRO CON LE ALTRE RELIGIONI"},"content":{"rendered":"<p>Nella secondo giorno in Bangladesh Papa Francesco ha celebrato la <a href=\"http:\/\/press.vatican.va\/content\/salastampa\/it\/bollettino\/pubblico\/2017\/12\/01\/0849\/01797.html\"><strong>Santa Messa,<\/strong> nel Suhrawardy Udyan Park di Dhaka<\/a>, \u00a0e ha <a href=\"http:\/\/w2.vatican.va\/content\/francesco\/it\/events\/event.dir.html\/content\/vaticanevents\/it\/2017\/12\/1\/messa-dhaka-ordinazionepresbiterale.html\">ordinato 16 sacerdoti<\/a>.<\/p>\n<p>Nel pomeriggio invece,<a href=\"http:\/\/w2.vatican.va\/content\/francesco\/it\/events\/event.dir.html\/content\/vaticanevents\/it\/2017\/12\/1\/incontro-vescovibangladesh.html\"> l\u2019incontro con i<strong> Vescovi <\/strong><\/a>cui il Papa ha indicato le priorit\u00e0 della missione della Chiesa in Bangladesh.<\/p>\n<p>Subito dopo l\u2019incontro interreligioso ed ecumenico per la pace, durante il quale Francesco <a href=\"http:\/\/w2.vatican.va\/content\/francesco\/it\/events\/event.dir.html\/content\/vaticanevents\/it\/2017\/12\/1\/incontropace-bangladesh.html\">ha invitato a promuovere la cultura dell\u2019incontro<\/a>, non basta ha detto la tolleranza tra le religioni ma bisogna saper cooperare.<\/p>\n<h2><\/h2>\n<p>A fine incontro non \u00e8 mancato l\u2019atteso fuori programma del papa che ha incontrato una rappresentanza di profughi Rohingya, fuggiti dal Myanmar. Il Papa, commosso, ha detto: \u201cA nome di tutti quelli che vi hanno perseguitato, che vi hanno fatto del male, <strong>chiedo perdono.<\/strong> La presenza di Dio oggi si chiama anche Rohingya\u201d.<\/p>\n<p><strong>\u00a0<\/strong><\/p>\n<p><strong>Il racconto live della giornata \u00e8 guidato da Gennaro Ferrara insieme agli ospiti in studio:<\/strong><\/p>\n<p><strong>Izzedin Elzir, <\/strong>Presidente Ucoii,<\/p>\n<p><strong>Don Jewel J. Mcfield, <\/strong>Diocesi di Khulna<\/p>\n<p><strong>Riccardo Noury, <\/strong>Portavoce di Amnesty International Italia<\/p>\n<p><strong>Jacopo Scaramuzzi,\u00a0<\/strong>Askanews<\/p>\n<div class=\"fluid-embed-container\"><iframe title=\"Quinto giorno - LA MESSA E L\u2019INCONTRO CON LE ALTRE RELIGIONI\" width=\"640\" height=\"360\" src=\"https:\/\/www.youtube.com\/embed\/JOI30tfCQN4?feature=oembed\" frameborder=\"0\" allow=\"accelerometer; autoplay; clipboard-write; encrypted-media; gyroscope; picture-in-picture; web-share\" referrerpolicy=\"strict-origin-when-cross-origin\" allowfullscreen><\/iframe><\/div>\n<p>&nbsp;<\/p>\n<p><strong>Santa Messa e Ordinazione Presbiterale di Dhaka<\/strong><\/p>\n<p><em>Papa:<\/em> Adesso voglio rivolgermi a voi, cari fratelli e sorelle che siete venuti a questa festa, a questa grande festa di Dio nell\u2019Ordinazione di questi fratelli sacerdoti. So che tanti di voi siete venuti da lontano, con un viaggio di pi\u00f9 di due giorni\u2026 Grazie per la vostra generosit\u00e0! Questo indica l\u2019amore che voi avete per la Chiesa, questo indica l\u2019amore che voi avete per Ges\u00f9 Cristo. Grazie tante! Grazie tante per la vostra generosit\u00e0, grazie tante per la vostra fedelt\u00e0. Andate avanti, con lo spirito delle Beatitudini.<\/p>\n<div class=\"fluid-embed-container\"><iframe title=\"Santa Messa e Ordinazione Presbiterale di Dhaka\" width=\"640\" height=\"360\" src=\"https:\/\/www.youtube.com\/embed\/vYBbKK2p6o8?feature=oembed\" frameborder=\"0\" allow=\"accelerometer; autoplay; clipboard-write; encrypted-media; gyroscope; picture-in-picture; web-share\" referrerpolicy=\"strict-origin-when-cross-origin\" allowfullscreen><\/iframe><\/div>\n<p>&nbsp;<\/p>\n<p><strong>Incontro Interreligioso ed Ecumenico per la pace<\/strong><\/p>\n<p><em>Papa:<\/em> Possa il nostro incontro di questo pomeriggio essere un chiaro segno degli sforzi dei leader e dei seguaci delle religioni presenti in questo Paese a vivere insieme nel rispetto reciproco e nella buona volont\u00e0. In Bangladesh, dove il diritto alla libert\u00e0 religiosa \u00e8 un principio fondamentale, questo impegno sia un richiamo rispettoso ma fermo a chi cercher\u00e0 di fomentare divisione, odio e violenza in nome della religione.<\/p>\n<div class=\"fluid-embed-container\"><iframe title=\"Incontro Interreligioso ed Ecumenico per la pace\" width=\"640\" height=\"360\" src=\"https:\/\/www.youtube.com\/embed\/u4rG7dlwHQI?feature=oembed\" frameborder=\"0\" allow=\"accelerometer; autoplay; clipboard-write; encrypted-media; gyroscope; picture-in-picture; web-share\" referrerpolicy=\"strict-origin-when-cross-origin\" allowfullscreen><\/iframe><\/div>\n<p>&nbsp;<\/p>\n<p><strong>IN EVIDENZA<\/strong><\/p>\n<p><strong>Il papa pronuncia la parola Rohingya<\/strong><\/p>\n<p>&nbsp;<\/p>\n<div class=\"fluid-embed-container\"><iframe title=\"Il papa pronuncia la parola Rohingya\" width=\"640\" height=\"360\" src=\"https:\/\/www.youtube.com\/embed\/fIYAhDTZDUk?feature=oembed\" frameborder=\"0\" allow=\"accelerometer; autoplay; clipboard-write; encrypted-media; gyroscope; picture-in-picture; web-share\" referrerpolicy=\"strict-origin-when-cross-origin\" allowfullscreen><\/iframe><\/div>\n<p>&nbsp;<\/p>\n<p>&nbsp;<\/p>\n<p>Il punto sulla quinta giornata di viaggio in Myanmar e Bangladesh \u00e8 affidato a Nicola Ferrante insieme agli ospiti in studio: <strong>Sara Foschi <\/strong>Missionaria laica della Comunit\u00e0 Giovanni XXIII, <strong>Andrea Iacomini <\/strong>Portavoce Unicef Italia,\u00a0 <strong>Don Luca Monti <\/strong>Parroco di Santa Lucia di Serino (Avellino) e <strong>Padre Alessandro Ratti <\/strong>Francescano conventuale \u2013 Padova.<\/p>\n<div class=\"fluid-embed-container\"><iframe title=\"Quinto giorno   LA MESSA E L\u2019INCONTRO CON LE ALTRE RELIGIONI seconda parte\" width=\"640\" height=\"360\" src=\"https:\/\/www.youtube.com\/embed\/4UTL4q26bOQ?feature=oembed\" frameborder=\"0\" allow=\"accelerometer; autoplay; clipboard-write; encrypted-media; gyroscope; picture-in-picture; web-share\" referrerpolicy=\"strict-origin-when-cross-origin\" allowfullscreen><\/iframe><\/div>\n<p>&nbsp;<\/p>\n<p>&nbsp;<\/p>\n<p><strong>La fotogallery della puntata<\/strong><\/p>\n<div class=\"rgg-container\" data-rgg-id=\"1\">    <div class=\"rgg-imagegrid captions-title captions-effect-none \" data-rgg-id=\"1\">\n                    <a href=\"https:\/\/www.tv2000.it\/ildiariodipapafrancesco\/wp-content\/uploads\/sites\/20\/2017\/12\/WhatsApp-Image-2017-12-01-at-16.47.04-1024x576.jpeg\" data-rel=\"rgg\" rel=\"rgg\" title=\"\" class=\"rgg-simplelightbox size-thumbnail rgg-img\" data-src=\"https:\/\/www.tv2000.it\/ildiariodipapafrancesco\/wp-content\/uploads\/sites\/20\/2017\/12\/WhatsApp-Image-2017-12-01-at-16.47.04-150x150.jpeg\" data-ratio=\"1\" data-height=\"150\" data-width=\"150\" aria-label=\"\">\n                            <\/a>\n                    <a href=\"https:\/\/www.tv2000.it\/ildiariodipapafrancesco\/wp-content\/uploads\/sites\/20\/2017\/12\/WhatsApp-Image-2017-12-01-at-16.47.49-1024x576.jpeg\" data-rel=\"rgg\" rel=\"rgg\" title=\"\" class=\"rgg-simplelightbox size-thumbnail rgg-img\" data-src=\"https:\/\/www.tv2000.it\/ildiariodipapafrancesco\/wp-content\/uploads\/sites\/20\/2017\/12\/WhatsApp-Image-2017-12-01-at-16.47.49-150x150.jpeg\" data-ratio=\"1\" data-height=\"150\" data-width=\"150\" aria-label=\"\">\n                            <\/a>\n                    <a href=\"https:\/\/www.tv2000.it\/ildiariodipapafrancesco\/wp-content\/uploads\/sites\/20\/2017\/12\/WhatsApp-Image-2017-12-01-at-16.48.341-1024x576.jpeg\" data-rel=\"rgg\" rel=\"rgg\" title=\"\" class=\"rgg-simplelightbox size-thumbnail rgg-img\" data-src=\"https:\/\/www.tv2000.it\/ildiariodipapafrancesco\/wp-content\/uploads\/sites\/20\/2017\/12\/WhatsApp-Image-2017-12-01-at-16.48.341-150x150.jpeg\" data-ratio=\"1\" data-height=\"150\" data-width=\"150\" aria-label=\"\">\n                            <\/a>\n                    <a href=\"https:\/\/www.tv2000.it\/ildiariodipapafrancesco\/wp-content\/uploads\/sites\/20\/2017\/12\/WhatsApp-Image-2017-12-01-at-16.48.342-1024x576.jpeg\" data-rel=\"rgg\" rel=\"rgg\" title=\"\" class=\"rgg-simplelightbox size-thumbnail rgg-img\" data-src=\"https:\/\/www.tv2000.it\/ildiariodipapafrancesco\/wp-content\/uploads\/sites\/20\/2017\/12\/WhatsApp-Image-2017-12-01-at-16.48.342-150x150.jpeg\" data-ratio=\"1\" data-height=\"150\" data-width=\"150\" aria-label=\"\">\n                            <\/a>\n                    <a href=\"https:\/\/www.tv2000.it\/ildiariodipapafrancesco\/wp-content\/uploads\/sites\/20\/2017\/12\/WhatsApp-Image-2017-12-01-at-16.48.34-1024x576.jpeg\" data-rel=\"rgg\" rel=\"rgg\" title=\"\" class=\"rgg-simplelightbox size-thumbnail rgg-img\" data-src=\"https:\/\/www.tv2000.it\/ildiariodipapafrancesco\/wp-content\/uploads\/sites\/20\/2017\/12\/WhatsApp-Image-2017-12-01-at-16.48.34-150x150.jpeg\" data-ratio=\"1\" data-height=\"150\" data-width=\"150\" aria-label=\"\">\n                            <\/a>\n                    <a href=\"https:\/\/www.tv2000.it\/ildiariodipapafrancesco\/wp-content\/uploads\/sites\/20\/2017\/12\/WhatsApp-Image-2017-12-01-at-16.49.44-1024x576.jpeg\" data-rel=\"rgg\" rel=\"rgg\" title=\"\" class=\"rgg-simplelightbox size-thumbnail rgg-img\" data-src=\"https:\/\/www.tv2000.it\/ildiariodipapafrancesco\/wp-content\/uploads\/sites\/20\/2017\/12\/WhatsApp-Image-2017-12-01-at-16.49.44-150x150.jpeg\" data-ratio=\"1\" data-height=\"150\" data-width=\"150\" aria-label=\"\">\n                            <\/a>\n                    <a href=\"https:\/\/www.tv2000.it\/ildiariodipapafrancesco\/wp-content\/uploads\/sites\/20\/2017\/12\/WhatsApp-Image-2017-12-01-at-16.50.53-1024x768.jpeg\" data-rel=\"rgg\" rel=\"rgg\" title=\"\" class=\"rgg-simplelightbox size-thumbnail rgg-img\" data-src=\"https:\/\/www.tv2000.it\/ildiariodipapafrancesco\/wp-content\/uploads\/sites\/20\/2017\/12\/WhatsApp-Image-2017-12-01-at-16.50.53-150x150.jpeg\" data-ratio=\"1\" data-height=\"150\" data-width=\"150\" aria-label=\"\">\n                            <\/a>\n                    <a href=\"https:\/\/www.tv2000.it\/ildiariodipapafrancesco\/wp-content\/uploads\/sites\/20\/2017\/12\/WhatsApp-Image-2017-12-01-at-16.52.021-1024x576.jpeg\" data-rel=\"rgg\" rel=\"rgg\" title=\"\" class=\"rgg-simplelightbox size-thumbnail rgg-img\" data-src=\"https:\/\/www.tv2000.it\/ildiariodipapafrancesco\/wp-content\/uploads\/sites\/20\/2017\/12\/WhatsApp-Image-2017-12-01-at-16.52.021-150x150.jpeg\" data-ratio=\"1\" data-height=\"150\" data-width=\"150\" aria-label=\"\">\n                            <\/a>\n                    <a href=\"https:\/\/www.tv2000.it\/ildiariodipapafrancesco\/wp-content\/uploads\/sites\/20\/2017\/12\/WhatsApp-Image-2017-12-01-at-16.52.02-1024x576.jpeg\" data-rel=\"rgg\" rel=\"rgg\" title=\"\" class=\"rgg-simplelightbox size-thumbnail rgg-img\" data-src=\"https:\/\/www.tv2000.it\/ildiariodipapafrancesco\/wp-content\/uploads\/sites\/20\/2017\/12\/WhatsApp-Image-2017-12-01-at-16.52.02-150x150.jpeg\" data-ratio=\"1\" data-height=\"150\" data-width=\"150\" aria-label=\"\">\n                            <\/a>\n                    <a href=\"https:\/\/www.tv2000.it\/ildiariodipapafrancesco\/wp-content\/uploads\/sites\/20\/2017\/12\/WhatsApp-Image-2017-12-01-at-16.52.031-1024x576.jpeg\" data-rel=\"rgg\" rel=\"rgg\" title=\"\" class=\"rgg-simplelightbox size-thumbnail rgg-img\" data-src=\"https:\/\/www.tv2000.it\/ildiariodipapafrancesco\/wp-content\/uploads\/sites\/20\/2017\/12\/WhatsApp-Image-2017-12-01-at-16.52.031-150x150.jpeg\" data-ratio=\"1\" data-height=\"150\" data-width=\"150\" aria-label=\"\">\n                            <\/a>\n                    <a href=\"https:\/\/www.tv2000.it\/ildiariodipapafrancesco\/wp-content\/uploads\/sites\/20\/2017\/12\/WhatsApp-Image-2017-12-01-at-16.52.032-1024x576.jpeg\" data-rel=\"rgg\" rel=\"rgg\" title=\"\" class=\"rgg-simplelightbox size-thumbnail rgg-img\" data-src=\"https:\/\/www.tv2000.it\/ildiariodipapafrancesco\/wp-content\/uploads\/sites\/20\/2017\/12\/WhatsApp-Image-2017-12-01-at-16.52.032-150x150.jpeg\" data-ratio=\"1\" data-height=\"150\" data-width=\"150\" aria-label=\"\">\n                            <\/a>\n                    <a href=\"https:\/\/www.tv2000.it\/ildiariodipapafrancesco\/wp-content\/uploads\/sites\/20\/2017\/12\/WhatsApp-Image-2017-12-01-at-16.52.03-1024x576.jpeg\" data-rel=\"rgg\" rel=\"rgg\" title=\"\" class=\"rgg-simplelightbox size-thumbnail rgg-img\" data-src=\"https:\/\/www.tv2000.it\/ildiariodipapafrancesco\/wp-content\/uploads\/sites\/20\/2017\/12\/WhatsApp-Image-2017-12-01-at-16.52.03-150x150.jpeg\" data-ratio=\"1\" data-height=\"150\" data-width=\"150\" aria-label=\"\">\n                            <\/a>\n                    <a href=\"https:\/\/www.tv2000.it\/ildiariodipapafrancesco\/wp-content\/uploads\/sites\/20\/2017\/12\/WhatsApp-Image-2017-12-01-at-16.53.071-1024x576.jpeg\" data-rel=\"rgg\" rel=\"rgg\" title=\"\" class=\"rgg-simplelightbox size-thumbnail rgg-img\" data-src=\"https:\/\/www.tv2000.it\/ildiariodipapafrancesco\/wp-content\/uploads\/sites\/20\/2017\/12\/WhatsApp-Image-2017-12-01-at-16.53.071-150x150.jpeg\" data-ratio=\"1\" data-height=\"150\" data-width=\"150\" aria-label=\"\">\n                            <\/a>\n                    <a href=\"https:\/\/www.tv2000.it\/ildiariodipapafrancesco\/wp-content\/uploads\/sites\/20\/2017\/12\/WhatsApp-Image-2017-12-01-at-16.53.07-1024x576.jpeg\" data-rel=\"rgg\" rel=\"rgg\" title=\"\" class=\"rgg-simplelightbox size-thumbnail rgg-img\" data-src=\"https:\/\/www.tv2000.it\/ildiariodipapafrancesco\/wp-content\/uploads\/sites\/20\/2017\/12\/WhatsApp-Image-2017-12-01-at-16.53.07-150x150.jpeg\" data-ratio=\"1\" data-height=\"150\" data-width=\"150\" aria-label=\"\">\n                            <\/a>\n                    <a href=\"https:\/\/www.tv2000.it\/ildiariodipapafrancesco\/wp-content\/uploads\/sites\/20\/2017\/12\/WhatsApp-Image-2017-12-01-at-16.53.081-1024x576.jpeg\" data-rel=\"rgg\" rel=\"rgg\" title=\"\" class=\"rgg-simplelightbox size-thumbnail rgg-img\" data-src=\"https:\/\/www.tv2000.it\/ildiariodipapafrancesco\/wp-content\/uploads\/sites\/20\/2017\/12\/WhatsApp-Image-2017-12-01-at-16.53.081-150x150.jpeg\" data-ratio=\"1\" data-height=\"150\" data-width=\"150\" aria-label=\"\">\n                            <\/a>\n                    <a href=\"https:\/\/www.tv2000.it\/ildiariodipapafrancesco\/wp-content\/uploads\/sites\/20\/2017\/12\/WhatsApp-Image-2017-12-01-at-16.53.08-1024x576.jpeg\" data-rel=\"rgg\" rel=\"rgg\" title=\"\" class=\"rgg-simplelightbox size-thumbnail rgg-img\" data-src=\"https:\/\/www.tv2000.it\/ildiariodipapafrancesco\/wp-content\/uploads\/sites\/20\/2017\/12\/WhatsApp-Image-2017-12-01-at-16.53.08-150x150.jpeg\" data-ratio=\"1\" data-height=\"150\" data-width=\"150\" aria-label=\"\">\n                            <\/a>\n                    <a href=\"https:\/\/www.tv2000.it\/ildiariodipapafrancesco\/wp-content\/uploads\/sites\/20\/2017\/12\/WhatsApp-Image-2017-12-01-at-16.53.091-1024x576.jpeg\" data-rel=\"rgg\" rel=\"rgg\" title=\"\" class=\"rgg-simplelightbox size-thumbnail rgg-img\" data-src=\"https:\/\/www.tv2000.it\/ildiariodipapafrancesco\/wp-content\/uploads\/sites\/20\/2017\/12\/WhatsApp-Image-2017-12-01-at-16.53.091-150x150.jpeg\" data-ratio=\"1\" data-height=\"150\" data-width=\"150\" aria-label=\"\">\n                            <\/a>\n                    <a href=\"https:\/\/www.tv2000.it\/ildiariodipapafrancesco\/wp-content\/uploads\/sites\/20\/2017\/12\/WhatsApp-Image-2017-12-01-at-16.53.092-1024x576.jpeg\" data-rel=\"rgg\" rel=\"rgg\" title=\"\" class=\"rgg-simplelightbox size-thumbnail rgg-img\" data-src=\"https:\/\/www.tv2000.it\/ildiariodipapafrancesco\/wp-content\/uploads\/sites\/20\/2017\/12\/WhatsApp-Image-2017-12-01-at-16.53.092-150x150.jpeg\" data-ratio=\"1\" data-height=\"150\" data-width=\"150\" aria-label=\"\">\n                            <\/a>\n                    <a href=\"https:\/\/www.tv2000.it\/ildiariodipapafrancesco\/wp-content\/uploads\/sites\/20\/2017\/12\/WhatsApp-Image-2017-12-01-at-16.53.09-1024x576.jpeg\" data-rel=\"rgg\" rel=\"rgg\" title=\"\" class=\"rgg-simplelightbox size-thumbnail rgg-img\" data-src=\"https:\/\/www.tv2000.it\/ildiariodipapafrancesco\/wp-content\/uploads\/sites\/20\/2017\/12\/WhatsApp-Image-2017-12-01-at-16.53.09-150x150.jpeg\" data-ratio=\"1\" data-height=\"150\" data-width=\"150\" aria-label=\"\">\n                            <\/a>\n            <\/div>\n<\/div>\n","protected":false},"excerpt":{"rendered":"Nella secondo giorno in Bangladesh Papa Francesco ha celebrato la Santa Messa, nel Suhrawardy Udyan Park di Dhaka, \u00a0e ha ordinato 16 sacerdoti. Nel pomeriggio invece, l\u2019incontro con i Vescovi cui il Papa ha indicato le priorit\u00e0 della missione della Chiesa in Bangladesh. Subito dopo l\u2019incontro interreligioso ed ecumenico per la pace, durante il quale [&hellip;]","protected":false},"author":6,"featured_media":4984,"comment_status":"open","ping_status":"open","sticky":false,"template":"","format":"standard","meta":{"_acf_changed":false,"footnotes":""},"categories":[131,145],"tags":[41,95],"class_list":["post-4979","post","type-post","status-publish","format-standard","has-post-thumbnail","hentry","category-puntate-dal-2017-al-2020","category-viaggi","tag-papafrancesco","tag-viaggipapa"],"acf":[],"aioseo_notices":[],"featured_image_url":"https:\/\/www.tv2000.it\/ildiariodipapafrancesco\/wp-content\/uploads\/sites\/20\/2017\/12\/WhatsApp-Image-2017-12-01-at-16.47.04-1024x576.jpeg","_links":{"self":[{"href":"https:\/\/www.tv2000.it\/ildiariodipapafrancesco\/wp-json\/wp\/v2\/posts\/4979","targetHints":{"allow":["GET"]}}],"collection":[{"href":"https:\/\/www.tv2000.it\/ildiariodipapafrancesco\/wp-json\/wp\/v2\/posts"}],"about":[{"href":"https:\/\/www.tv2000.it\/ildiariodipapafrancesco\/wp-json\/wp\/v2\/types\/post"}],"author":[{"embeddable":true,"href":"https:\/\/www.tv2000.it\/ildiariodipapafrancesco\/wp-json\/wp\/v2\/users\/6"}],"replies":[{"embeddable":true,"href":"https:\/\/www.tv2000.it\/ildiariodipapafrancesco\/wp-json\/wp\/v2\/comments?post=4979"}],"version-history":[{"count":1,"href":"https:\/\/www.tv2000.it\/ildiariodipapafrancesco\/wp-json\/wp\/v2\/posts\/4979\/revisions"}],"predecessor-version":[{"id":5004,"href":"https:\/\/www.tv2000.it\/ildiariodipapafrancesco\/wp-json\/wp\/v2\/posts\/4979\/revisions\/5004"}],"wp:featuredmedia":[{"embeddable":true,"href":"https:\/\/www.tv2000.it\/ildiariodipapafrancesco\/wp-json\/wp\/v2\/media\/4984"}],"wp:attachment":[{"href":"https:\/\/www.tv2000.it\/ildiariodipapafrancesco\/wp-json\/wp\/v2\/media?parent=4979"}],"wp:term":[{"taxonomy":"category","embeddable":true,"href":"https:\/\/www.tv2000.it\/ildiariodipapafrancesco\/wp-json\/wp\/v2\/categories?post=4979"},{"taxonomy":"post_tag","embeddable":true,"href":"https:\/\/www.tv2000.it\/ildiariodipapafrancesco\/wp-json\/wp\/v2\/tags?post=4979"}],"curies":[{"name":"wp","href":"https:\/\/api.w.org\/{rel}","templated":true}]}}