{"id":5289,"date":"2017-12-29T14:49:26","date_gmt":"2017-12-29T13:49:26","guid":{"rendered":"http:\/\/www.tv2000.it\/ildiariodipapafrancesco\/?p=5289"},"modified":"2022-05-16T12:27:36","modified_gmt":"2022-05-16T10:27:36","slug":"secondo-lo-spirito-padre-ivan-rupnik-28122017","status":"publish","type":"post","link":"https:\/\/www.tv2000.it\/ildiariodipapafrancesco\/2017\/12\/29\/secondo-lo-spirito-padre-ivan-rupnik-28122017\/","title":{"rendered":"SECONDO LO SPIRITO <br> Padre Ivan Rupnik 28\/12\/2017"},"content":{"rendered":"<p>L\u2019ospite di oggi \u00e8 stato padre Marco Ivan Rupnik, teologo e artista, autore tra l\u2019altro dell\u2019immagine simbolo del giubileo della misericordia. Con lui abbiamo parlato del compito della teologia nella Chiesa di papa Francesco e di cosa significhi vivere secondo lo Spirito, lo abbiamo fatto a partire da quello che&nbsp;<a href=\"http:\/\/press.vatican.va\/content\/salastampa\/it\/bollettino\/pubblico\/2015\/11\/10\/0870\/01931.html\">il Papa ha detto alla Chiesa italiana riunita a Firenze<\/a>.<\/p>\n<p>Nella seconda parte abbiamo riflettuto su cosa significhi per ciascuno di noi vivere in una Chiesa in Uscita, prendendo spunto&nbsp;<a href=\"https:\/\/press.vatican.va\/content\/salastampa\/it\/bollettino\/pubblico\/2016\/08\/10\/0580\/01289.html\">dalle parole dette da Francesco in un\u2019udienza dell\u2019agosto<\/a>&nbsp;dello scorso anno.<\/p>\n<div class=\"fluid-embed-container\"><iframe title=\"SECONDO LO SPIRITO Padre Ivan Rupnik 28\/12\/17\" width=\"640\" height=\"360\" src=\"https:\/\/www.youtube.com\/embed\/xhlf6cTzqCY?feature=oembed\" frameborder=\"0\" allow=\"accelerometer; autoplay; clipboard-write; encrypted-media; gyroscope; picture-in-picture; web-share\" referrerpolicy=\"strict-origin-when-cross-origin\" allowfullscreen><\/iframe><\/div>\n<p><strong>IN EVIDENZA<\/strong><\/p>\n<table cellspacing=\"\u201d50\u2033\">\n<tbody>\n<tr>\n<td><strong>LA TENTAZIONE DI SALVARE SE STESSI<\/strong><\/td>\n<td><strong>ANDARE VERSO L\u2019ALTRO: UNA RISURREZIONE<\/strong><\/td>\n<\/tr>\n<tr>\n<td><iframe src=\"https:\/\/www.youtube.com\/embed\/ZKqWnvn43WI\" width=\"300\" height=\"200\" frameborder=\"0\" allowfullscreen=\"allowfullscreen\"><\/iframe><\/td>\n<td><iframe src=\"https:\/\/www.youtube.com\/embed\/Fm_S7KRKjtU\" width=\"300\" height=\"200\" frameborder=\"0\" allowfullscreen=\"allowfullscreen\"><\/iframe><\/td>\n<\/tr>\n<\/tbody>\n<\/table>\n<p>&nbsp;<\/p>\n<p>Il pelagianesimo ci porta ad avere fiducia nelle strutture, nelle organizzazioni, nelle pianificazioni perfette perch\u00e9 astratte. Spesso ci porta pure ad assumere uno stile di controllo, di durezza, di normativit\u00e0. La norma d\u00e0 al pelagiano la sicurezza di sentirsi superiore, di avere un orientamento preciso. In questo trova la sua forza, non nella leggerezza del soffio dello Spirito. La dottrina cristiana non \u00e8 un sistema chiuso incapace di generare domande, dubbi, interrogativi, ma \u00e8 viva, sa inquietare, sa animare. <em>Una seconda tentazione da sconfiggere \u00e8 quella dello gnosticismo.&nbsp;<\/em>Essa porta a confidare nel ragionamento logico e chiaro, il quale per\u00f2 perde la tenerezza della carne del fratello. Il fascino dello gnosticismo \u00e8 quello di \u00abuna fede rinchiusa nel soggettivismo, dove interessa unicamente una determinata esperienza o una serie di ragionamenti e conoscenze che si ritiene possano confortare e illuminare, ma dove il soggetto in definitiva rimane chiuso nell\u2019immanenza della sua propria ragione o dei suoi sentimenti\u00bb (<em>Evangelii gaudium<\/em>, 94). Lo gnosticismo non pu\u00f2 trascendere.<\/p>\n<div class=\"fluid-embed-container\"><iframe title=\"Papa Francesco in un\u2019udienza di agosto\" width=\"640\" height=\"360\" src=\"https:\/\/www.youtube.com\/embed\/0s9CHxoG1xc?feature=oembed\" frameborder=\"0\" allow=\"accelerometer; autoplay; clipboard-write; encrypted-media; gyroscope; picture-in-picture; web-share\" referrerpolicy=\"strict-origin-when-cross-origin\" allowfullscreen><\/iframe><\/div>\n<p>&nbsp;<\/p>\n<p>Se leggete con attenzione eg vedrete che parla sempre di crescita e maturazione\u2026 sia nelle fede, che nell\u2019amore che nella solidariet\u00e0, eg ha una prospettiva dinamica. il mandato missionario del signore comprende l\u2019appello alla crescita della fede quando indica insegnando loro a osservare tutto ci\u00f2 che vi ho comandato\u201d cos\u00ec appare chiaro che il primo annuncio deve dare luogo anche a un cammino di formazione e di maturazione. cammino di formazione maturazione: prendere questo sul serio implica che non sarebbe corretto interpretare questo appello alla crescita esclusivamente come formazione meramente dottrinale. la crescita avviene attraverso gli incontri con il signore nel corso della vita. questi incontri si custodiscono come tesoro nella memoria e sono la nostra fede viva in una storia di salvezza personale. la crescita nella fede avviene soltanto quando ci incontriamo con il Signore.<\/p>\n<p>Teniamo ben presente che progredire nella fede non \u00e8 soltanto un fatto volontaristico di credere pi\u00f9 da qui innanzi. e\u2019 anche esercizio di ritornare con la memoria alle grazie fondamentali. si progredisce ritornando. Un cuore missionario \u00e8 consapevole che egli stesso deve crescere nella comprensione del vangelo, dei sentieri dello spirito. e allora non rinuncia al bene possibile, ma corre il rischio di sporcarsi con il fango della strada.<\/p>\n<div class=\"fluid-embed-container\"><iframe title=\"Papa Francesco alla Chiesa italiana riunita a Firenze\" width=\"640\" height=\"360\" src=\"https:\/\/www.youtube.com\/embed\/kcGZlBLAd-E?feature=oembed\" frameborder=\"0\" allow=\"accelerometer; autoplay; clipboard-write; encrypted-media; gyroscope; picture-in-picture; web-share\" referrerpolicy=\"strict-origin-when-cross-origin\" allowfullscreen><\/iframe><\/div>\n","protected":false},"excerpt":{"rendered":"L\u2019ospite di oggi \u00e8 stato padre Marco Ivan Rupnik, teologo e artista, autore tra l\u2019altro dell\u2019immagine simbolo del giubileo della misericordia. Con lui abbiamo parlato del compito della teologia nella Chiesa di papa Francesco e di cosa significhi vivere secondo lo Spirito, lo abbiamo fatto a partire da quello che&nbsp;il Papa ha detto alla Chiesa [&hellip;]","protected":false},"author":6,"featured_media":5291,"comment_status":"open","ping_status":"open","sticky":false,"template":"","format":"standard","meta":{"_acf_changed":false,"footnotes":""},"categories":[131],"tags":[],"class_list":["post-5289","post","type-post","status-publish","format-standard","has-post-thumbnail","hentry","category-puntate-dal-2017-al-2020"],"acf":[],"aioseo_notices":[],"featured_image_url":"https:\/\/www.tv2000.it\/ildiariodipapafrancesco\/wp-content\/uploads\/sites\/20\/2017\/12\/0-19.jpg","_links":{"self":[{"href":"https:\/\/www.tv2000.it\/ildiariodipapafrancesco\/wp-json\/wp\/v2\/posts\/5289","targetHints":{"allow":["GET"]}}],"collection":[{"href":"https:\/\/www.tv2000.it\/ildiariodipapafrancesco\/wp-json\/wp\/v2\/posts"}],"about":[{"href":"https:\/\/www.tv2000.it\/ildiariodipapafrancesco\/wp-json\/wp\/v2\/types\/post"}],"author":[{"embeddable":true,"href":"https:\/\/www.tv2000.it\/ildiariodipapafrancesco\/wp-json\/wp\/v2\/users\/6"}],"replies":[{"embeddable":true,"href":"https:\/\/www.tv2000.it\/ildiariodipapafrancesco\/wp-json\/wp\/v2\/comments?post=5289"}],"version-history":[{"count":2,"href":"https:\/\/www.tv2000.it\/ildiariodipapafrancesco\/wp-json\/wp\/v2\/posts\/5289\/revisions"}],"predecessor-version":[{"id":15513,"href":"https:\/\/www.tv2000.it\/ildiariodipapafrancesco\/wp-json\/wp\/v2\/posts\/5289\/revisions\/15513"}],"wp:featuredmedia":[{"embeddable":true,"href":"https:\/\/www.tv2000.it\/ildiariodipapafrancesco\/wp-json\/wp\/v2\/media\/5291"}],"wp:attachment":[{"href":"https:\/\/www.tv2000.it\/ildiariodipapafrancesco\/wp-json\/wp\/v2\/media?parent=5289"}],"wp:term":[{"taxonomy":"category","embeddable":true,"href":"https:\/\/www.tv2000.it\/ildiariodipapafrancesco\/wp-json\/wp\/v2\/categories?post=5289"},{"taxonomy":"post_tag","embeddable":true,"href":"https:\/\/www.tv2000.it\/ildiariodipapafrancesco\/wp-json\/wp\/v2\/tags?post=5289"}],"curies":[{"name":"wp","href":"https:\/\/api.w.org\/{rel}","templated":true}]}}