{"id":5603,"date":"2018-01-23T18:57:18","date_gmt":"2018-01-23T17:57:18","guid":{"rendered":"http:\/\/www.tv2000.it\/ildiariodipapafrancesco\/?p=5603"},"modified":"2022-05-16T12:03:57","modified_gmt":"2022-05-16T10:03:57","slug":"lunita-si-fa-camminando-mons-ambrogio-spreafico-e-padre-ionut-coman-23012018","status":"publish","type":"post","link":"https:\/\/www.tv2000.it\/ildiariodipapafrancesco\/2018\/01\/23\/lunita-si-fa-camminando-mons-ambrogio-spreafico-e-padre-ionut-coman-23012018\/","title":{"rendered":"L\u2019UNITA\u2019 SI FA CAMMINANDO <br> Mons. Ambrogio Spreafico e Padre Ionut Coman 23\/01\/2018"},"content":{"rendered":"<p>Nella settimana di preghiera per l\u2019unit\u00e0 dei Cristiani abbiamo incontrato due persone impegnate tutti i giorni nel dialogo ecumenico: <strong>Mons. Ambrogio Spreafico, <\/strong>Vescovo di Frosinone-Veroli-Ferentino e Presidente della Commissione Episcopale per l&#8217;ecumenismo e il dialogo interreligioso e <strong>Padre Ionut Coman<\/strong> Consigliere del Dipartimento per il Dialogo Interortodosso, interconfessionale e interreligioso della Diocesi Ortodossa Rumena in Italia e <strong>&nbsp;<\/strong>parroco della chiesa ortodossa rumena<strong>\u201cAscensione del Signore\u201d<\/strong> di Firenze e provincia. Siamo partiti ascoltando quello che il Papa ha detto, un mese fa <a href=\"http:\/\/w2.vatican.va\/content\/francesco\/it\/speeches\/2017\/december\/documents\/papa-francesco_20171221_curia-romana.html\">incontrando la Curia romana<\/a>, a proposito di come sia irreversibile il cammino di unit\u00e0&nbsp;e poi ancora <a href=\"https:\/\/press.vatican.va\/content\/salastampa\/it\/bollettino\/pubblico\/2017\/01\/25\/0058\/00138.html#ITA\">le parole dette in occasione della celebrazione dei vespri che chiusero la settimana di preghiera dello scorso anno<\/a>.&nbsp;In chiusura abbiamo ascoltato il discorso che il Papa ha rivolto, pochi giorni fa ai popoli dell\u2019Amazzonia, a proposito della ricchezza dell\u2019incontro tra culture diverse.<\/p>\n<div class=\"fluid-embed-container\"><iframe title=\"L\u2019UNITA\u2019 SI FA CAMMINANDO: Mons. Ambrogio Spreafico e Padre Ionut Coman 23\/01\/2018\" width=\"640\" height=\"360\" src=\"https:\/\/www.youtube.com\/embed\/J9tb6iMEscM?feature=oembed\" frameborder=\"0\" allow=\"accelerometer; autoplay; clipboard-write; encrypted-media; gyroscope; picture-in-picture; web-share\" referrerpolicy=\"strict-origin-when-cross-origin\" allowfullscreen><\/iframe><\/div>\n<p>&nbsp;<\/p>\n<p><strong>IN EVIDENZA<\/strong><\/p>\n<table cellspacing=\"\u201d50\u2033\">\n<tbody>\n<tr>\n<td><strong>IL SEGRETO DELL\u2019UNITA\u2019<\/strong><\/td>\n<td><strong>DOCILITA\u2019, VIA DI UNITA\u2019<\/strong><\/td>\n<\/tr>\n<tr>\n<td><iframe src=\"https:\/\/www.youtube.com\/embed\/hLt2IOT61gg\" width=\"300\" height=\"200\" frameborder=\"0\" allowfullscreen=\"allowfullscreen\"><\/iframe><\/td>\n<td><iframe src=\"https:\/\/www.youtube.com\/embed\/8bGnDRBWTbA\" width=\"300\" height=\"200\" frameborder=\"0\" allowfullscreen=\"allowfullscreen\"><\/iframe><\/td>\n<\/tr>\n<\/tbody>\n<\/table>\n<p>&nbsp;<\/p>\n<p>&nbsp;<\/p>\n<p><strong>L\u2019UNIT\u00c0 SI FA CAMMINANDO<\/strong><\/p>\n<p>l\u2019unit\u00e0 dei cristiani che \u00ab<em>\u00e8 un\u2019esigenza essenziale della nostra fede<\/em>, un\u2019esigenza che sgorga dall\u2019intimo del nostro essere credenti in Ges\u00f9 Cristo\u00bb<a name=\"_ftnref24\"><\/a><a href=\"http:\/\/w2.vatican.va\/content\/francesco\/it\/speeches\/2017\/december\/documents\/papa-francesco_20171221_curia-romana.html#_ftn24\">[24]<\/a>. Si tratta s\u00ec di un \u201ccammino\u201d ma, come pi\u00f9 volte \u00e8 stato ripetuto anche dai miei Predecessori, \u00e8 un cammino irreversibile e non <em>in retromarcia<\/em>. \u201cL<em>\u2019unit\u00e0 si fa camminando<\/em>, per ricordare che quando camminiamo insieme, cio\u00e8 ci incontriamo come fratelli, preghiamo insieme, collaboriamo insieme nell\u2019annuncio del Vangelo e nel servizio agli ultimi siamo gi\u00e0 uniti. Tutte le divergenze teologiche ed ecclesiologiche che ancora dividono i cristiani saranno superate soltanto lungo questa via, senza che noi oggi sappiamo come e quando, ma ci\u00f2 avverr\u00e0 secondo quello che lo Spirito Santo vorr\u00e0 suggerire per il bene della Chiesa\u00bb<a name=\"_ftnref25\"><\/a><a href=\"http:\/\/w2.vatican.va\/content\/francesco\/it\/speeches\/2017\/december\/documents\/papa-francesco_20171221_curia-romana.html#_ftn25\">[25]<\/a>.<\/p>\n<div class=\"fluid-embed-container\"><iframe title=\"L\u2019UNIT\u00c0 SI FA CAMMINANDO\" width=\"640\" height=\"360\" src=\"https:\/\/www.youtube.com\/embed\/r9_rsiVQKns?feature=oembed\" frameborder=\"0\" allow=\"accelerometer; autoplay; clipboard-write; encrypted-media; gyroscope; picture-in-picture; web-share\" referrerpolicy=\"strict-origin-when-cross-origin\" allowfullscreen><\/iframe><\/div>\n<p>&nbsp;<\/p>\n<p><strong>IMPARARE GLI UNI DAGLI ALTRI<\/strong><\/p>\n<p>Possiamo oggi chiederci: come proclamare questo vangelo di riconciliazione dopo secoli di divisioni?&#8230;<\/p>\n<p>Per la Chiesa, per ogni confessione cristiana \u00e8 un invito a non basarsi sui programmi, sui calcoli e sui vantaggi, a non affidarsi alle opportunit\u00e0 e alle mode del momento, ma a cercare la via guardando sempre alla croce del Signore: sta l\u00ec il nostro programma di vita. \u00c8 un invito anche ad uscire da ogni isolamento, a superare la tentazione dell\u2019autoreferenzialit\u00e0, che impedisce di cogliere ci\u00f2 che lo Spirito Santo opera al di fuori dei propri spazi. Un\u2019autentica riconciliazione tra i cristiani potr\u00e0 realizzarsi quando sapremo riconoscere i doni gli uni degli altri e saremo capaci, con umilt\u00e0 e docilit\u00e0, di imparare gli uni dagli altri &#8211; imparare gli uni dagli altri -, senza attendere che siano gli altri a imparare prima da noi\u2026<\/p>\n<div class=\"fluid-embed-container\"><iframe title=\"IMPARARE GLI UNI DAGLI ALTRI\" width=\"640\" height=\"360\" src=\"https:\/\/www.youtube.com\/embed\/vPWtl8gclFw?feature=oembed\" frameborder=\"0\" allow=\"accelerometer; autoplay; clipboard-write; encrypted-media; gyroscope; picture-in-picture; web-share\" referrerpolicy=\"strict-origin-when-cross-origin\" allowfullscreen><\/iframe><\/div>\n<p>&nbsp;<\/p>\n<p><strong>UNITI MA NON UNIFORMI<\/strong><\/p>\n<p>Cari fratelli dell\u2019Amazzonia, quanti missionari e missionarie si sono impegnati con i vostri popoli e hanno difeso le vostre culture! Lo hanno fatto ispirati dal Vangelo. Anche Cristo si \u00e8 incarnato in una cultura, quella ebrea, e a partire da quella, si \u00e8 donato a noi come novit\u00e0 per tutti i popoli in modo che ciascuno, a partire dalla propria identit\u00e0, si senta autoaffermato in Lui. Non soccombete ai tentativi che ci sono di sradicare la fede cattolica dei vostri popoli.<a name=\"_ftnref5\"><\/a><a href=\"http:\/\/w2.vatican.va\/content\/francesco\/it\/speeches\/2018\/january\/documents\/papa-francesco_20180119_peru-puertomaldonado-popoliamazzonia.html#_ftn5\">[5]<\/a>&nbsp;Ogni cultura e ogni visione del cosmo che accoglie il Vangelo arricchisce la Chiesa con la visione di una nuova sfaccettatura del volto di Cristo. La Chiesa non \u00e8 aliena dalla vostra problematica e dalla vostra vita, non vuole essere estranea al vostro modo di vivere e di organizzarvi. Abbiamo bisogno che i popoli originari plasmino culturalmente le Chiese locali amazzoniche.<\/p>\n<div class=\"fluid-embed-container\"><iframe title=\"UNITI MA NON UNIFORMI\" width=\"640\" height=\"360\" src=\"https:\/\/www.youtube.com\/embed\/0jx2tMsvhS4?feature=oembed\" frameborder=\"0\" allow=\"accelerometer; autoplay; clipboard-write; encrypted-media; gyroscope; picture-in-picture; web-share\" referrerpolicy=\"strict-origin-when-cross-origin\" allowfullscreen><\/iframe><\/div>\n","protected":false},"excerpt":{"rendered":"Nella settimana di preghiera per l\u2019unit\u00e0 dei Cristiani abbiamo incontrato due persone impegnate tutti i giorni nel dialogo ecumenico: Mons. Ambrogio Spreafico, Vescovo di Frosinone-Veroli-Ferentino e Presidente della Commissione Episcopale per l&#8217;ecumenismo e il dialogo interreligioso e Padre Ionut Coman Consigliere del Dipartimento per il Dialogo Interortodosso, interconfessionale e interreligioso della Diocesi Ortodossa Rumena in [&hellip;]","protected":false},"author":6,"featured_media":5604,"comment_status":"open","ping_status":"open","sticky":false,"template":"","format":"standard","meta":{"_acf_changed":false,"footnotes":""},"categories":[131],"tags":[],"class_list":["post-5603","post","type-post","status-publish","format-standard","has-post-thumbnail","hentry","category-puntate-dal-2017-al-2020"],"acf":[],"aioseo_notices":[],"featured_image_url":"https:\/\/www.tv2000.it\/ildiariodipapafrancesco\/wp-content\/uploads\/sites\/20\/2018\/01\/PER-SLIDE-Sett.-unit\u00e0-cristiani-1024x768.jpg","_links":{"self":[{"href":"https:\/\/www.tv2000.it\/ildiariodipapafrancesco\/wp-json\/wp\/v2\/posts\/5603","targetHints":{"allow":["GET"]}}],"collection":[{"href":"https:\/\/www.tv2000.it\/ildiariodipapafrancesco\/wp-json\/wp\/v2\/posts"}],"about":[{"href":"https:\/\/www.tv2000.it\/ildiariodipapafrancesco\/wp-json\/wp\/v2\/types\/post"}],"author":[{"embeddable":true,"href":"https:\/\/www.tv2000.it\/ildiariodipapafrancesco\/wp-json\/wp\/v2\/users\/6"}],"replies":[{"embeddable":true,"href":"https:\/\/www.tv2000.it\/ildiariodipapafrancesco\/wp-json\/wp\/v2\/comments?post=5603"}],"version-history":[{"count":3,"href":"https:\/\/www.tv2000.it\/ildiariodipapafrancesco\/wp-json\/wp\/v2\/posts\/5603\/revisions"}],"predecessor-version":[{"id":15480,"href":"https:\/\/www.tv2000.it\/ildiariodipapafrancesco\/wp-json\/wp\/v2\/posts\/5603\/revisions\/15480"}],"wp:featuredmedia":[{"embeddable":true,"href":"https:\/\/www.tv2000.it\/ildiariodipapafrancesco\/wp-json\/wp\/v2\/media\/5604"}],"wp:attachment":[{"href":"https:\/\/www.tv2000.it\/ildiariodipapafrancesco\/wp-json\/wp\/v2\/media?parent=5603"}],"wp:term":[{"taxonomy":"category","embeddable":true,"href":"https:\/\/www.tv2000.it\/ildiariodipapafrancesco\/wp-json\/wp\/v2\/categories?post=5603"},{"taxonomy":"post_tag","embeddable":true,"href":"https:\/\/www.tv2000.it\/ildiariodipapafrancesco\/wp-json\/wp\/v2\/tags?post=5603"}],"curies":[{"name":"wp","href":"https:\/\/api.w.org\/{rel}","templated":true}]}}