{"id":5666,"date":"2018-02-01T19:22:34","date_gmt":"2018-02-01T18:22:34","guid":{"rendered":"http:\/\/www.tv2000.it\/ildiariodipapafrancesco\/?p=5666"},"modified":"2018-02-01T19:22:34","modified_gmt":"2018-02-01T18:22:34","slug":"il-dono-della-vocazione-padre-luigi-gaetani-e-madre-regina-cesarato-010218","status":"publish","type":"post","link":"https:\/\/www.tv2000.it\/ildiariodipapafrancesco\/2018\/02\/01\/il-dono-della-vocazione-padre-luigi-gaetani-e-madre-regina-cesarato-010218\/","title":{"rendered":"IL DONO DELLA VOCAZIONE <br> Padre Luigi Gaetani e Madre Regina Cesarato <br> 01\/02\/18"},"content":{"rendered":"<p>In vista della Giornata mondiale della vita consacrata che ricorre il 2 febbraio, abbiamo incontrato\u00a0<strong>Madre Regina Cesarato,<\/strong>\u00a0Presidente dell\u2019Usmi, Unione Superiore Maggiori d\u2019Italia, e <strong>Padre Luigi Gaetani<\/strong> Presidente del Cism, Conferenza Italiana Superiori Maggiori, con cui abbiamo parlato del dono della vocazione e dei carismi.<\/p>\n<p>Abbiamo cos\u00ec ripreso le parole di Papa Francesco dalla <a href=\"http:\/\/w2.vatican.va\/content\/francesco\/it\/events\/event.dir.html\/content\/vaticanevents\/it\/2017\/2\/2\/vita-consacrata.html\"><strong>Celebrazione Eucaristica <\/strong><strong>per i consacrati<\/strong><\/a> dello scorso anno<strong>.\u00a0<\/strong>Nell&#8217;ultima parte di trasmissione, abbiamo ripreso la <a href=\"http:\/\/w2.vatican.va\/content\/francesco\/it\/events\/event.dir.html\/content\/vaticanevents\/it\/2017\/2\/2\/vita-consacrata.html\">meditazione mattutina<\/a>\u00a0di Francesco a Santa Marta, incentrata sul tema della morte ricordando che \u201c<em>Non siamo n\u00e9 eterni n\u00e9 effimeri\u201d.<\/em><\/p>\n<div class=\"fluid-embed-container\"><iframe title=\"IL DONO DELLA VOCAZIONE: Padre Luigi Gaetani e Madre Regina Cesarato 01\/02\/18\" width=\"640\" height=\"360\" src=\"https:\/\/www.youtube.com\/embed\/R9FQU5uajJU?feature=oembed\" frameborder=\"0\" allow=\"accelerometer; autoplay; clipboard-write; encrypted-media; gyroscope; picture-in-picture; web-share\" referrerpolicy=\"strict-origin-when-cross-origin\" allowfullscreen><\/iframe><\/div>\n<p>&nbsp;<\/p>\n<p><strong>IN EVIDENZA<\/strong><\/p>\n<table cellspacing=\"\u201d50\u2033\">\n<tbody>\n<tr>\n<td><strong>Madre Regina Cesarato:La profezia della vita<\/strong><\/td>\n<td><strong>Padre Luigi Gaetani:Respirare il tempo che viviamo<\/strong><\/td>\n<\/tr>\n<tr>\n<td><iframe src=\"https:\/\/www.youtube.com\/embed\/7nyxnS4VtIs\" width=\"300\" height=\"200\" frameborder=\"0\" allowfullscreen=\"allowfullscreen\"><\/iframe><\/td>\n<td><iframe src=\"https:\/\/www.youtube.com\/embed\/e9MXURcbb-I\" width=\"300\" height=\"200\" frameborder=\"0\" allowfullscreen=\"allowfullscreen\"><\/iframe><\/td>\n<\/tr>\n<\/tbody>\n<\/table>\n<p>&nbsp;<\/p>\n<p><strong>La tentazione della sopravvivenza<\/strong><\/p>\n<p><em>Papa:<\/em> Un male che pu\u00f2 installarsi a poco a poco dentro di noi, in seno alle nostre comunit\u00e0. L\u2019atteggiamento di sopravvivenza ci fa diventare reazionari, paurosi, ci fa rinchiudere lentamente e silenziosamente nelle nostre case e nei nostri schemi. Ci proietta all\u2019indietro, verso le gesta gloriose \u2013 ma passate \u2013 che, invece di suscitare la creativit\u00e0 profetica nata dai sogni dei nostri fondatori, cerca scorciatoie per sfuggire alle sfide che oggi bussano alle nostre porte. La psicologia della sopravvivenza toglie forza ai nostri carismi perch\u00e9 ci porta ad addomesticarli, a renderli \u201ca portata di mano\u201d ma privandoli di quella forza creativa che essi inaugurarono; fa s\u00ec che vogliamo proteggere spazi, edifici o strutture pi\u00f9 che rendere possibili nuovi processi. La tentazione della sopravvivenza ci fa dimenticare la grazia, ci rende professionisti del sacro ma non padri, madri o fratelli della speranza che siamo stati chiamati a profetizzare.<\/p>\n<p>Questo clima di sopravvivenza inaridisce il cuore dei nostri anziani privandoli della capacit\u00e0 di sognare e, in tal modo, sterilizza la profezia che i pi\u00f9 giovani sono chiamati ad annunciare e realizzare.<\/p>\n<div class=\"fluid-embed-container\"><iframe title=\"La tentazione della sopravvivenza\" width=\"640\" height=\"360\" src=\"https:\/\/www.youtube.com\/embed\/kG-sEEHdiAE?feature=oembed\" frameborder=\"0\" allow=\"accelerometer; autoplay; clipboard-write; encrypted-media; gyroscope; picture-in-picture; web-share\" referrerpolicy=\"strict-origin-when-cross-origin\" allowfullscreen><\/iframe><\/div>\n<p>&nbsp;<\/p>\n<p><strong>Trasformare i sogni in profezia<\/strong><\/p>\n<p><em>Papa:<\/em> Metterci con Ges\u00f9 in mezzo al suo popolo, perch\u00e9 \u00absentiamo la sfida di scoprire e trasmettere la \u201cmistica\u201d di vivere insieme, di mescolarci, di incontrarci, di prenderci in braccio, di appoggiarci, di partecipare a questa marea un po\u2019 caotica che [con il Signore] pu\u00f2 trasformarsi in una vera esperienza di fraternit\u00e0, in una carovana solidale, in un santo pellegrinaggio. [\u2026] Se potessimo seguire questa strada, sarebbe una cosa tanto buona, tanto risanatrice, tanto liberatrice, tanto generatrice di speranza! Uscire da se stessi per unirsi agli altri\u00bb (Esort. ap.\u00a0<a href=\"http:\/\/w2.vatican.va\/content\/francesco\/it\/apost_exhortations\/documents\/papa-francesco_esortazione-ap_20131124_evangelii-gaudium.html#S\u00ec_alle_relazioni_nuove_generate_da_Ges\u00f9_Cristo\"><em>Evangelii gaudium<\/em>, 87<\/a>) non solo fa bene, ma trasforma la nostra vita e la nostra speranza in un canto di lode. Ma questo possiamo farlo solamente se facciamo nostri i sogni dei nostri anziani e li trasformiamo in profezia.<\/p>\n<p>Accompagniamo Ges\u00f9 ad incontrarsi con il suo popolo, ad essere in mezzo al suo popolo, non nel lamento o nell\u2019ansiet\u00e0 di chi si \u00e8 dimenticato di profetizzare perch\u00e9 non si fa carico dei sogni dei suoi padri, ma nella lode e nella serenit\u00e0; non nell\u2019agitazione ma nella pazienza di chi confida nello Spirito, Signore dei sogni e della profezia. E cos\u00ec condividiamo ci\u00f2 che ci appartiene: il canto che nasce dalla speranza.<\/p>\n<div class=\"fluid-embed-container\"><iframe title=\"Trasformare i sogni in profezia\" width=\"640\" height=\"360\" src=\"https:\/\/www.youtube.com\/embed\/CsORR_dsWf0?feature=oembed\" frameborder=\"0\" allow=\"accelerometer; autoplay; clipboard-write; encrypted-media; gyroscope; picture-in-picture; web-share\" referrerpolicy=\"strict-origin-when-cross-origin\" allowfullscreen><\/iframe><\/div>\n<p>&nbsp;<\/p>\n<p><strong>SANTA MARTA<\/strong><\/p>\n<p><strong>La morte \u00e8 un fatto<\/strong><\/p>\n<p><em>La morte \u00e8 un fatto che tocca a tutti\u2026 pi\u00f9 tardi, pi\u00f9 presto, ma viene.<\/em><\/p>\n<p><strong>La morte \u00e8 un&#8217;eredit\u00e0<\/strong><\/p>\n<p><em>E domandarci<\/em>\u00a0<em>quale eredit\u00e0 se Dio oggi mi chiamasse? Quale eredit\u00e0 io lascer\u00f2 come testimonianza di vita? \u00c8 una bella domanda da farci. E cos\u00ec, prepararci perch\u00e9 tutti noi, nessuno di noi rimarr\u00e0 \u2018di reliquia\u2019. No, tutti andremo su questa strada.<\/em><\/p>\n<p><strong>La morte \u00e8 una memoria<\/strong><\/p>\n<p><em>Quando io morir\u00f2, cosa mi sarebbe piaciuto fare oggi in questa decisione che io devo prendere oggi, nel modo di vivere di oggi? \u00c8 una memoria anticipata che illumina il momento di oggi. Illuminare con il fatto della morte le decisioni che io devo prendere ogni giorno.<\/em><\/p>\n<p>\u201cSentirci in cammino verso la morte ci far\u00e0 bene a tutti\u201d.<\/p>\n<div class=\"fluid-embed-container\"><iframe title=\"Omelia di Papa Francesco a Santa Marta 01\/02\/18\" width=\"640\" height=\"360\" src=\"https:\/\/www.youtube.com\/embed\/vIp_4ZozhZA?feature=oembed\" frameborder=\"0\" allow=\"accelerometer; autoplay; clipboard-write; encrypted-media; gyroscope; picture-in-picture; web-share\" referrerpolicy=\"strict-origin-when-cross-origin\" allowfullscreen><\/iframe><\/div>\n<p>&nbsp;<\/p>\n<p><strong>La fotogallery della puntata<\/strong><\/p>\n<div class=\"rgg-container\" data-rgg-id=\"1\">    <div class=\"rgg-imagegrid captions-title captions-effect-none \" data-rgg-id=\"1\">\n                    <a href=\"https:\/\/www.tv2000.it\/ildiariodipapafrancesco\/wp-content\/uploads\/sites\/20\/2018\/02\/WhatsApp-Image-2018-02-01-at-18.00.17-1024x768.jpeg\" data-rel=\"rgg\" rel=\"rgg\" title=\"\" class=\"rgg-simplelightbox size-thumbnail rgg-img\" data-src=\"https:\/\/www.tv2000.it\/ildiariodipapafrancesco\/wp-content\/uploads\/sites\/20\/2018\/02\/WhatsApp-Image-2018-02-01-at-18.00.17-150x150.jpeg\" data-ratio=\"1\" data-height=\"150\" data-width=\"150\" aria-label=\"\">\n                            <\/a>\n                    <a href=\"https:\/\/www.tv2000.it\/ildiariodipapafrancesco\/wp-content\/uploads\/sites\/20\/2018\/02\/WhatsApp-Image-2018-02-01-at-18.00.181-1024x768.jpeg\" data-rel=\"rgg\" rel=\"rgg\" title=\"\" class=\"rgg-simplelightbox size-thumbnail rgg-img\" data-src=\"https:\/\/www.tv2000.it\/ildiariodipapafrancesco\/wp-content\/uploads\/sites\/20\/2018\/02\/WhatsApp-Image-2018-02-01-at-18.00.181-150x150.jpeg\" data-ratio=\"1\" data-height=\"150\" data-width=\"150\" aria-label=\"\">\n                            <\/a>\n                    <a href=\"https:\/\/www.tv2000.it\/ildiariodipapafrancesco\/wp-content\/uploads\/sites\/20\/2018\/02\/WhatsApp-Image-2018-02-01-at-18.00.18-1024x768.jpeg\" data-rel=\"rgg\" rel=\"rgg\" title=\"\" class=\"rgg-simplelightbox size-thumbnail rgg-img\" data-src=\"https:\/\/www.tv2000.it\/ildiariodipapafrancesco\/wp-content\/uploads\/sites\/20\/2018\/02\/WhatsApp-Image-2018-02-01-at-18.00.18-150x150.jpeg\" data-ratio=\"1\" data-height=\"150\" data-width=\"150\" aria-label=\"\">\n                            <\/a>\n                    <a href=\"https:\/\/www.tv2000.it\/ildiariodipapafrancesco\/wp-content\/uploads\/sites\/20\/2018\/02\/WhatsApp-Image-2018-02-01-at-18.00.191-1024x768.jpeg\" data-rel=\"rgg\" rel=\"rgg\" title=\"\" class=\"rgg-simplelightbox size-thumbnail rgg-img\" data-src=\"https:\/\/www.tv2000.it\/ildiariodipapafrancesco\/wp-content\/uploads\/sites\/20\/2018\/02\/WhatsApp-Image-2018-02-01-at-18.00.191-150x150.jpeg\" data-ratio=\"1\" data-height=\"150\" data-width=\"150\" aria-label=\"\">\n                            <\/a>\n                    <a href=\"https:\/\/www.tv2000.it\/ildiariodipapafrancesco\/wp-content\/uploads\/sites\/20\/2018\/02\/WhatsApp-Image-2018-02-01-at-18.00.19-1024x768.jpeg\" data-rel=\"rgg\" rel=\"rgg\" title=\"\" class=\"rgg-simplelightbox size-thumbnail rgg-img\" data-src=\"https:\/\/www.tv2000.it\/ildiariodipapafrancesco\/wp-content\/uploads\/sites\/20\/2018\/02\/WhatsApp-Image-2018-02-01-at-18.00.19-150x150.jpeg\" data-ratio=\"1\" data-height=\"150\" data-width=\"150\" aria-label=\"\">\n                            <\/a>\n            <\/div>\n<\/div>\n","protected":false},"excerpt":{"rendered":"In vista della Giornata mondiale della vita consacrata che ricorre il 2 febbraio, abbiamo incontrato\u00a0Madre Regina Cesarato,\u00a0Presidente dell\u2019Usmi, Unione Superiore Maggiori d\u2019Italia, e Padre Luigi Gaetani Presidente del Cism, Conferenza Italiana Superiori Maggiori, con cui abbiamo parlato del dono della vocazione e dei carismi. Abbiamo cos\u00ec ripreso le parole di Papa Francesco dalla Celebrazione Eucaristica [&hellip;]","protected":false},"author":6,"featured_media":5673,"comment_status":"open","ping_status":"open","sticky":false,"template":"","format":"standard","meta":{"_acf_changed":false,"footnotes":""},"categories":[131],"tags":[],"class_list":["post-5666","post","type-post","status-publish","format-standard","has-post-thumbnail","hentry","category-puntate-dal-2017-al-2020"],"acf":[],"aioseo_notices":[],"featured_image_url":"https:\/\/www.tv2000.it\/ildiariodipapafrancesco\/wp-content\/uploads\/sites\/20\/2018\/02\/WhatsApp-Image-2018-02-01-at-18.00.18-1024x768.jpeg","_links":{"self":[{"href":"https:\/\/www.tv2000.it\/ildiariodipapafrancesco\/wp-json\/wp\/v2\/posts\/5666","targetHints":{"allow":["GET"]}}],"collection":[{"href":"https:\/\/www.tv2000.it\/ildiariodipapafrancesco\/wp-json\/wp\/v2\/posts"}],"about":[{"href":"https:\/\/www.tv2000.it\/ildiariodipapafrancesco\/wp-json\/wp\/v2\/types\/post"}],"author":[{"embeddable":true,"href":"https:\/\/www.tv2000.it\/ildiariodipapafrancesco\/wp-json\/wp\/v2\/users\/6"}],"replies":[{"embeddable":true,"href":"https:\/\/www.tv2000.it\/ildiariodipapafrancesco\/wp-json\/wp\/v2\/comments?post=5666"}],"version-history":[{"count":1,"href":"https:\/\/www.tv2000.it\/ildiariodipapafrancesco\/wp-json\/wp\/v2\/posts\/5666\/revisions"}],"predecessor-version":[{"id":5676,"href":"https:\/\/www.tv2000.it\/ildiariodipapafrancesco\/wp-json\/wp\/v2\/posts\/5666\/revisions\/5676"}],"wp:featuredmedia":[{"embeddable":true,"href":"https:\/\/www.tv2000.it\/ildiariodipapafrancesco\/wp-json\/wp\/v2\/media\/5673"}],"wp:attachment":[{"href":"https:\/\/www.tv2000.it\/ildiariodipapafrancesco\/wp-json\/wp\/v2\/media?parent=5666"}],"wp:term":[{"taxonomy":"category","embeddable":true,"href":"https:\/\/www.tv2000.it\/ildiariodipapafrancesco\/wp-json\/wp\/v2\/categories?post=5666"},{"taxonomy":"post_tag","embeddable":true,"href":"https:\/\/www.tv2000.it\/ildiariodipapafrancesco\/wp-json\/wp\/v2\/tags?post=5666"}],"curies":[{"name":"wp","href":"https:\/\/api.w.org\/{rel}","templated":true}]}}