{"id":7191,"date":"2018-06-21T15:20:56","date_gmt":"2018-06-21T13:20:56","guid":{"rendered":"http:\/\/www.tv2000.it\/ildiariodipapafrancesco\/?p=7191"},"modified":"2019-11-19T16:25:07","modified_gmt":"2019-11-19T15:25:07","slug":"speciale-papa-francesco-a-ginevrapellegrino-in-cerca-di-unita-e-di-pace-21-06-2018","status":"publish","type":"post","link":"https:\/\/www.tv2000.it\/ildiariodipapafrancesco\/2018\/06\/21\/speciale-papa-francesco-a-ginevrapellegrino-in-cerca-di-unita-e-di-pace-21-06-2018\/","title":{"rendered":"SPECIALE PAPA FRANCESCO A GINEVRA<br>Pellegrino in cerca di unit\u00e0 e di pace  21\/06\/2018"},"content":{"rendered":"<p>Questa mattina Papa Francesco si \u00e8 recato in Pellegrinaggio Ecumenico a Ginevra in occasione del 70\u00b0 anniversario della fondazione del Consiglio Ecumenico delle Chiese.<\/p>\n<p><strong>\u00a0<\/strong><\/p>\n<p><strong>PROGRAMMA UFFICIALE<\/strong><\/p>\n<table width=\"200%\">\n<tbody>\n<tr>\n<td width=\"5%\">8:30<\/td>\n<td width=\"91%\">Partenza in aereo da Roma\/Fiumicino per Ginevra<\/td>\n<\/tr>\n<tr>\n<td width=\"5%\"><\/td>\n<td width=\"91%\"><a href=\"http:\/\/w2.vatican.va\/content\/francesco\/it\/events\/event.dir.html\/content\/vaticanevents\/it\/2018\/6\/21\/voloandata-ginevra.html\"><strong>Incontro con i giornalisti durante il volo di andata<\/strong><\/a><\/td>\n<\/tr>\n<tr>\n<td width=\"5%\">10:10<\/td>\n<td width=\"91%\">Arrivo all\u2019aeroporto internazionale di Ginevra<\/td>\n<\/tr>\n<tr>\n<td width=\"5%\"><\/td>\n<td width=\"91%\"><strong>Cerimonia di benvenuto<\/strong><\/td>\n<\/tr>\n<tr>\n<td width=\"5%\">10:30<\/td>\n<td width=\"91%\"><strong>Incontro privato con il Presidente della Confederazione Svizzera\u00a0<\/strong>in una sala dell\u2019aeroporto<\/td>\n<\/tr>\n<tr>\n<td width=\"5%\">11:15<\/td>\n<td width=\"91%\"><a href=\"http:\/\/w2.vatican.va\/content\/francesco\/it\/events\/event.dir.html\/content\/vaticanevents\/it\/2018\/6\/21\/ginevra-preghieraecumenica.html\"><strong>Preghiera Ecumenica<\/strong><\/a>\u00a0nel Centro Ecumenico WCC<\/td>\n<\/tr>\n<tr>\n<td width=\"5%\">12:45<\/td>\n<td width=\"91%\"><strong>Pranzo con la leadership WCC\u00a0nell&#8217;Ecumenical Institute di Bossey<\/strong><\/td>\n<\/tr>\n<tr>\n<td width=\"5%\">15:45<\/td>\n<td width=\"91%\"><a href=\"http:\/\/w2.vatican.va\/content\/francesco\/it\/events\/event.dir.html\/content\/vaticanevents\/it\/2018\/6\/21\/incontroecumenico-ginevra.html\"><strong>Incontro Ecumenico<\/strong><\/a><strong>\u00a0<\/strong>nel Centro Ecumenico WCC<\/td>\n<\/tr>\n<tr>\n<td width=\"5%\">17:30<\/td>\n<td width=\"91%\"><a href=\"http:\/\/w2.vatican.va\/content\/francesco\/it\/events\/event.dir.html\/content\/vaticanevents\/it\/2018\/6\/21\/visitaginevra-messa.html\"><strong>Santa Messa<\/strong><\/a><strong>\u00a0<\/strong>nel Palexpo<\/td>\n<\/tr>\n<\/tbody>\n<\/table>\n<p>&nbsp;<\/p>\n<p>&nbsp;<\/p>\n<p>Al suo arrivo Papa Francesco \u00e8 stato accolto dal Presidente della Confederazione Svizzera, Alain Berset. A seguire, nel Centro Ecumenico del\u00a0World Council of Churches\u00a0(WCC) nel corso della preghiera ecumenica, Papa Francesco ha pronunciato il suo <strong>discorso <\/strong>invitando i cristiani all\u2019unit\u00e0, a mettersi in cammino insieme, pregare e lavorare insieme, percorrendo la \u201cstrada maestra\u201d abbattendo i muri di separazione e ogni inimicizia.<\/p>\n<div class=\"fluid-embed-container\"><iframe title=\"SPECIALE PAPA FRANCESCO A GINEVRA: Pellegrino in cerca di unit\u00e0 e di pace  21\/06\/2018 (1a parte)\" width=\"640\" height=\"360\" src=\"https:\/\/www.youtube.com\/embed\/WE_c3idZdgE?feature=oembed\" frameborder=\"0\" allow=\"accelerometer; autoplay; clipboard-write; encrypted-media; gyroscope; picture-in-picture; web-share\" referrerpolicy=\"strict-origin-when-cross-origin\" allowfullscreen><\/iframe><\/div>\n<p>&nbsp;<\/p>\n<p><a href=\"http:\/\/w2.vatican.va\/content\/francesco\/it\/events\/event.dir.html\/content\/vaticanevents\/it\/2018\/6\/21\/ginevra-preghieraecumenica.html\"><strong>Preghiera Ecumenica<\/strong><\/a><\/p>\n<p><em>Papa:<\/em> Dopo tanti anni di impegno ecumenico, in questo settantesimo anniversario del Consiglio, chiediamo allo Spirito di rinvigorire il nostro passo. Troppo facilmente esso si arresta davanti alle divergenze che persistono; troppo spesso si blocca in partenza, logorato di pessimismo. Le distanze non siano scuse, \u00e8 possibile gi\u00e0 ora camminare secondo lo Spirito: pregare, evangelizzare, servire insieme, questo \u00e8 possibile e gradito a Dio! Camminare insieme, pregare insieme, lavorare insieme: ecco la nostra strada maestra.<\/p>\n<div class=\"fluid-embed-container\"><iframe title=\"Preghiera Ecumenica\" width=\"640\" height=\"360\" src=\"https:\/\/www.youtube.com\/embed\/Qt_SycBqziI?feature=oembed\" frameborder=\"0\" allow=\"accelerometer; autoplay; clipboard-write; encrypted-media; gyroscope; picture-in-picture; web-share\" referrerpolicy=\"strict-origin-when-cross-origin\" allowfullscreen><\/iframe><\/div>\n<p>&nbsp;<\/p>\n<p>Nel pomeriggio si \u00e8 tenuto l\u2019Incontro Ecumenico nella Visser\u2019t Hooft Hall nel Centro Ecumenico World Council of Churches (WCC) dove, in un secondo <strong>discorso<\/strong>, Francesco ha spiegato il significato di questo settantesimo anniversario: \u201c<em>ribadire l\u2019impegno della Chiesa Cattolica nella causa ecumenica e per incoraggiare la cooperazione con le Chiese-membri e con i partner ecumenici\u201d.<\/em><\/p>\n<p>A seguire nel Palexpo, Papa Francesco ha celebrato la <strong>Santa Messa<\/strong> incentrando l\u2019Omelia sul <em>\u201cPadre, pane, perdono\u201d.<\/em><\/p>\n<div class=\"fluid-embed-container\"><iframe title=\"SPECIALE PAPA FRANCESCO A GINEVRA: Pellegrino in cerca di unit\u00e0 e di pace 21\/06\/2018 (2a parte)\" width=\"640\" height=\"360\" src=\"https:\/\/www.youtube.com\/embed\/6SUiEjtq2rI?feature=oembed\" frameborder=\"0\" allow=\"accelerometer; autoplay; clipboard-write; encrypted-media; gyroscope; picture-in-picture; web-share\" referrerpolicy=\"strict-origin-when-cross-origin\" allowfullscreen><\/iframe><\/div>\n<p>&nbsp;<\/p>\n<p>In studio, insieme a Gennaro Ferrara: Riccardo Burigana, direttore del Centro per l&#8217;Ecumenismo in Italia; Padre Gheorghe Militaru, Consigliere della Diocesi ortodossa romena d\u2019Italia; Padre James Puglisi, direttore Centro Pro Unione;<br \/>\nMirella Manocchio, presidente dell\u2019Opera delle Chiese Evangeliche Metodiste in Italia; Padre Vladimir Zelinsky, sacerdote ortodosso dell\u2019Esarcato russo del Patriarcato di Costantinopoli; Marinella Perroni, teologa del Pontificio Ateneo Sant\u2019Anselmo di Roma; Valdo Bertalot, segretario generale della Societ\u00e0 Biblica in Italia e Mons. Ambrogio Spreafico, presidente della Commissione Cei per l\u2019Ecumenismo e il Dialogo.<\/p>\n","protected":false},"excerpt":{"rendered":"Questa mattina Papa Francesco si \u00e8 recato in Pellegrinaggio Ecumenico a Ginevra in occasione del 70\u00b0 anniversario della fondazione del Consiglio Ecumenico delle Chiese. \u00a0 PROGRAMMA UFFICIALE 8:30 Partenza in aereo da Roma\/Fiumicino per Ginevra Incontro con i giornalisti durante il volo di andata 10:10 Arrivo all\u2019aeroporto internazionale di Ginevra Cerimonia di benvenuto 10:30 Incontro [&hellip;]","protected":false},"author":6,"featured_media":7192,"comment_status":"open","ping_status":"open","sticky":false,"template":"","format":"standard","meta":{"_acf_changed":false,"footnotes":""},"categories":[131,145],"tags":[41,95],"class_list":["post-7191","post","type-post","status-publish","format-standard","has-post-thumbnail","hentry","category-puntate-dal-2017-al-2020","category-viaggi","tag-papafrancesco","tag-viaggipapa"],"acf":[],"aioseo_notices":[],"featured_image_url":"https:\/\/www.tv2000.it\/ildiariodipapafrancesco\/wp-content\/uploads\/sites\/20\/2018\/06\/Senza-titolo-1-1.jpg","_links":{"self":[{"href":"https:\/\/www.tv2000.it\/ildiariodipapafrancesco\/wp-json\/wp\/v2\/posts\/7191","targetHints":{"allow":["GET"]}}],"collection":[{"href":"https:\/\/www.tv2000.it\/ildiariodipapafrancesco\/wp-json\/wp\/v2\/posts"}],"about":[{"href":"https:\/\/www.tv2000.it\/ildiariodipapafrancesco\/wp-json\/wp\/v2\/types\/post"}],"author":[{"embeddable":true,"href":"https:\/\/www.tv2000.it\/ildiariodipapafrancesco\/wp-json\/wp\/v2\/users\/6"}],"replies":[{"embeddable":true,"href":"https:\/\/www.tv2000.it\/ildiariodipapafrancesco\/wp-json\/wp\/v2\/comments?post=7191"}],"version-history":[{"count":5,"href":"https:\/\/www.tv2000.it\/ildiariodipapafrancesco\/wp-json\/wp\/v2\/posts\/7191\/revisions"}],"predecessor-version":[{"id":7202,"href":"https:\/\/www.tv2000.it\/ildiariodipapafrancesco\/wp-json\/wp\/v2\/posts\/7191\/revisions\/7202"}],"wp:featuredmedia":[{"embeddable":true,"href":"https:\/\/www.tv2000.it\/ildiariodipapafrancesco\/wp-json\/wp\/v2\/media\/7192"}],"wp:attachment":[{"href":"https:\/\/www.tv2000.it\/ildiariodipapafrancesco\/wp-json\/wp\/v2\/media?parent=7191"}],"wp:term":[{"taxonomy":"category","embeddable":true,"href":"https:\/\/www.tv2000.it\/ildiariodipapafrancesco\/wp-json\/wp\/v2\/categories?post=7191"},{"taxonomy":"post_tag","embeddable":true,"href":"https:\/\/www.tv2000.it\/ildiariodipapafrancesco\/wp-json\/wp\/v2\/tags?post=7191"}],"curies":[{"name":"wp","href":"https:\/\/api.w.org\/{rel}","templated":true}]}}