{"id":7860,"date":"2018-09-20T15:59:15","date_gmt":"2018-09-20T13:59:15","guid":{"rendered":"http:\/\/www.tv2000.it\/ildiariodipapafrancesco\/?p=7860"},"modified":"2018-09-21T14:05:16","modified_gmt":"2018-09-21T12:05:16","slug":"diretta-speciale-del-diario-di-papa-francesco-il-viaggio-apostolico-del-papa-in-lituania-lettonia-e-estonia","status":"publish","type":"post","link":"https:\/\/www.tv2000.it\/ildiariodipapafrancesco\/2018\/09\/20\/diretta-speciale-del-diario-di-papa-francesco-il-viaggio-apostolico-del-papa-in-lituania-lettonia-e-estonia\/","title":{"rendered":"Diretta speciale del \u201cDiario di Papa Francesco\u201d: il viaggio apostolico del Papa in Lituania, Lettonia e Estonia"},"content":{"rendered":"<p>Diretta speciale del \u201cDiario di Papa Francesco\u201d dal 22 al 25 settembre, per seguire<\/p>\n<p>il viaggio apostolico del Papa in Lituania, Lettonia e Estonia.<\/p>\n<p>Quattro giorni di dirette per seguire con le immagini live del CTV dai Paesi Baltici, ospiti in studio e inviati tutti gli eventi pubblici del Papa.<\/p>\n<div class=\"fluid-embed-container\"><iframe title=\"&quot;Viaggio di Papa Francesco in Lituania, Lettonia e Estonia&quot;, dal 22 settembre alle 10 su Tv2000\" width=\"640\" height=\"360\" src=\"https:\/\/www.youtube.com\/embed\/_XrwDPPQHMI?feature=oembed\" frameborder=\"0\" allow=\"accelerometer; autoplay; clipboard-write; encrypted-media; gyroscope; picture-in-picture; web-share\" referrerpolicy=\"strict-origin-when-cross-origin\" allowfullscreen><\/iframe><\/div>\n<p>Nicola Ferrante guida le prime due giornate di viaggio, con l\u2019apertura di sabato 22 settembre, dalle 10.10 alle 12.30, per raccontare l\u2019arrivo del Papa a Vilnius, Lettonia. In studio, insieme a Ferrante, Luis Badilla, direttore Il Sismografo, don Francesco Braschi, presidente dell\u2019associazione Russia cristiana, Ruta Giniunaite, storica dell\u2019arte, originaria di Kaunas (Lituania) e il prof. Vincenzo Bonomo, rettore della Pontificia Universit\u00e0 Lateranense. La giornata prosegue, dalle 14.56 alle 18, con la visita del Papa al Santuario Mater Misericordiae di Vilnius, l\u2019incontro con i giovani e la visita alla Cattedrale. In studio: don Stefano Caprio del Pontificio Istituto Orientale, Giovanna Parravicini, ricercatrice dell\u2019associazione Russia Cristiana, Mons. Audrius Ar\u0161tikaitis, rettore del Pontificio Collegio Lituano San Casimiro e Don Visvaldas Kulbokas, Consigliere di Nunziatura, Officiale della Sezione per i Rapporti con gli Stati della Segreteria di Stato.<\/p>\n<p>&nbsp;<\/p>\n<p>Domenica 23 settembre, Nicola Ferrante apre la giornata, dedicata agli appuntamenti religiosi del Papa in Lituania, per seguire dalle 8.30 alle 11.30, la Santa Messa e l\u2019Angelus nel Parco Santalos a Kaunas. In studio: Giovanna Parravicini, Don Paolo Polesana della Diocesi di Bergamo ed esperto di Lituania, Don Audrius Ar\u0161tikaitis, e Ruta Giniunaite storica dell\u2019arte, originaria di Kaunas, Lituania. Diretta del pomeriggio, dalle 13.30 alle 17.30, per la visita del Papa al Museo delle occupazioni e lotte per la libert\u00e0 con una sosta di preghiera al Monumento delle Vittime del Ghetto in Piazza Rudniky di Vilnius.<em>\u00a0<\/em>In studio: Luis Badilla, don Sergio Mercanzin, direttore del Centro Russia ecumenica, Simona Merlo dell\u2019Universit\u00e0 Roma Tre e Mons. Visvaldas Kulbokas.<\/p>\n<p>&nbsp;<\/p>\n<p>Il viaggio di Papa Francesco, prosegue luned\u00ec 24 settembre in Lettonia. Dalle 7 alle 11.55, Gennaro Ferrara guida la diretta che da programma, prevede gli incontri istituzionali con le autorit\u00e0 lettoni, la cerimonia al Monumento della Libert\u00e0 di Riga, la preghiera ecumenica nel Duomo della capitale lettone e infine la visita alla Cattedrale cattolica di San Giacomo. In studio: Fra Adalberto Mainardi, monaco di Bose, Luigi Geninazzi, giornalista e scrittore, Antonella Salomoni, storica dell\u2019Universit\u00e0 di Bologna e don Gianluca Blancini esperto di ecumenismo della Comunit\u00e0 di Taiz\u00e8. Nel pomeriggio, dalle 14.50 alle 18, il Papa celebra la Santa Messa nell\u2019area del Santuario della Madre di Dio di Aglona. In studio: Luis Badilla, Don Toms Priedolins, sacerdote originario della Lettonia e il prof. Angelo Lameri della Pontificia Universit\u00e0 Lateranense.<\/p>\n<p>&nbsp;<\/p>\n<p>Ultima giornata del Papa nei Paesi Baltici, marted\u00ec 25 settembre. Diretta del \u201cDiario\u201d dalle 8.30 alle 11.55 per seguire il programma della visita di Papa Francesco in Estonia. Dopo l\u2019accoglienza ufficiale il Papa si reca alla Kaarli Lutheran Church per l\u2019incontro ecumenico con i giovani.<\/p>\n<p>In studio, insieme a Gennaro Ferrara, Diter Kampen, pastore evangelico di Trieste, Andrea Pipino, giornalista di Internazionale e il professore Vincenzo Bonomo. A seguire, dalle 13.40 alle 18, il Papa incontra gli Assistiti delle Opere della Carit\u00e0 della Chiesa nella cattedrale dei Santi Pietro e Paolo di Tallinn, e conclude la visita con la celebrazione della Santa Messa nella Piazza della Libert\u00e0 di Tallinn.<\/p>\n<p>In studio: Antonello Folco Biagini, professore Emerito di Storia dell&#8217;Europa orientale &#8211; Sapienza Universit\u00e0 di Roma, Luis Badilla e Don Stefano Caprio.<\/p>\n","protected":false},"excerpt":{"rendered":"Diretta speciale del \u201cDiario di Papa Francesco\u201d dal 22 al 25 settembre, per seguire il viaggio apostolico del Papa in Lituania, Lettonia e Estonia. Quattro giorni di dirette per seguire con le immagini live del CTV dai Paesi Baltici, ospiti in studio e inviati tutti gli eventi pubblici del Papa. Nicola Ferrante guida le prime [&hellip;]","protected":false},"author":6,"featured_media":7861,"comment_status":"open","ping_status":"open","sticky":false,"template":"","format":"standard","meta":{"_acf_changed":false,"footnotes":""},"categories":[117],"tags":[],"class_list":["post-7860","post","type-post","status-publish","format-standard","has-post-thumbnail","hentry","category-news"],"acf":[],"aioseo_notices":[],"featured_image_url":"https:\/\/www.tv2000.it\/ildiariodipapafrancesco\/wp-content\/uploads\/sites\/20\/2018\/09\/Foto-Papa-tappo-paesi-Baltici-1024x681.jpg","_links":{"self":[{"href":"https:\/\/www.tv2000.it\/ildiariodipapafrancesco\/wp-json\/wp\/v2\/posts\/7860","targetHints":{"allow":["GET"]}}],"collection":[{"href":"https:\/\/www.tv2000.it\/ildiariodipapafrancesco\/wp-json\/wp\/v2\/posts"}],"about":[{"href":"https:\/\/www.tv2000.it\/ildiariodipapafrancesco\/wp-json\/wp\/v2\/types\/post"}],"author":[{"embeddable":true,"href":"https:\/\/www.tv2000.it\/ildiariodipapafrancesco\/wp-json\/wp\/v2\/users\/6"}],"replies":[{"embeddable":true,"href":"https:\/\/www.tv2000.it\/ildiariodipapafrancesco\/wp-json\/wp\/v2\/comments?post=7860"}],"version-history":[{"count":3,"href":"https:\/\/www.tv2000.it\/ildiariodipapafrancesco\/wp-json\/wp\/v2\/posts\/7860\/revisions"}],"predecessor-version":[{"id":7883,"href":"https:\/\/www.tv2000.it\/ildiariodipapafrancesco\/wp-json\/wp\/v2\/posts\/7860\/revisions\/7883"}],"wp:featuredmedia":[{"embeddable":true,"href":"https:\/\/www.tv2000.it\/ildiariodipapafrancesco\/wp-json\/wp\/v2\/media\/7861"}],"wp:attachment":[{"href":"https:\/\/www.tv2000.it\/ildiariodipapafrancesco\/wp-json\/wp\/v2\/media?parent=7860"}],"wp:term":[{"taxonomy":"category","embeddable":true,"href":"https:\/\/www.tv2000.it\/ildiariodipapafrancesco\/wp-json\/wp\/v2\/categories?post=7860"},{"taxonomy":"post_tag","embeddable":true,"href":"https:\/\/www.tv2000.it\/ildiariodipapafrancesco\/wp-json\/wp\/v2\/tags?post=7860"}],"curies":[{"name":"wp","href":"https:\/\/api.w.org\/{rel}","templated":true}]}}