{"id":7884,"date":"2018-09-21T19:28:31","date_gmt":"2018-09-21T17:28:31","guid":{"rendered":"http:\/\/www.tv2000.it\/ildiariodipapafrancesco\/?p=7884"},"modified":"2019-11-19T16:24:45","modified_gmt":"2019-11-19T15:24:45","slug":"anticipazione-viaggio-del-papa-in-lituania-lettonia-estonia-20-09-2018","status":"publish","type":"post","link":"https:\/\/www.tv2000.it\/ildiariodipapafrancesco\/2018\/09\/21\/anticipazione-viaggio-del-papa-in-lituania-lettonia-estonia-20-09-2018\/","title":{"rendered":"ANTICIPAZIONE  VIAGGIO DEL PAPA IN LITUANIA, LETTONIA, ESTONIA 20\/09\/2018"},"content":{"rendered":"<p>Dal 22 al 25 settembre, Papa Francesco si recher\u00e0 in <a href=\"https:\/\/www.tv2000.it\/ildiariodipapafrancesco\/2018\/09\/20\/diretta-speciale-del-diario-di-papa-francesco-il-viaggio-apostolico-del-papa-in-lituania-lettonia-e-estonia\/.\"><strong>Viaggio Apostolico in Lituania, Lettonia ed Estonia<\/strong><\/a>.<\/p>\n<p>Nella puntata di oggi Gennaro Ferrara incontra Mons. Visvaldas Kulbokas, Officiale della Segreteria di Stato della Santa Sede, originario di Klaipeda (Lituania) e Salvatore Cernuzio, giornalista di Vatican Insider, per riflettere sul significato di questo imminente viaggio, anticipandone il programma.<\/p>\n<p>Abbiamo cos\u00ec ascoltato il <a href=\"http:\/\/w2.vatican.va\/content\/francesco\/it\/events\/event.dir.html\/content\/vaticanevents\/it\/2018\/9\/20\/videomessaggio-paesibaltici.html\"><strong>Videomessaggio<\/strong><\/a> del Papa agli abitanti dei tre paesi che lo accoglieranno e, per il racconto quotidiano delle attivit\u00e0 del Papa, la sintesi di <a href=\"http:\/\/w2.vatican.va\/content\/francesco\/it\/events\/event.dir.html\/content\/vaticanevents\/it\/2018\/9\/21\/domussanctaemarthae.html\"><strong>Santa Marta<\/strong><\/a>.<\/p>\n<p>Il \u201cDiario di papa Francesco\u201d seguir\u00e0 in diretta tutti gli eventi pubblici del Papa (<u>vedi programma<\/u>) con ospiti in studio e inviati nei tre paesi Baltici.<\/p>\n<p>&nbsp;<\/p>\n<p><iframe src=\"https:\/\/www.youtube.com\/embed\/81K6_ScTTm0\" width=\"560\" height=\"315\" frameborder=\"0\" allowfullscreen=\"allowfullscreen\"><\/iframe><\/p>\n<p>&nbsp;<\/p>\n<p><strong>IN EVIDENZA<\/strong><\/p>\n<p><strong>\u00a0<\/strong><\/p>\n<p><strong>Salvatore Cernuzio: \u201cIn viaggio con Papa Francesco con uno sguardo al futuro\u201d<\/strong><\/p>\n<div class=\"fluid-embed-container\"><iframe title=\"Salvatore Cernuzio: \u201cIn viaggio con Papa Francesco con uno sguardo al futuro\u201d\" width=\"640\" height=\"360\" src=\"https:\/\/www.youtube.com\/embed\/wlngkvr1tlo?feature=oembed\" frameborder=\"0\" allow=\"accelerometer; autoplay; clipboard-write; encrypted-media; gyroscope; picture-in-picture; web-share\" referrerpolicy=\"strict-origin-when-cross-origin\" allowfullscreen><\/iframe><\/div>\n<p><strong>\u00a0<\/strong><\/p>\n<p><strong>Mons. Visvaldas Kulbokas: Papa Francesco atteso in Lituania<\/strong><\/p>\n<p><iframe src=\"https:\/\/www.youtube.com\/embed\/ZYWVWDHwwnk\" width=\"560\" height=\"315\" frameborder=\"0\" allowfullscreen=\"allowfullscreen\"><\/iframe><\/p>\n<p><strong>\u00a0<\/strong><\/p>\n<p><strong>VIDEOMESSAGGIO IN OCCASIONE DELL&#8217;IMMINENTE\u00a0<\/strong><a href=\"http:\/\/w2.vatican.va\/content\/francesco\/it\/travels\/2018\/outside\/documents\/papa-francesco-paesi-baltici_2018.html\"><strong>VIAGGIO APOSTOLICO IN LITUANIA, LETTONIA ED ESTONIA<\/strong><\/a><\/p>\n<p><em>Cari amici,<\/em><\/p>\n<p>alla vigilia della\u00a0<a href=\"http:\/\/w2.vatican.va\/content\/francesco\/it\/travels\/2018\/outside\/documents\/papa-francesco-paesi-baltici_2018.html\">mia visita nei Paesi Baltici, Lituania, Lettonia ed Estonia<\/a>, desidero rivolgere un&#8217;affettuosa parola di saluto a tutti voi che abitate quelle terre.<\/p>\n<p>Pur venendo come Pastore della Chiesa Cattolica, vorrei abbracciare tutti e offrire un messaggio di pace, buona volont\u00e0 e speranza per il futuro.<\/p>\n<p>La mia visita coincide con il centenario dell&#8217;indipendenza delle vostre Nazioni e naturalmente onorer\u00e0 tutti coloro i cui sacrifici nel passato hanno reso possibili le libert\u00e0 del presente. La libert\u00e0, come sappiamo, \u00e8 un tesoro che dev&#8217;essere costantemente preservato e tramandato, come un&#8217;eredit\u00e0 preziosa, alle nuove generazioni. In tempi di oscurit\u00e0, violenza e persecuzione, la fiamma della libert\u00e0 non si estingue, ma ispira la speranza di un futuro in cui la dignit\u00e0 data da Dio a ciascuna persona sia rispettata e tutti ci sentiamo chiamati a collaborare alla costruzione di una societ\u00e0 giusta e fraterna.<\/p>\n<p>Oggi quel senso di solidariet\u00e0 e servizio al bene comune \u00e8 pi\u00f9 che mai necessario. Auspico che la mia visita sia una fonte di incoraggiamento per tutte quelle persone di buona volont\u00e0 che, ispirate dai pi\u00f9 profondi valori spirituali e culturali ereditati dal passato, stanno pacificamente lavorando per alleviare le sofferenze dei nostri fratelli e sorelle che si trovano nel bisogno e per promuovere l&#8217;unit\u00e0 e l&#8217;armonia nella societ\u00e0, ad ogni livello.<\/p>\n<p>So che molti si stanno intensamente adoperando per preparare la mia visita e li ringrazio di cuore. A tutti voi assicuro la mia vicinanza nella preghiera e invio la mia benedizione. E vi chiedo, per favore, di pregare per me. Dio vi benedica!<\/p>\n<p>&nbsp;<\/p>\n<div class=\"fluid-embed-container\"><iframe title=\"VIDEOMESSAGGIO IN OCCASIONE DELL&#039;IMMINENTE\u00a0VIAGGIO APOSTOLICO IN LITUANIA, LETTONIA ED ESTONIA\" width=\"640\" height=\"360\" src=\"https:\/\/www.youtube.com\/embed\/2bv0173pfOk?feature=oembed\" frameborder=\"0\" allow=\"accelerometer; autoplay; clipboard-write; encrypted-media; gyroscope; picture-in-picture; web-share\" referrerpolicy=\"strict-origin-when-cross-origin\" allowfullscreen><\/iframe><\/div>\n<p><strong>\u00a0<\/strong><\/p>\n<p><strong>\u00a0<\/strong><\/p>\n<p><strong>SANTA MARTA<\/strong><\/p>\n<p><strong>Scelti nonostante i peccati, come Matteo<\/strong><\/p>\n<p><em>Papa<\/em>:\u00a0 E poi, nella vita della Chiesa, tanti cristiani, tanti santi che sono stati scelti dal pi\u00f9 basso \u2026 scelti dal pi\u00f9 basso. Questa coscienza che noi cristiani dovremmo avere \u2013 da dove sono stato scelto, da dove sono stata scelta per essere cristiano \u2013 deve permanere per tutta la vita, rimanere l\u00ec e avere la memoria dei nostri peccati, la memoria che il Signore ha avuto misericordia dei miei peccati e mi ha scelto per essere cristiano, per essere apostolo.<\/p>\n<p>&nbsp;<\/p>\n<p>\u2026Quando l\u2019Apostolo dimentica le sue origini e incomincia a fare carriera, si allontana dal Signore e diventa un funzionario; che fa tanto bene, forse, ma non \u00e8 Apostolo. Sar\u00e0 incapace di trasmettere Ges\u00f9; sar\u00e0 un sistematore di piani pastorali, di tante cose; ma alla fine, un affarista. Un affarista del Regno di Dio, perch\u00e9 ha dimenticato da dove era stato scelto\u2026<\/p>\n<p>&nbsp;<\/p>\n<p>E i dottori della Legge si sono scandalizzati. Chiamarono i discepoli e dissero: \u201cMa come mai il tuo Maestro fa questo, con questa gente? Ma, diventa impuro!\u201d: mangiare con un impuro ti contagia l\u2019impurit\u00e0, non sei puro. E Ges\u00f9 prende la parola e dice questa terza parola: \u201cAndate a imparare cosa vuol dire \u2018misericordia io voglio, e non sacrifici\u2019\u201d. La misericordia di Dio cerca tutti, perdona tutti. Soltanto, ti chiede di dire: \u201cS\u00ec, aiutami\u201d. Soltanto quello.<\/p>\n<p><strong>\u00a0<\/strong><\/p>\n<div class=\"fluid-embed-container\"><iframe title=\"Papa Francesco: &quot;Scelti nonostante i peccati, come Matteo&quot;\" width=\"640\" height=\"360\" src=\"https:\/\/www.youtube.com\/embed\/bZEQ3g5Rihk?feature=oembed\" frameborder=\"0\" allow=\"accelerometer; autoplay; clipboard-write; encrypted-media; gyroscope; picture-in-picture; web-share\" referrerpolicy=\"strict-origin-when-cross-origin\" allowfullscreen><\/iframe><\/div>\n","protected":false},"excerpt":{"rendered":"Dal 22 al 25 settembre, Papa Francesco si recher\u00e0 in Viaggio Apostolico in Lituania, Lettonia ed Estonia. Nella puntata di oggi Gennaro Ferrara incontra Mons. Visvaldas Kulbokas, Officiale della Segreteria di Stato della Santa Sede, originario di Klaipeda (Lituania) e Salvatore Cernuzio, giornalista di Vatican Insider, per riflettere sul significato di questo imminente viaggio, anticipandone [&hellip;]","protected":false},"author":6,"featured_media":7885,"comment_status":"open","ping_status":"open","sticky":false,"template":"","format":"standard","meta":{"_acf_changed":false,"footnotes":""},"categories":[131,145],"tags":[41,95],"class_list":["post-7884","post","type-post","status-publish","format-standard","has-post-thumbnail","hentry","category-puntate-dal-2017-al-2020","category-viaggi","tag-papafrancesco","tag-viaggipapa"],"acf":[],"aioseo_notices":[],"featured_image_url":"https:\/\/www.tv2000.it\/ildiariodipapafrancesco\/wp-content\/uploads\/sites\/20\/2018\/09\/diario-21-1024x576.jpg","_links":{"self":[{"href":"https:\/\/www.tv2000.it\/ildiariodipapafrancesco\/wp-json\/wp\/v2\/posts\/7884","targetHints":{"allow":["GET"]}}],"collection":[{"href":"https:\/\/www.tv2000.it\/ildiariodipapafrancesco\/wp-json\/wp\/v2\/posts"}],"about":[{"href":"https:\/\/www.tv2000.it\/ildiariodipapafrancesco\/wp-json\/wp\/v2\/types\/post"}],"author":[{"embeddable":true,"href":"https:\/\/www.tv2000.it\/ildiariodipapafrancesco\/wp-json\/wp\/v2\/users\/6"}],"replies":[{"embeddable":true,"href":"https:\/\/www.tv2000.it\/ildiariodipapafrancesco\/wp-json\/wp\/v2\/comments?post=7884"}],"version-history":[{"count":3,"href":"https:\/\/www.tv2000.it\/ildiariodipapafrancesco\/wp-json\/wp\/v2\/posts\/7884\/revisions"}],"predecessor-version":[{"id":7890,"href":"https:\/\/www.tv2000.it\/ildiariodipapafrancesco\/wp-json\/wp\/v2\/posts\/7884\/revisions\/7890"}],"wp:featuredmedia":[{"embeddable":true,"href":"https:\/\/www.tv2000.it\/ildiariodipapafrancesco\/wp-json\/wp\/v2\/media\/7885"}],"wp:attachment":[{"href":"https:\/\/www.tv2000.it\/ildiariodipapafrancesco\/wp-json\/wp\/v2\/media?parent=7884"}],"wp:term":[{"taxonomy":"category","embeddable":true,"href":"https:\/\/www.tv2000.it\/ildiariodipapafrancesco\/wp-json\/wp\/v2\/categories?post=7884"},{"taxonomy":"post_tag","embeddable":true,"href":"https:\/\/www.tv2000.it\/ildiariodipapafrancesco\/wp-json\/wp\/v2\/tags?post=7884"}],"curies":[{"name":"wp","href":"https:\/\/api.w.org\/{rel}","templated":true}]}}