{"id":7916,"date":"2018-09-24T16:39:25","date_gmt":"2018-09-24T14:39:25","guid":{"rendered":"http:\/\/www.tv2000.it\/ildiariodipapafrancesco\/?p=7916"},"modified":"2019-11-19T16:24:29","modified_gmt":"2019-11-19T15:24:29","slug":"viaggio-apostolico-del-papa-nelle-repubbliche-baltiche-3-giorno-lettonia-24-09-2018","status":"publish","type":"post","link":"https:\/\/www.tv2000.it\/ildiariodipapafrancesco\/2018\/09\/24\/viaggio-apostolico-del-papa-nelle-repubbliche-baltiche-3-giorno-lettonia-24-09-2018\/","title":{"rendered":"VIAGGIO APOSTOLICO DEL PAPA NELLE REPUBBLICHE BALTICHE: 3\u00b0 giorno LETTONIA 24\/09\/2018"},"content":{"rendered":"<p>Terzo giorno di viaggio del Papa nelle Repubbliche Baltiche. \u201c<em>Mostrati Madre per tutti<\/em>\u201d \u00e8 il motto della visita del Papa in Lettonia che nel primo <strong><a href=\"https:\/\/w2.vatican.va\/content\/francesco\/it\/speeches\/2018\/september\/documents\/papa-francesco_20180924_autorita-riga-lettonia.html\">discorso<\/a>\u00a0<\/strong>durante l\u2019incontro con le Autorit\u00e0 civili, la Societ\u00e0 civile e il Corpo Diplomatico ricorda le sofferenze del passato del paese, e sottolinea la capacit\u00e0 della Lettonia di trasformarle attraverso il mondo della cultura e dell\u2019arte, in particolare della musica. <em>\u201cHai mutato il mio lamento in danza\u201d. <\/em>Parla del prezzo dell\u2019indipendenza avvenuta cento anni fa conquistata con \u201cdignit\u00e0 trascendente\u201d ripetendo la frase \u201c<em>Le mie radici sono in cielo<\/em>\u201d della scrittrice lettone Zenta Maurina.<\/p>\n<p>Giunto al Duomo di Riga ha presieduto la <strong><a href=\"https:\/\/w2.vatican.va\/content\/francesco\/it\/speeches\/2018\/september\/documents\/papa-francesco_20180924_incontroecumenico-riga-lettonia.html\">Preghiera Ecumenica<\/a>. <\/strong><\/p>\n<p>Gennaro Ferrara conduce l\u2019approfondimento insieme a Fr. Adalberto Mainardi, monaco di Bose, Luigi Geninazzi, giornalista e scrittore, Antonella Salomoni storica, Universit\u00e0 della Calabria e don Gianluca Blancini, della Diocesi di Biella.<\/p>\n<div class=\"fluid-embed-container\"><iframe title=\"VIAGGIO APOSTOLICO DEL PAPA NELLE REPUBBLICHE BALTICHE: 3\u00b0 giorno LETTONIA 24\/09\/2018\" width=\"640\" height=\"360\" src=\"https:\/\/www.youtube.com\/embed\/G44maU4NH3s?feature=oembed\" frameborder=\"0\" allow=\"accelerometer; autoplay; clipboard-write; encrypted-media; gyroscope; picture-in-picture; web-share\" referrerpolicy=\"strict-origin-when-cross-origin\" allowfullscreen><\/iframe><\/div>\n<p>&nbsp;<\/p>\n<p><strong>INCONTRO con le AUTORITA\u2019 CIVILI, la SOCIETA\u2019 CIVILE e il CORPO DIPLOMATICO<\/strong>\u00a0nel Salone dei ricevimenti del Palazzo Presidenziale<\/p>\n<div class=\"fluid-embed-container\"><iframe title=\"Papa Francesco in Lettonia, discorso alle autorit\u00e0 nel palazzo Presidenziale\" width=\"640\" height=\"360\" src=\"https:\/\/www.youtube.com\/embed\/smatBaaUqVM?feature=oembed\" frameborder=\"0\" allow=\"accelerometer; autoplay; clipboard-write; encrypted-media; gyroscope; picture-in-picture; web-share\" referrerpolicy=\"strict-origin-when-cross-origin\" allowfullscreen><\/iframe><\/div>\n<p><strong>PREGHIERA ECUMENICA nel Rigas Doms<\/strong><\/p>\n<div class=\"fluid-embed-container\"><iframe title=\"Papa Francesco in Lettonia, preghiera ecumenica nel Rigas Doms\" width=\"640\" height=\"360\" src=\"https:\/\/www.youtube.com\/embed\/dxtZeZon9To?feature=oembed\" frameborder=\"0\" allow=\"accelerometer; autoplay; clipboard-write; encrypted-media; gyroscope; picture-in-picture; web-share\" referrerpolicy=\"strict-origin-when-cross-origin\" allowfullscreen><\/iframe><\/div>\n<p>&nbsp;<\/p>\n<p><strong>\u00a0VISITA ALLA CATTEDRALE cattolica di San Giacomo<\/strong><\/p>\n<div class=\"fluid-embed-container\"><iframe title=\"Papa Francesco in Lettonia, discorso nella Cattedrale di San Giacomo a Riga\" width=\"640\" height=\"360\" src=\"https:\/\/www.youtube.com\/embed\/KIweRrMd3hQ?feature=oembed\" frameborder=\"0\" allow=\"accelerometer; autoplay; clipboard-write; encrypted-media; gyroscope; picture-in-picture; web-share\" referrerpolicy=\"strict-origin-when-cross-origin\" allowfullscreen><\/iframe><\/div>\n<p>&nbsp;<\/p>\n<p>Il pomeriggio del Papa riprende con la celebrazione della <strong>Santa Messa<\/strong> nel Santuario della Madre di Dio. Nell\u2019<strong>Omelia<\/strong> riflette sulla figura di Maria che saldamente in piedi si mostra come donna aperta al perdono e all\u2019accoglienza. <em>\u201cSiamo intimamente uniti, dedicati alla preghiera e in compagnia di Maria, nostra Madre<\/em>\u201d.<\/p>\n<p><strong>SANTA MESSA nell\u2019area del Santuario della Madre di Dio di Aglona <\/strong><\/p>\n<p><strong>Omelia del Santo Padre<\/strong><\/p>\n<div class=\"fluid-embed-container\"><iframe title=\"Papa Francesco in Lettonia, omelia nel Santuario della Madre di Dio di Aglona\" width=\"640\" height=\"360\" src=\"https:\/\/www.youtube.com\/embed\/QfJkFWCzwbU?feature=oembed\" frameborder=\"0\" allow=\"accelerometer; autoplay; clipboard-write; encrypted-media; gyroscope; picture-in-picture; web-share\" referrerpolicy=\"strict-origin-when-cross-origin\" allowfullscreen><\/iframe><\/div>\n<p>&nbsp;<\/p>\n<p>Gennaro Ferrara guida la diretta con gli ospiti in studio Luis Badilla, direttore Il Sismografo, Don Toms Priedolins della Diocesi di Liepaja e il prof. Angelo Lameri della Pontificia Universit\u00e0 Lateranense.<\/p>\n<div class=\"fluid-embed-container\"><iframe title=\"VIAGGIO APOSTOLICO DEL PAPA NELLE REPUBBLICHE BALTICHE: 3\u00b0 giorno LETTONIA 24\/09\/2018 (Pomeriggio)\" width=\"640\" height=\"360\" src=\"https:\/\/www.youtube.com\/embed\/VotW2nuGw5Q?feature=oembed\" frameborder=\"0\" allow=\"accelerometer; autoplay; clipboard-write; encrypted-media; gyroscope; picture-in-picture; web-share\" referrerpolicy=\"strict-origin-when-cross-origin\" allowfullscreen><\/iframe><\/div>\n","protected":false},"excerpt":{"rendered":"Terzo giorno di viaggio del Papa nelle Repubbliche Baltiche. \u201cMostrati Madre per tutti\u201d \u00e8 il motto della visita del Papa in Lettonia che nel primo discorso\u00a0durante l\u2019incontro con le Autorit\u00e0 civili, la Societ\u00e0 civile e il Corpo Diplomatico ricorda le sofferenze del passato del paese, e sottolinea la capacit\u00e0 della Lettonia di trasformarle attraverso il [&hellip;]","protected":false},"author":6,"featured_media":7917,"comment_status":"open","ping_status":"open","sticky":false,"template":"","format":"standard","meta":{"_acf_changed":false,"footnotes":""},"categories":[131,145],"tags":[41,95],"class_list":["post-7916","post","type-post","status-publish","format-standard","has-post-thumbnail","hentry","category-puntate-dal-2017-al-2020","category-viaggi","tag-papafrancesco","tag-viaggipapa"],"acf":[],"aioseo_notices":[],"featured_image_url":"https:\/\/www.tv2000.it\/ildiariodipapafrancesco\/wp-content\/uploads\/sites\/20\/2018\/09\/papa-riga-1024x683.jpg","_links":{"self":[{"href":"https:\/\/www.tv2000.it\/ildiariodipapafrancesco\/wp-json\/wp\/v2\/posts\/7916","targetHints":{"allow":["GET"]}}],"collection":[{"href":"https:\/\/www.tv2000.it\/ildiariodipapafrancesco\/wp-json\/wp\/v2\/posts"}],"about":[{"href":"https:\/\/www.tv2000.it\/ildiariodipapafrancesco\/wp-json\/wp\/v2\/types\/post"}],"author":[{"embeddable":true,"href":"https:\/\/www.tv2000.it\/ildiariodipapafrancesco\/wp-json\/wp\/v2\/users\/6"}],"replies":[{"embeddable":true,"href":"https:\/\/www.tv2000.it\/ildiariodipapafrancesco\/wp-json\/wp\/v2\/comments?post=7916"}],"version-history":[{"count":5,"href":"https:\/\/www.tv2000.it\/ildiariodipapafrancesco\/wp-json\/wp\/v2\/posts\/7916\/revisions"}],"predecessor-version":[{"id":7924,"href":"https:\/\/www.tv2000.it\/ildiariodipapafrancesco\/wp-json\/wp\/v2\/posts\/7916\/revisions\/7924"}],"wp:featuredmedia":[{"embeddable":true,"href":"https:\/\/www.tv2000.it\/ildiariodipapafrancesco\/wp-json\/wp\/v2\/media\/7917"}],"wp:attachment":[{"href":"https:\/\/www.tv2000.it\/ildiariodipapafrancesco\/wp-json\/wp\/v2\/media?parent=7916"}],"wp:term":[{"taxonomy":"category","embeddable":true,"href":"https:\/\/www.tv2000.it\/ildiariodipapafrancesco\/wp-json\/wp\/v2\/categories?post=7916"},{"taxonomy":"post_tag","embeddable":true,"href":"https:\/\/www.tv2000.it\/ildiariodipapafrancesco\/wp-json\/wp\/v2\/tags?post=7916"}],"curies":[{"name":"wp","href":"https:\/\/api.w.org\/{rel}","templated":true}]}}